{"id":19717,"date":"2012-06-11T06:02:29","date_gmt":"2012-06-11T05:02:29","guid":{"rendered":"http:\/\/www.manquepierda.com\/historiarealbetis\/?p=19717"},"modified":"2024-09-01T11:43:45","modified_gmt":"2024-09-01T09:43:45","slug":"alineacion-betis-burgos-liga-1969","status":"publish","type":"post","link":"https:\/\/www.manquepierda.com\/historiarealbetis\/alineacion-betis-burgos-liga-1969\/","title":{"rendered":"Alineaci\u00f3n Betis-Burgos Liga 1969"},"content":{"rendered":"<p><a href=\"https:\/\/i0.wp.com\/www.manquepierda.com\/historiarealbetis\/files\/2012\/06\/Junio-11-Alineaci%C3%B3n-Betis-Burgos-Liga-1969.jpg?ssl=1\"><img data-recalc-dims=\"1\" loading=\"lazy\" decoding=\"async\" class=\"aligncenter size-full wp-image-19718\" src=\"https:\/\/i0.wp.com\/www.manquepierda.com\/historiarealbetis\/files\/2012\/06\/Junio-11-Alineaci%C3%B3n-Betis-Burgos-Liga-1969.jpg?resize=644%2C460&#038;ssl=1\" alt=\"\" width=\"644\" height=\"460\" srcset=\"https:\/\/i0.wp.com\/www.manquepierda.com\/historiarealbetis\/files\/2012\/06\/Junio-11-Alineaci%C3%B3n-Betis-Burgos-Liga-1969.jpg?w=644&amp;ssl=1 644w, https:\/\/i0.wp.com\/www.manquepierda.com\/historiarealbetis\/files\/2012\/06\/Junio-11-Alineaci%C3%B3n-Betis-Burgos-Liga-1969.jpg?resize=300%2C214&amp;ssl=1 300w\" sizes=\"auto, (max-width: 644px) 100vw, 644px\" \/><\/a><\/p>\n<p>&nbsp;<\/p>\n<p>1 de Junio de 1969 en el Benito Villamar\u00edn\u00a0\u00a0 Betis 2 Burgos 2; jornada 37 del Campeonato de Liga de Segunda Divisi\u00f3n.<\/p>\n<p>&nbsp;<\/p>\n<p>En la imagen arriba: Villanova, Grau, Telech\u00eda, Mellado, Gonz\u00e1lez y Pach\u00f3n; abajo: Santi, Quinichi, Quino, Rogelio y Cristo.<\/p>\n<p>Los jugadores llevan brazaletes negros por el fallecimiento del padre del masajista Vicente Montiel<\/p>\n<p>Ultimo partido en casa de la temporada 1968-69. Una mala temporada para el Betis que no consigui\u00f3 el objetivo de la temporada: volver a Primera. En este partido Quino fue el autor de los dos tantos b\u00e9ticos.<\/p>\n<p>Santiago Tejera entrenaba al equipo despu\u00e9s de las destituciones de Sabino Barinaga y Fernando Daucick, mientras que Anselmo Elizga dirig\u00eda al Burgos.<\/p>\n","protected":false},"excerpt":{"rendered":"<p>&nbsp; 1 de Junio de 1969 en el Benito Villamar\u00edn\u00a0\u00a0 Betis 2 Burgos 2; jornada 37 del Campeonato de Liga de Segunda Divisi\u00f3n. &nbsp; En la imagen arriba: Villanova, Grau, Telech\u00eda, Mellado, Gonz\u00e1lez y Pach\u00f3n; abajo: Santi, Quinichi, Quino, Rogelio y Cristo. Los jugadores llevan brazaletes negros por el fallecimiento del padre del masajista Vicente&#8230;<\/p>\n","protected":false},"author":5,"featured_media":19718,"comment_status":"open","ping_status":"open","sticky":false,"template":"","format":"standard","meta":{"_kad_post_transparent":"","_kad_post_title":"","_kad_post_layout":"","_kad_post_sidebar_id":"","_kad_post_content_style":"","_kad_post_vertical_padding":"","_kad_post_feature":"","_kad_post_feature_position":"","_kad_post_header":false,"_kad_post_footer":false,"_kad_post_classname":"","_jetpack_memberships_contains_paid_content":false,"footnotes":"","jetpack_publicize_message":"","jetpack_publicize_feature_enabled":true,"jetpack_social_post_already_shared":false,"jetpack_social_options":{"image_generator_settings":{"template":"highway","default_image_id":0,"font":"","enabled":false},"version":2}},"categories":[902,1],"tags":[4202,4201,5081,1615,2086,5083,1621,1381,5082,1353,17792,1050,1040,1396,1434],"class_list":["post-19717","post","type-post","status-publish","format-standard","has-post-thumbnail","hentry","category-1960-1969","category-portada","tag-1968-69","tag-4201","tag-burgos-cf","tag-francisco-grau","tag-francisco-telechia","tag-joaquin-gomez-quinichi","tag-joaquin-sierra-quino","tag-jose-cristo","tag-jose-manuel-pachon","tag-jose-maria-mellado","tag-liga-segunda-1968-69","tag-manuel-villanova","tag-pepe-gonzalez","tag-rogelio-sosa","tag-santiago-guerrero-santi"],"jetpack_publicize_connections":[],"jetpack_featured_media_url":"https:\/\/i0.wp.com\/www.manquepierda.com\/historiarealbetis\/files\/2012\/06\/Junio-11-Alineaci%C3%B3n-Betis-Burgos-Liga-1969.jpg?fit=644%2C460&ssl=1","jetpack_sharing_enabled":true,"jetpack_shortlink":"https:\/\/wp.me\/p1ij08-581","jetpack-related-posts":[],"_links":{"self":[{"href":"https:\/\/www.manquepierda.com\/historiarealbetis\/wp-json\/wp\/v2\/posts\/19717","targetHints":{"allow":["GET"]}}],"collection":[{"href":"https:\/\/www.manquepierda.com\/historiarealbetis\/wp-json\/wp\/v2\/posts"}],"about":[{"href":"https:\/\/www.manquepierda.com\/historiarealbetis\/wp-json\/wp\/v2\/types\/post"}],"author":[{"embeddable":true,"href":"https:\/\/www.manquepierda.com\/historiarealbetis\/wp-json\/wp\/v2\/users\/5"}],"replies":[{"embeddable":true,"href":"https:\/\/www.manquepierda.com\/historiarealbetis\/wp-json\/wp\/v2\/comments?post=19717"}],"version-history":[{"count":1,"href":"https:\/\/www.manquepierda.com\/historiarealbetis\/wp-json\/wp\/v2\/posts\/19717\/revisions"}],"predecessor-version":[{"id":96154,"href":"https:\/\/www.manquepierda.com\/historiarealbetis\/wp-json\/wp\/v2\/posts\/19717\/revisions\/96154"}],"wp:featuredmedia":[{"embeddable":true,"href":"https:\/\/www.manquepierda.com\/historiarealbetis\/wp-json\/wp\/v2\/media\/19718"}],"wp:attachment":[{"href":"https:\/\/www.manquepierda.com\/historiarealbetis\/wp-json\/wp\/v2\/media?parent=19717"}],"wp:term":[{"taxonomy":"category","embeddable":true,"href":"https:\/\/www.manquepierda.com\/historiarealbetis\/wp-json\/wp\/v2\/categories?post=19717"},{"taxonomy":"post_tag","embeddable":true,"href":"https:\/\/www.manquepierda.com\/historiarealbetis\/wp-json\/wp\/v2\/tags?post=19717"}],"curies":[{"name":"wp","href":"https:\/\/api.w.org\/{rel}","templated":true}]}}