{"id":19835,"date":"2012-06-14T06:22:41","date_gmt":"2012-06-14T05:22:41","guid":{"rendered":"http:\/\/www.manquepierda.com\/historiarealbetis\/?p=19835"},"modified":"2016-12-29T23:08:03","modified_gmt":"2016-12-29T22:08:03","slug":"el-recuerdo-de-mister-o%c2%b4connell-1959","status":"publish","type":"post","link":"https:\/\/www.manquepierda.com\/historiarealbetis\/el-recuerdo-de-mister-o%c2%b4connell-1959\/","title":{"rendered":"El recuerdo de Mister O\u00b4Connell 1959"},"content":{"rendered":"<p><a href=\"https:\/\/i0.wp.com\/www.manquepierda.com\/historiarealbetis\/files\/2012\/06\/O%C2%B4Connell-Imagen-.jpg?ssl=1\"><img data-recalc-dims=\"1\" loading=\"lazy\" decoding=\"async\" class=\"alignleft size-full wp-image-19836\" src=\"https:\/\/i0.wp.com\/www.manquepierda.com\/historiarealbetis\/files\/2012\/06\/O%C2%B4Connell-Imagen-.jpg?resize=440%2C616&#038;ssl=1\" alt=\"\" width=\"440\" height=\"616\" srcset=\"https:\/\/i0.wp.com\/www.manquepierda.com\/historiarealbetis\/files\/2012\/06\/O%C2%B4Connell-Imagen-.jpg?w=440&amp;ssl=1 440w, https:\/\/i0.wp.com\/www.manquepierda.com\/historiarealbetis\/files\/2012\/06\/O%C2%B4Connell-Imagen-.jpg?resize=214%2C300&amp;ssl=1 214w\" sizes=\"auto, (max-width: 440px) 100vw, 440px\" \/><\/a><\/p>\n<p>&nbsp;<\/p>\n<p>&nbsp;<\/p>\n<p>Patrick O\u00b4Connell marcha de Sevilla a Londres en 1954.\u00a0 Cinco a\u00f1os despu\u00e9s, en Febrero de 1959, llega a Sevilla la triste noticia de su fallecimiento.<\/p>\n<p>&nbsp;<\/p>\n<p>El Betis disputaba al d\u00eda siguiente un amistoso en Heli\u00f3polis frente al Alav\u00e9s, \u00a0en el que los jugadores portaron brazalete negro en se\u00f1al de condolencia por una persona tan ligada al club verdiblanco.<\/p>\n<p>&nbsp;<\/p>\n<p>&nbsp;<\/p>\n<p>&nbsp;<\/p>\n<p>&nbsp;<\/p>\n<p>La prensa sevillana dedic\u00f3 al gran preparador irland\u00e9s algunos art\u00edculos, entre los que destaca una columna publicada en ABC y en la que se realiza una semblanza humana del personaje fallecido.<\/p>\n<p>&nbsp;<\/p>\n<p>&nbsp;<\/p>\n<p>&nbsp;<\/p>\n<p>&nbsp;<\/p>\n<figure id=\"attachment_19870\" aria-describedby=\"caption-attachment-19870\" style=\"width: 253px\" class=\"wp-caption aligncenter\"><a href=\"https:\/\/i0.wp.com\/www.manquepierda.com\/historiarealbetis\/files\/2012\/06\/O%C2%B4Connell-fallecimiento-ABC-26-02-1959.jpg?ssl=1\"><img data-recalc-dims=\"1\" loading=\"lazy\" decoding=\"async\" class=\"size-full wp-image-19870 \" src=\"https:\/\/i0.wp.com\/www.manquepierda.com\/historiarealbetis\/files\/2012\/06\/O%C2%B4Connell-fallecimiento-ABC-26-02-1959.jpg?resize=253%2C834&#038;ssl=1\" alt=\"\" width=\"253\" height=\"834\" srcset=\"https:\/\/i0.wp.com\/www.manquepierda.com\/historiarealbetis\/files\/2012\/06\/O%C2%B4Connell-fallecimiento-ABC-26-02-1959.jpg?w=253&amp;ssl=1 253w, https:\/\/i0.wp.com\/www.manquepierda.com\/historiarealbetis\/files\/2012\/06\/O%C2%B4Connell-fallecimiento-ABC-26-02-1959.jpg?resize=91%2C300&amp;ssl=1 91w\" sizes=\"auto, (max-width: 253px) 100vw, 253px\" \/><\/a><figcaption id=\"caption-attachment-19870\" class=\"wp-caption-text\">Fuente: ABC 26 de Febrero de 1959<\/figcaption><\/figure>\n<p>&nbsp;<\/p>\n<p>Pero entre todas las publicaciones que he encontrado\u00a0dedicadas al fallecimiento de Patrick O\u00b4Connell me ha llamado la atenci\u00f3n una que aparece en El Mundo Deportivo de Barcelona el 6 de Marzo de 1959, y en la que el ex jugador sevillista Pedro Eguiluz rememora al entrenador con el que coincidi\u00f3 3 temporadas en Nervi\u00f3n.<\/p>\n<p>Eguiluz fue jugador del Sevilla durante 9 a\u00f1os, al que lleg\u00f3 procedente del Recreativo de Huelva. Posteriormente jug\u00f3 una temporada en el Zaragoza,\u00a0 y despu\u00e9s pasar\u00eda a los banquillos en una larga carrera, en la que entren\u00f3 al Avil\u00e9s, Zaragoza, Xerez, Murcia, Tarrasa, Valladolid, Rayo Vallecano, Deportivo, Oviedo, Orense, Osasuna, Ja\u00e9n\u00a0 y Recreativo.<\/p>\n<p>&nbsp;<\/p>\n<p><strong>El recuerdo de Mister O\u00b4Connell<\/strong><\/p>\n<p>&nbsp;<\/p>\n<p><span style=\"color: #008000\"><em>Del buen amigo y competente entrenador, hoy en d\u00eda en las filas del CD Tarrasa, Pedro Eguiluz, hemos recibido unas cuartillas con la semblanza del recientemente fallecido Patrick O\u00b4Connell, entrenador que fue del Barcelona, Santander, Oviedo, Betis y Sevilla.<\/em><\/span><\/p>\n<p><span style=\"color: #008000\"><em>Eguiluz fue disc\u00edpulo de O\u00b4Connell cuando jugaba en el Sevilla y aprendi\u00f3 mucho de \u00e9l. Ha seguido sus pasos cuando decidi\u00f3 prologar su carrera deportiva como entrenador, y como buen espa\u00f1ol, hombre agradecido, ahora recuerda emocionada y cari\u00f1osamente al irland\u00e9s que fue su maestro y un magn\u00edfico entrenador.<\/em><\/span><\/p>\n<p><span style=\"color: #008000\"><em>\u00a0<\/em><\/span><\/p>\n<p><span style=\"color: #008000\"><em>Dicen as\u00ed las muy interesantes cuartillas de Pedro Eguiluz: \u201cLos diarios han dado la noticia del fallecimiento en Londres de Mr. Patricio O\u00b4Connell, ex entrenador de los equipos espa\u00f1oles Barcelona, Santander, Oviedo, Betis y Sevilla. No s\u00e9 lo que la noticia en s\u00ed har\u00e1 recordar a los aficionados de estas ciudades, pero para los que con \u00e9l convivimos bajo sus \u00f3rdenes, yo estuve tres a\u00f1os, la noticia no ha podido por menos que causarnos hondo pesar, porque \u201cEl M\u00edster\u201d era querido por todos ya que era un gran maestro y un amable consejero.<\/em><\/span><\/p>\n<p><span style=\"color: #008000\"><em>El fue, con casi sus 30 a\u00f1os de permanencia en Espa\u00f1a, qui\u00e9n m\u00e1s contribuy\u00f3 a que a los entrenadores espa\u00f1oles se nos d\u00e9 ese nombre de \u201cm\u00edster\u201d generalizado a los de nuestra profesi\u00f3n.<\/em><\/span><\/p>\n<p><span style=\"color: #008000\"><em>Adem\u00e1s, \u201cEl M\u00edster\u201d era de los que ense\u00f1aban caballerosidad, psicolog\u00eda y t\u00e9cnica, una de sus grandes preocupaciones para los jugadores. Yo recuerdo y hago uso de cosas con \u00e9l ocurridas y que hablan de sus dotes y de que sus ense\u00f1anzas perduran. Procurar\u00e9 relatarle algunas.<\/em><\/span><\/p>\n<p><span style=\"color: #008000\"><em>Vivi\u00f3 en varias ciudades espa\u00f1olas, pero sin duda la que m\u00e1s hab\u00eda calado en \u00e9l fue Sevilla. Prueba de ello es que, a\u00fan retirado de los entrenamientos, all\u00ed ten\u00eda su casita, en el Barrio del Porvenir, frente al precioso Parque de Mar\u00eda Luisa. El, acostumbrado a las lluvias de su pa\u00eds, supo escoger para vivir un lugar de los m\u00e1s bonitos de Espa\u00f1a.<\/em><\/span><\/p>\n<p><span style=\"color: #008000\"><em>\u00a0<\/em><\/span><\/p>\n<p><span style=\"color: #008000\"><em>Y el equipo de sus mayores triunfos, y el que m\u00e1s quer\u00eda, era el Betis. Entre sus directivos y partidarios ten\u00eda sus mejores amigos. Cuando \u00e9l viajaba, quedaba su menuda y simp\u00e1tica esposa en la pensi\u00f3n de las hermanas Conde, tan b\u00e9ticas que hasta las camas estaban pintadas de color verde. All\u00ed paraban los jugadores b\u00e9ticos, entre ellos Besc\u00f3s, Pardo y G\u00f3mez, avecinados ahora en Barcelona, y all\u00ed ten\u00eda \u00e9l su segunda casa.\u00a0<\/em><\/span><\/p>\n<p><span style=\"color: #008000\"><em>\u00a0<\/em><\/span><\/p>\n<p><span style=\"color: #008000\"><em>Su tertulia diaria la ten\u00eda en la Tertulia B\u00e9tica de la calle Vel\u00e1zquez, a la que no faltaba nunca. Y, por cierto, que esta amistad pudo costarle un disgusto, pues siendo entrenador del Sevilla hubo un directivo \u201cforofo\u201d que le afe\u00f3 el que \u201csi\u00e9ndolo siguiese acudiendo a la citada Tertulia\u201d. El M\u00edster no se inmut\u00f3 y contest\u00f3 al citado directivo que el horario de su trabajo era para el Sevilla que le pagaba, pero que sus horas de expansi\u00f3n eran para sus amigos los b\u00e9ticos. No reneg\u00f3 de sus amigos aunque militara en el club eterno rival.<\/em><\/span><\/p>\n<p><span style=\"color: #008000\"><em>\u00a0<\/em><\/span><\/p>\n<p><span style=\"color: #008000\"><em>El a\u00f1o 1943 hac\u00eda yo el Servicio Militar en Ceuta y consegu\u00ed permiso para pasar un mes en mi casa de Madrid. En aquellas fechas le tocaba al Sevilla visitar al Atl\u00e9tico de Bilbao y yo, que hac\u00eda seis meses que vest\u00eda de \u201cregular\u201d, recib\u00ed notificaci\u00f3n de que me sacase un billete para Bilbao, porque iba a jugar all\u00ed mi primer partido como medio izquierdo. Estaban lesionados Campanal, F\u00e9lix y Mateo y el club no dispon\u00eda de sustitutos apenas. Vencimos por uno a cero.<\/em><\/span><\/p>\n<p><span style=\"color: #008000\"><em>Al domingo siguiente recibimos al Valencia de la c\u00e9lebre \u201cdelantera el\u00e9ctrica\u201d, y celebr\u00e1ndose el D\u00eda del Club. El M\u00edster dej\u00f3 el mismo equipo a pesar de que ya pod\u00edan jugar los tres lesionados, aut\u00e9nticas figuras del club. Perdimos por dos a cero. Y cuando se quisieron meter con \u00e9l, por no haber alineado a los citados jugadores, contest\u00f3 que \u201csi los que hoy hab\u00edan jugado fueron capaces de vencer en San Mam\u00e9s tambi\u00e9n eran buenos para vencer al Valencia en casa\u201d. Y acall\u00f3 as\u00ed las protestas.<\/em><\/span><\/p>\n<p><span style=\"color: #008000\"><em>\u00a0<\/em><\/span><\/p>\n<p><span style=\"color: #008000\"><em>El ten\u00eda una gran preocupaci\u00f3n porque mejor\u00e1semos nuestra t\u00e9cnica individual y a tal efecto nos hac\u00eda muchos juegos con bal\u00f3n. Utilizando medio campo a lo ancho, jug\u00e1bamos siete contra siete, o m\u00e1s \u00f3 menos seg\u00fan los jugadores que entren\u00e1semos. Yo lo hac\u00eda con \u00e9l los a\u00f1os 43, 44 y 45, y luego en el 53 he le\u00eddo que un entrenador espa\u00f1ol hab\u00eda \u201cinventado\u201d el f\u00fatbol a siete.<\/em><\/span><\/p>\n<p><span style=\"color: #008000\"><em>\u00a0<\/em><\/span><\/p>\n<p><span style=\"color: #008000\"><em>Dec\u00eda que quien pasa el bal\u00f3n no es el que lo lleva, sino el que lo pide desmarc\u00e1ndose. Si los delanteros no dan facilidades para recibir el bal\u00f3n, el medio casi siempre lo pasar\u00e1 mal y aparecer\u00e1 como culpable. Para corregir esto nos hac\u00eda unos ejercicios de dos contra dos, o tres contra tres, en un campo reducido, pero a\u00f1adiendo uno que iba con los que llevaban el bal\u00f3n a fin de ser uno m\u00e1s en el bando que llevaba ventaja y obligar a los otros a moverse y a marcar bien. Esto lo practico yo mucho con mis jugadores y me va muy bien.<\/em><\/span><\/p>\n<p><em><span style=\"color: #008000\">En f\u00edn, del M\u00edster, de sus an\u00e9cdotas, de sus ense\u00f1anzas, de sus cosas, se podr\u00eda escribir un libro y no es esa mi intenci\u00f3n. Yo s\u00f3lo quer\u00eda recordarle con el cari\u00f1o a que \u00e9l se hizo merecedor. Y al mismo tiempo que rogar una oraci\u00f3n por \u00e9l, pedir a Dios que le conceda eterno descanso y la Paz\u201d. \u00a0<\/span>\u00a0\u00a0\u00a0\u00a0<\/em><\/p>\n<p><em>\u00a0\u00a0\u00a0<\/em><\/p>\n<p>Fuente: El Mundo Deportivo 6 de Marzo de 1959<\/p>\n<p>&nbsp;<\/p>\n","protected":false},"excerpt":{"rendered":"<p>&nbsp; &nbsp; Patrick O\u00b4Connell marcha de Sevilla a Londres en 1954.\u00a0 Cinco a\u00f1os despu\u00e9s, en Febrero de 1959, llega a Sevilla la triste noticia de su fallecimiento. &nbsp; El Betis disputaba al d\u00eda siguiente un amistoso en Heli\u00f3polis frente al Alav\u00e9s, \u00a0en el que los jugadores portaron brazalete negro en se\u00f1al de condolencia por una&#8230;<\/p>\n","protected":false},"author":5,"featured_media":19836,"comment_status":"open","ping_status":"open","sticky":false,"template":"","format":"standard","meta":{"_kad_post_transparent":"","_kad_post_title":"","_kad_post_layout":"","_kad_post_sidebar_id":"","_kad_post_content_style":"","_kad_post_vertical_padding":"","_kad_post_feature":"","_kad_post_feature_position":"","_kad_post_header":false,"_kad_post_footer":false,"_kad_post_classname":"","_jetpack_memberships_contains_paid_content":false,"footnotes":"","jetpack_publicize_message":"","jetpack_publicize_feature_enabled":true,"jetpack_social_post_already_shared":false,"jetpack_social_options":{"image_generator_settings":{"template":"highway","default_image_id":0,"font":"","enabled":false},"version":2}},"categories":[901,892,1],"tags":[2248,1538,642,5121],"class_list":["post-19835","post","type-post","status-publish","format-standard","has-post-thumbnail","hentry","category-1950-1959","category-entrenadores-temas","category-portada","tag-1958-59","tag-1538","tag-patrick-oconnell","tag-pedro-eguiluz"],"jetpack_publicize_connections":[],"jetpack_featured_media_url":"https:\/\/i0.wp.com\/www.manquepierda.com\/historiarealbetis\/files\/2012\/06\/O%C2%B4Connell-Imagen-.jpg?fit=440%2C616&ssl=1","jetpack_sharing_enabled":true,"jetpack_shortlink":"https:\/\/wp.me\/p1ij08-59V","jetpack-related-posts":[],"_links":{"self":[{"href":"https:\/\/www.manquepierda.com\/historiarealbetis\/wp-json\/wp\/v2\/posts\/19835","targetHints":{"allow":["GET"]}}],"collection":[{"href":"https:\/\/www.manquepierda.com\/historiarealbetis\/wp-json\/wp\/v2\/posts"}],"about":[{"href":"https:\/\/www.manquepierda.com\/historiarealbetis\/wp-json\/wp\/v2\/types\/post"}],"author":[{"embeddable":true,"href":"https:\/\/www.manquepierda.com\/historiarealbetis\/wp-json\/wp\/v2\/users\/5"}],"replies":[{"embeddable":true,"href":"https:\/\/www.manquepierda.com\/historiarealbetis\/wp-json\/wp\/v2\/comments?post=19835"}],"version-history":[{"count":0,"href":"https:\/\/www.manquepierda.com\/historiarealbetis\/wp-json\/wp\/v2\/posts\/19835\/revisions"}],"wp:featuredmedia":[{"embeddable":true,"href":"https:\/\/www.manquepierda.com\/historiarealbetis\/wp-json\/wp\/v2\/media\/19836"}],"wp:attachment":[{"href":"https:\/\/www.manquepierda.com\/historiarealbetis\/wp-json\/wp\/v2\/media?parent=19835"}],"wp:term":[{"taxonomy":"category","embeddable":true,"href":"https:\/\/www.manquepierda.com\/historiarealbetis\/wp-json\/wp\/v2\/categories?post=19835"},{"taxonomy":"post_tag","embeddable":true,"href":"https:\/\/www.manquepierda.com\/historiarealbetis\/wp-json\/wp\/v2\/tags?post=19835"}],"curies":[{"name":"wp","href":"https:\/\/api.w.org\/{rel}","templated":true}]}}