{"id":19924,"date":"2012-06-18T06:00:26","date_gmt":"2012-06-18T05:00:26","guid":{"rendered":"http:\/\/www.manquepierda.com\/historiarealbetis\/?p=19924"},"modified":"2024-08-26T07:56:25","modified_gmt":"2024-08-26T05:56:25","slug":"alineacion-betis-celta-liga-1995","status":"publish","type":"post","link":"https:\/\/www.manquepierda.com\/historiarealbetis\/alineacion-betis-celta-liga-1995\/","title":{"rendered":"Alineaci\u00f3n Betis-Celta Liga 1995"},"content":{"rendered":"<p>&nbsp;<\/p>\n<p><a href=\"https:\/\/i0.wp.com\/www.manquepierda.com\/historiarealbetis\/files\/2012\/06\/Junio-18-Alineaci%C3%B3n-Betis-Celta-Liga-1995.jpg?ssl=1\"><img data-recalc-dims=\"1\" loading=\"lazy\" decoding=\"async\" class=\"aligncenter size-full wp-image-19925\" src=\"https:\/\/i0.wp.com\/www.manquepierda.com\/historiarealbetis\/files\/2012\/06\/Junio-18-Alineaci%C3%B3n-Betis-Celta-Liga-1995.jpg?resize=663%2C463&#038;ssl=1\" alt=\"\" width=\"663\" height=\"463\" srcset=\"https:\/\/i0.wp.com\/www.manquepierda.com\/historiarealbetis\/files\/2012\/06\/Junio-18-Alineaci%C3%B3n-Betis-Celta-Liga-1995.jpg?w=663&amp;ssl=1 663w, https:\/\/i0.wp.com\/www.manquepierda.com\/historiarealbetis\/files\/2012\/06\/Junio-18-Alineaci%C3%B3n-Betis-Celta-Liga-1995.jpg?resize=300%2C209&amp;ssl=1 300w\" sizes=\"auto, (max-width: 663px) 100vw, 663px\" \/><\/a><\/p>\n<p>&nbsp;<\/p>\n<p>4 de Junio de 1995 en el Benito Villamar\u00edn\u00a0 Betis 1\u00a0\u00a0 Celta 1; jornada 36 del Campeonato de Liga de Primera Divisi\u00f3n.<\/p>\n<p>En la imagen arriba: Jaro, Vidakovic, M\u00e1rquez, Alexis, Stosic y R\u00edos; abajo: Josete, Aquino, Cu\u00e9llar, Men\u00e9ndez y Jaime.<\/p>\n<p>M\u00e1rquez fue el autor del tanto b\u00e9tico.<\/p>\n","protected":false},"excerpt":{"rendered":"<p>&nbsp; &nbsp; 4 de Junio de 1995 en el Benito Villamar\u00edn\u00a0 Betis 1\u00a0\u00a0 Celta 1; jornada 36 del Campeonato de Liga de Primera Divisi\u00f3n. En la imagen arriba: Jaro, Vidakovic, M\u00e1rquez, Alexis, Stosic y R\u00edos; abajo: Josete, Aquino, Cu\u00e9llar, Men\u00e9ndez y Jaime. M\u00e1rquez fue el autor del tanto b\u00e9tico.<\/p>\n","protected":false},"author":5,"featured_media":19925,"comment_status":"open","ping_status":"open","sticky":false,"template":"","format":"standard","meta":{"_kad_post_transparent":"","_kad_post_title":"","_kad_post_layout":"","_kad_post_sidebar_id":"","_kad_post_content_style":"","_kad_post_vertical_padding":"","_kad_post_feature":"","_kad_post_feature_position":"","_kad_post_header":false,"_kad_post_footer":false,"_kad_post_classname":"","_jetpack_memberships_contains_paid_content":false,"footnotes":"","jetpack_publicize_message":"","jetpack_publicize_feature_enabled":true,"jetpack_social_post_already_shared":false,"jetpack_social_options":{"image_generator_settings":{"template":"highway","default_image_id":0,"font":"","enabled":false},"version":2}},"categories":[905,1],"tags":[2460,2459,1328,1309,1052,1332,1402,1054,17863,1369,2461,13018,16845,2289,2462],"class_list":["post-19924","post","type-post","status-publish","format-standard","has-post-thumbnail","hentry","category-1990-1999","category-portada","tag-1994-95","tag-2459","tag-alexis-trujillo","tag-angel-cuellar","tag-daniel-toribio-aquino","tag-jaime-quesada","tag-jose-maria-menendez","tag-jose-tomas-josete","tag-liga-primera-1994-95","tag-luis-marquez","tag-pedro-jaro","tag-real-club-celta-de-vigo","tag-risto-vidakovic","tag-roberto-rios","tag-vlada-stosic"],"jetpack_publicize_connections":[],"jetpack_featured_media_url":"https:\/\/i0.wp.com\/www.manquepierda.com\/historiarealbetis\/files\/2012\/06\/Junio-18-Alineaci%C3%B3n-Betis-Celta-Liga-1995.jpg?fit=663%2C463&ssl=1","jetpack_sharing_enabled":true,"jetpack_shortlink":"https:\/\/wp.me\/p1ij08-5bm","jetpack-related-posts":[],"_links":{"self":[{"href":"https:\/\/www.manquepierda.com\/historiarealbetis\/wp-json\/wp\/v2\/posts\/19924","targetHints":{"allow":["GET"]}}],"collection":[{"href":"https:\/\/www.manquepierda.com\/historiarealbetis\/wp-json\/wp\/v2\/posts"}],"about":[{"href":"https:\/\/www.manquepierda.com\/historiarealbetis\/wp-json\/wp\/v2\/types\/post"}],"author":[{"embeddable":true,"href":"https:\/\/www.manquepierda.com\/historiarealbetis\/wp-json\/wp\/v2\/users\/5"}],"replies":[{"embeddable":true,"href":"https:\/\/www.manquepierda.com\/historiarealbetis\/wp-json\/wp\/v2\/comments?post=19924"}],"version-history":[{"count":1,"href":"https:\/\/www.manquepierda.com\/historiarealbetis\/wp-json\/wp\/v2\/posts\/19924\/revisions"}],"predecessor-version":[{"id":96373,"href":"https:\/\/www.manquepierda.com\/historiarealbetis\/wp-json\/wp\/v2\/posts\/19924\/revisions\/96373"}],"wp:featuredmedia":[{"embeddable":true,"href":"https:\/\/www.manquepierda.com\/historiarealbetis\/wp-json\/wp\/v2\/media\/19925"}],"wp:attachment":[{"href":"https:\/\/www.manquepierda.com\/historiarealbetis\/wp-json\/wp\/v2\/media?parent=19924"}],"wp:term":[{"taxonomy":"category","embeddable":true,"href":"https:\/\/www.manquepierda.com\/historiarealbetis\/wp-json\/wp\/v2\/categories?post=19924"},{"taxonomy":"post_tag","embeddable":true,"href":"https:\/\/www.manquepierda.com\/historiarealbetis\/wp-json\/wp\/v2\/tags?post=19924"}],"curies":[{"name":"wp","href":"https:\/\/api.w.org\/{rel}","templated":true}]}}