{"id":19933,"date":"2012-06-20T06:09:11","date_gmt":"2012-06-20T05:09:11","guid":{"rendered":"http:\/\/www.manquepierda.com\/historiarealbetis\/?p=19933"},"modified":"2024-08-19T10:13:00","modified_gmt":"2024-08-19T08:13:00","slug":"betis-barcelona-copa-1933","status":"publish","type":"post","link":"https:\/\/www.manquepierda.com\/historiarealbetis\/betis-barcelona-copa-1933\/","title":{"rendered":"Betis-Barcelona Copa 1933"},"content":{"rendered":"<figure id=\"attachment_19934\" aria-describedby=\"caption-attachment-19934\" style=\"width: 574px\" class=\"wp-caption aligncenter\"><a href=\"https:\/\/i0.wp.com\/www.manquepierda.com\/historiarealbetis\/files\/2012\/06\/Junio-20-1933-04-19-Betis-Barcelona-Copa.jpg?ssl=1\"><img data-recalc-dims=\"1\" loading=\"lazy\" decoding=\"async\" class=\" wp-image-19934 \" title=\"Junio-20 1933-04-19 Betis-Barcelona- Copa\" src=\"https:\/\/i0.wp.com\/www.manquepierda.com\/historiarealbetis\/files\/2012\/06\/Junio-20-1933-04-19-Betis-Barcelona-Copa.jpg?resize=574%2C322&#038;ssl=1\" alt=\"\" width=\"574\" height=\"322\" srcset=\"https:\/\/i0.wp.com\/www.manquepierda.com\/historiarealbetis\/files\/2012\/06\/Junio-20-1933-04-19-Betis-Barcelona-Copa.jpg?resize=1024%2C575&amp;ssl=1 1024w, https:\/\/i0.wp.com\/www.manquepierda.com\/historiarealbetis\/files\/2012\/06\/Junio-20-1933-04-19-Betis-Barcelona-Copa.jpg?resize=300%2C168&amp;ssl=1 300w, https:\/\/i0.wp.com\/www.manquepierda.com\/historiarealbetis\/files\/2012\/06\/Junio-20-1933-04-19-Betis-Barcelona-Copa.jpg?w=1104&amp;ssl=1 1104w\" sizes=\"auto, (max-width: 574px) 100vw, 574px\" \/><\/a><figcaption id=\"caption-attachment-19934\" class=\"wp-caption-text\">Fuente: Mundo Gr\u00e1fico 19 de Abril de 1933<\/figcaption><\/figure>\n<p>16 de Abril de 1933 en el Patronato\u00a0\u00a0 Betis 4 Barcelona 0; partido de vuelta de los dieciseisavos de final de la Copa.<\/p>\n<p>&nbsp;<\/p>\n<p>Una semana despu\u00e9s de perder 2-0 en Las Corts el Betis remont\u00f3 espectacularmente la eliminatoria con un gol de Garc\u00eda de la Puerta, otro de Timimi y 2 de Capillas.<\/p>\n","protected":false},"excerpt":{"rendered":"<p>16 de Abril de 1933 en el Patronato\u00a0\u00a0 Betis 4 Barcelona 0; partido de vuelta de los dieciseisavos de final de la Copa. &nbsp; Una semana despu\u00e9s de perder 2-0 en Las Corts el Betis remont\u00f3 espectacularmente la eliminatoria con un gol de Garc\u00eda de la Puerta, otro de Timimi y 2 de Capillas.<\/p>\n","protected":false},"author":5,"featured_media":19934,"comment_status":"open","ping_status":"open","sticky":false,"template":"","format":"standard","meta":{"_kad_post_transparent":"","_kad_post_title":"","_kad_post_layout":"","_kad_post_sidebar_id":"","_kad_post_content_style":"","_kad_post_vertical_padding":"","_kad_post_feature":"","_kad_post_feature_position":"","_kad_post_header":false,"_kad_post_footer":false,"_kad_post_classname":"","_jetpack_memberships_contains_paid_content":false,"footnotes":"","jetpack_publicize_message":"","jetpack_publicize_feature_enabled":true,"jetpack_social_post_already_shared":false,"jetpack_social_options":{"image_generator_settings":{"template":"highway","default_image_id":0,"font":"","enabled":false},"version":2}},"categories":[899,1],"tags":[2575,1537,18059,1154],"class_list":["post-19933","post","type-post","status-publish","format-standard","has-post-thumbnail","hentry","category-1930-1939","category-portada","tag-1932-33","tag-1537","tag-copa-1932-33","tag-fc-barcelona"],"jetpack_publicize_connections":[],"jetpack_featured_media_url":"https:\/\/i0.wp.com\/www.manquepierda.com\/historiarealbetis\/files\/2012\/06\/Junio-20-1933-04-19-Betis-Barcelona-Copa.jpg?fit=1104%2C620&ssl=1","jetpack_sharing_enabled":true,"jetpack_shortlink":"https:\/\/wp.me\/p1ij08-5bv","jetpack-related-posts":[],"_links":{"self":[{"href":"https:\/\/www.manquepierda.com\/historiarealbetis\/wp-json\/wp\/v2\/posts\/19933","targetHints":{"allow":["GET"]}}],"collection":[{"href":"https:\/\/www.manquepierda.com\/historiarealbetis\/wp-json\/wp\/v2\/posts"}],"about":[{"href":"https:\/\/www.manquepierda.com\/historiarealbetis\/wp-json\/wp\/v2\/types\/post"}],"author":[{"embeddable":true,"href":"https:\/\/www.manquepierda.com\/historiarealbetis\/wp-json\/wp\/v2\/users\/5"}],"replies":[{"embeddable":true,"href":"https:\/\/www.manquepierda.com\/historiarealbetis\/wp-json\/wp\/v2\/comments?post=19933"}],"version-history":[{"count":1,"href":"https:\/\/www.manquepierda.com\/historiarealbetis\/wp-json\/wp\/v2\/posts\/19933\/revisions"}],"predecessor-version":[{"id":97156,"href":"https:\/\/www.manquepierda.com\/historiarealbetis\/wp-json\/wp\/v2\/posts\/19933\/revisions\/97156"}],"wp:featuredmedia":[{"embeddable":true,"href":"https:\/\/www.manquepierda.com\/historiarealbetis\/wp-json\/wp\/v2\/media\/19934"}],"wp:attachment":[{"href":"https:\/\/www.manquepierda.com\/historiarealbetis\/wp-json\/wp\/v2\/media?parent=19933"}],"wp:term":[{"taxonomy":"category","embeddable":true,"href":"https:\/\/www.manquepierda.com\/historiarealbetis\/wp-json\/wp\/v2\/categories?post=19933"},{"taxonomy":"post_tag","embeddable":true,"href":"https:\/\/www.manquepierda.com\/historiarealbetis\/wp-json\/wp\/v2\/tags?post=19933"}],"curies":[{"name":"wp","href":"https:\/\/api.w.org\/{rel}","templated":true}]}}