{"id":19983,"date":"2012-06-19T06:19:37","date_gmt":"2012-06-19T05:19:37","guid":{"rendered":"http:\/\/www.manquepierda.com\/historiarealbetis\/?p=19983"},"modified":"2024-09-07T08:29:47","modified_gmt":"2024-09-07T06:29:47","slug":"entrevista-ezequiel-1969","status":"publish","type":"post","link":"https:\/\/www.manquepierda.com\/historiarealbetis\/entrevista-ezequiel-1969\/","title":{"rendered":"Entrevista Ezequiel 1969"},"content":{"rendered":"<figure id=\"attachment_19984\" aria-describedby=\"caption-attachment-19984\" style=\"width: 159px\" class=\"wp-caption alignleft\"><a href=\"https:\/\/i0.wp.com\/www.manquepierda.com\/historiarealbetis\/files\/2012\/06\/1969-01-9-Imagen-Ezequiel.jpg?ssl=1\"><img data-recalc-dims=\"1\" loading=\"lazy\" decoding=\"async\" class=\"size-full wp-image-19984\" title=\"1969-01-9 Imagen Ezequiel\" src=\"https:\/\/i0.wp.com\/www.manquepierda.com\/historiarealbetis\/files\/2012\/06\/1969-01-9-Imagen-Ezequiel.jpg?resize=159%2C587&#038;ssl=1\" alt=\"\" width=\"159\" height=\"587\" srcset=\"https:\/\/i0.wp.com\/www.manquepierda.com\/historiarealbetis\/files\/2012\/06\/1969-01-9-Imagen-Ezequiel.jpg?w=159&amp;ssl=1 159w, https:\/\/i0.wp.com\/www.manquepierda.com\/historiarealbetis\/files\/2012\/06\/1969-01-9-Imagen-Ezequiel.jpg?resize=81%2C300&amp;ssl=1 81w\" sizes=\"auto, (max-width: 159px) 100vw, 159px\" \/><\/a><figcaption id=\"caption-attachment-19984\" class=\"wp-caption-text\">Fuente: AS 9 de Enero de 1969<\/figcaption><\/figure>\n<p>El pasado s\u00e1bado falleci\u00f3 en Huelva Antonio Ezequiel Manaute Pinto, jugador del Real Betis Balompi\u00e9 durante 4 temporadas.<\/p>\n<p>Con este motivo recuperamos esta entrevista que apareci\u00f3 en AS el 9 de Enero de 1969, realizada por el corresponsal de este medio en Sevilla Justo Andr\u00e9s.<\/p>\n<p>&nbsp;<\/p>\n<p>&nbsp;<\/p>\n<p>&nbsp;<\/p>\n<p><span style=\"color: #008000\"><em>Cuando Antonio Ezequiel Manaute Pinto ten\u00eda diecinueve a\u00f1os, y acababa de dar el salto desde el juvenil al Cartaya, el Betis lo enrol\u00f3 en sus filas, porque en su ojeo por los jugadores de la regi\u00f3n, ten\u00eda una nota de futuro gran jugador en el espigado defensa onubense.<\/em><\/span><\/p>\n<p><span style=\"color: #008000\"><em>Ezequiel naci\u00f3 en Huelva. Con diecinueve a\u00f1os ya estaba fichado por el Betis, que lo cedi\u00f3 a la Ponferradina. Nueva cesi\u00f3n, ahora por doa a\u00f1os, al conjunto extreme\u00f1o del Don Benito, y al cabo de cuatro largas temporadas de formaci\u00f3n fue reclamado para completar sus enese\u00f1anzas en el filial, el Triana Balompi\u00e9.<\/em><\/span><\/p>\n<p><span style=\"color: #008000\"><em> De esta \u00faltima etapa nos habla el joven jugador:<\/em><\/span><\/p>\n<p><span style=\"color: #008000\"><em>&#8211; Fue un buen a\u00f1o. Jugaba todos los d\u00edas pensando en que los t\u00e9cnicos me dieran al fin una oportunidad. Normalmente me alineaba de medio de cierre, pero tambi\u00e9n lo hac\u00eda de defensa central y hasta de lateral.<\/em><\/span><\/p>\n<p><span style=\"color: #008000\"><em>&#8211; \u00bfSaltaste pronto al primer equipo del Betis?<\/em><\/span><\/p>\n<p><span style=\"color: #008000\"><em>&#8211; Bueno, pronto no. Al iniciarse la temporada pasada entrenaba con el primer equipo y cuando se hizo cargo Pepe Valera me dijo que tendr\u00eda mi oportunidad, que lleg\u00f3 al fin. Debut\u00e9 en Primera Divisi\u00f3n, y en el Betis, jugando contra el Madrid en el Bernab\u00e9u, y aunque perdimos, parece que no se di\u00f3 mal el partido. Jugu\u00e9 de medio de cierre y puedo decir que no se me olvidar\u00e1 jam\u00e1s, por la circunstancia de ser en Madrid y contra el Real.<\/em><\/span><\/p>\n<p><span style=\"color: #008000\"><em> &#8211; \u00bfHas seguido jugando de medio?<\/em><\/span><\/p>\n<p><span style=\"color: #008000\"><em>&#8211; No. Despu\u00e9s lleg\u00f3 Barinaga, y reestructur\u00f3 el equipo, aline\u00e1ndome de defensa lateral derecho. <\/em><\/span><\/p>\n<p><span style=\"color: #008000\"><em>&#8211; \u00bfEs \u00e9ste tu puesto preferido?<\/em><\/span><\/p>\n<p><span style=\"color: #008000\"><em>&#8211; En realidad cualquiera de la defensa o de la media, porque creo que soy jugador de caracter\u00edsticas defensivas. Lo que pasa es que se lleva uno actuando de lateral durante una larga etapa y se adapta al lugar, y luego cuando tiene que hacerlo en otro lugar de la defensa, al principio se anda desorientado.<\/em><\/span><\/p>\n<p><span style=\"color: #008000\"><em>&#8211; Seg\u00fan parece, Daucick te alinear\u00e1 en adelante de defensa central o de medio de cierre&#8230;<\/em><\/span><\/p>\n<p><span style=\"color: #008000\"><em>&#8211; Es lo mismo. Lo importante es jugar, que cuenten con uno. Cuesta trabajo llegar al primer equipo y lo que importa es mantenerse en \u00e9l sea en el puesto que sea. Para m\u00ed es una satisfacci\u00f3n incluso que me consideren un comod\u00edn de la defensa.<\/em><\/span><\/p>\n<p><span style=\"color: #008000\"><em>&#8211; \u00bfRazonar\u00e1 el Betis sus aspiraciones de ascenso?<\/em><\/span><\/p>\n<p><span style=\"color: #008000\"><em>&#8211; El Betis subir\u00e1 este a\u00f1o. No puede dudarse, porque tiene un gran conjunto, lo que pasa es que no acaban de salir las cosas bien, ya que calidad tienen el equipo. Ya ver\u00e1 como la segunda vuelta va a ser distinta, porque nos estamos preparando para hacer el esfuerzo grande en la \u00faltima parte del torneo.<\/em><em>\u00a0<\/em><\/span><\/p>\n<p><span style=\"color: #008000\"><em> &#8211; \u00bfEst\u00e1s contento en el Betis?<\/em><\/span><\/p>\n<p><span style=\"color: #008000\"><em>&#8211; Imag\u00ednese.\u00a0 Cuando jugaba en el Cartaya y me hablaron de fichar por el Betis, ni lo pens\u00e9 siquiera. Ah\u00ed es nada que se fijaran en m\u00ed, precisamente el equipo de mis preferencias de peque\u00f1o. Recibo buen trato en el club, se gana dinero y estoy rodeado de unos compa\u00f1eros que son unos fen\u00f3menos. Creo que no puede pedirse m\u00e1s.<\/em><\/span><\/p>\n<p><span style=\"color: #008000\"><em>As\u00ed se ha expresado este espigado muchacho. Parece un l\u00e1tigo cuando entra por el bal\u00f3n, que luego sabe templar la pelota y tiene indudable visi\u00f3n del juego desde la zona defensiva. A sus veinticuatro a\u00f1os, Ezequiel constituye una de las m\u00e1s firmes realidades del Betis. Ha llegado al primer equipo por sus propios pasos contados. Como debe ser.<\/em><\/span><\/p>\n<p>Fuente: Justo Andr\u00e9s en AS 9 de Enero de 1969<\/p>\n<p>&nbsp;<\/p>\n<figure id=\"attachment_19989\" aria-describedby=\"caption-attachment-19989\" style=\"width: 322px\" class=\"wp-caption aligncenter\"><a href=\"https:\/\/i0.wp.com\/www.manquepierda.com\/historiarealbetis\/files\/2012\/06\/Entrevista-Ezequiel-NMP-AS-14-11-1968.jpg?ssl=1\"><img data-recalc-dims=\"1\" loading=\"lazy\" decoding=\"async\" class=\"size-full wp-image-19989\" title=\"Entrevista Ezequiel (NMP) AS 14-11-1968\" src=\"https:\/\/i0.wp.com\/www.manquepierda.com\/historiarealbetis\/files\/2012\/06\/Entrevista-Ezequiel-NMP-AS-14-11-1968.jpg?resize=322%2C531&#038;ssl=1\" alt=\"\" width=\"322\" height=\"531\" \/><\/a><figcaption id=\"caption-attachment-19989\" class=\"wp-caption-text\">Fuente: AS 14 de Noviembre de 1968. Cinco jugadores b\u00e9ticos procedentes del Triana: Ant\u00f3n, Telech\u00eda, Ezequiel, Quino y Gonz\u00e1lez<\/figcaption><\/figure>\n<p>&nbsp;<\/p>\n<p>&nbsp;<\/p>\n","protected":false},"excerpt":{"rendered":"<p>El pasado s\u00e1bado falleci\u00f3 en Huelva Antonio Ezequiel Manaute Pinto, jugador del Real Betis Balompi\u00e9 durante 4 temporadas. Con este motivo recuperamos esta entrevista que apareci\u00f3 en AS el 9 de Enero de 1969, realizada por el corresponsal de este medio en Sevilla Justo Andr\u00e9s. &nbsp; &nbsp; &nbsp; Cuando Antonio Ezequiel Manaute Pinto ten\u00eda diecinueve&#8230;<\/p>\n","protected":false},"author":5,"featured_media":19984,"comment_status":"open","ping_status":"open","sticky":false,"template":"","format":"standard","meta":{"_kad_post_transparent":"","_kad_post_title":"","_kad_post_layout":"","_kad_post_sidebar_id":"","_kad_post_content_style":"","_kad_post_vertical_padding":"","_kad_post_feature":"","_kad_post_feature_position":"","_kad_post_header":false,"_kad_post_footer":false,"_kad_post_classname":"","_jetpack_memberships_contains_paid_content":false,"footnotes":"","jetpack_publicize_message":"","jetpack_publicize_feature_enabled":true,"jetpack_social_post_already_shared":false,"jetpack_social_options":{"image_generator_settings":{"template":"highway","default_image_id":0,"font":"","enabled":false},"version":2}},"categories":[902,893,1],"tags":[4202,4201,1394],"class_list":["post-19983","post","type-post","status-publish","format-standard","has-post-thumbnail","hentry","category-1960-1969","category-jugadores-temas","category-portada","tag-1968-69","tag-4201","tag-ezequiel-manaute"],"jetpack_publicize_connections":[],"jetpack_featured_media_url":"https:\/\/i0.wp.com\/www.manquepierda.com\/historiarealbetis\/files\/2012\/06\/1969-01-9-Imagen-Ezequiel.jpg?fit=159%2C587&ssl=1","jetpack_sharing_enabled":true,"jetpack_shortlink":"https:\/\/wp.me\/p1ij08-5cj","jetpack-related-posts":[],"_links":{"self":[{"href":"https:\/\/www.manquepierda.com\/historiarealbetis\/wp-json\/wp\/v2\/posts\/19983","targetHints":{"allow":["GET"]}}],"collection":[{"href":"https:\/\/www.manquepierda.com\/historiarealbetis\/wp-json\/wp\/v2\/posts"}],"about":[{"href":"https:\/\/www.manquepierda.com\/historiarealbetis\/wp-json\/wp\/v2\/types\/post"}],"author":[{"embeddable":true,"href":"https:\/\/www.manquepierda.com\/historiarealbetis\/wp-json\/wp\/v2\/users\/5"}],"replies":[{"embeddable":true,"href":"https:\/\/www.manquepierda.com\/historiarealbetis\/wp-json\/wp\/v2\/comments?post=19983"}],"version-history":[{"count":1,"href":"https:\/\/www.manquepierda.com\/historiarealbetis\/wp-json\/wp\/v2\/posts\/19983\/revisions"}],"predecessor-version":[{"id":98696,"href":"https:\/\/www.manquepierda.com\/historiarealbetis\/wp-json\/wp\/v2\/posts\/19983\/revisions\/98696"}],"wp:featuredmedia":[{"embeddable":true,"href":"https:\/\/www.manquepierda.com\/historiarealbetis\/wp-json\/wp\/v2\/media\/19984"}],"wp:attachment":[{"href":"https:\/\/www.manquepierda.com\/historiarealbetis\/wp-json\/wp\/v2\/media?parent=19983"}],"wp:term":[{"taxonomy":"category","embeddable":true,"href":"https:\/\/www.manquepierda.com\/historiarealbetis\/wp-json\/wp\/v2\/categories?post=19983"},{"taxonomy":"post_tag","embeddable":true,"href":"https:\/\/www.manquepierda.com\/historiarealbetis\/wp-json\/wp\/v2\/tags?post=19983"}],"curies":[{"name":"wp","href":"https:\/\/api.w.org\/{rel}","templated":true}]}}