{"id":20100,"date":"2012-06-29T06:25:43","date_gmt":"2012-06-29T05:25:43","guid":{"rendered":"http:\/\/www.manquepierda.com\/historiarealbetis\/?p=20100"},"modified":"2024-08-29T08:09:06","modified_gmt":"2024-08-29T06:09:06","slug":"luis-del-sol-con-la-seleccion-b-1959","status":"publish","type":"post","link":"https:\/\/www.manquepierda.com\/historiarealbetis\/luis-del-sol-con-la-seleccion-b-1959\/","title":{"rendered":"Luis Del Sol con la selecci\u00f3n B 1959"},"content":{"rendered":"<p style=\"text-align: center\"><a href=\"https:\/\/i0.wp.com\/www.manquepierda.com\/historiarealbetis\/files\/2012\/06\/Kutxateca-1958-Del-Sol-Espa%C3%B1a-B.jpg?ssl=1\"><img data-recalc-dims=\"1\" loading=\"lazy\" decoding=\"async\" class=\"aligncenter wp-image-20101\" title=\"http:\/\/www.kutxateka.com\/item\/231912\" src=\"https:\/\/i0.wp.com\/www.manquepierda.com\/historiarealbetis\/files\/2012\/06\/Kutxateca-1958-Del-Sol-Espa%C3%B1a-B.jpg?resize=646%2C655&#038;ssl=1\" alt=\"\" width=\"646\" height=\"655\" srcset=\"https:\/\/i0.wp.com\/www.manquepierda.com\/historiarealbetis\/files\/2012\/06\/Kutxateca-1958-Del-Sol-Espa%C3%B1a-B.jpg?w=1010&amp;ssl=1 1010w, https:\/\/i0.wp.com\/www.manquepierda.com\/historiarealbetis\/files\/2012\/06\/Kutxateca-1958-Del-Sol-Espa%C3%B1a-B.jpg?resize=295%2C300&amp;ssl=1 295w, https:\/\/i0.wp.com\/www.manquepierda.com\/historiarealbetis\/files\/2012\/06\/Kutxateca-1958-Del-Sol-Espa%C3%B1a-B.jpg?resize=50%2C50&amp;ssl=1 50w\" sizes=\"auto, (max-width: 646px) 100vw, 646px\" \/><\/a><\/p>\n<p style=\"text-align: center\">5 de Julio de 1959 en Atocha \u00a0\u00a0 Espa\u00f1a 2\u00a0\u00a0 Turqu\u00eda 0;\u00a0 partido de selecciones B correspondiente a la Copa del Mediterr\u00e1neo<\/p>\n<p style=\"text-align: center\">En la imagen arriba: Araquistain (Real Sociedad), Rodri (Barcelona), Mestre (Valencia), Ruiz Sosa (Sevilla), Del Sol (Betis), Sastre (Espa\u00f1ol) y Pesudo (Valencia); abajo: Torres (Espa\u00f1ol), Peir\u00f3 (Atl\u00e9tico de Madrid), Pepillo (Sevilla), Rivelles (Barcelona) y Collar (Atl\u00e9tico de Madrid)<\/p>\n<p style=\"text-align: center\">Espa\u00f1a venci\u00f3 con goles de Peir\u00f3 y Pepillo. Helenio Herrrera era el entrenador del equipo espa\u00f1ol.<\/p>\n<p style=\"text-align: center\">Este fue el tercer partido que Luis Del Sol disput\u00f3 con la selecci\u00f3n B. Antes hab\u00eda jugado contra Egipto en El Cairo y contra Grecia en Atenas.\u00a0 Posteriormente ya pasar\u00eda a ser convocado con la selecci\u00f3n A. Hasta en 3 ocasiones fue llamado como jugador del Betis: contra Polonia en Chorzow, contra Polonia en Madrid y contra Italia en Barcelona, pero en ninguna de las 3 lleg\u00f3 a debutar.<\/p>\n<p style=\"text-align: center\">A comienzos de mayo de 1960 fue traspasado al Real Madrid, debutando con la selecci\u00f3n A a los 10 d\u00edas en partido amistoso jugado el 15 de mayo de 1960 contra Inglaterra en Madrid.<\/p>\n<p style=\"text-align: center\">A destacar tambi\u00e9n en esta imagen la presencia de Jos\u00e9 Manuel Pesudo, portero suplente en este encuentro, por entonces meta del Valencia, y que ser\u00eda portero del Real Betis Balompi\u00e9 en las temporadas 1971-72 y 1972-73.<\/p>\n","protected":false},"excerpt":{"rendered":"<p>5 de Julio de 1959 en Atocha \u00a0\u00a0 Espa\u00f1a 2\u00a0\u00a0 Turqu\u00eda 0;\u00a0 partido de selecciones B correspondiente a la Copa del Mediterr\u00e1neo En la imagen arriba: Araquistain (Real Sociedad), Rodri (Barcelona), Mestre (Valencia), Ruiz Sosa (Sevilla), Del Sol (Betis), Sastre (Espa\u00f1ol) y Pesudo (Valencia); abajo: Torres (Espa\u00f1ol), Peir\u00f3 (Atl\u00e9tico de Madrid), Pepillo (Sevilla), Rivelles (Barcelona)&#8230;<\/p>\n","protected":false},"author":5,"featured_media":20101,"comment_status":"open","ping_status":"open","sticky":false,"template":"","format":"standard","meta":{"_kad_post_transparent":"","_kad_post_title":"","_kad_post_layout":"","_kad_post_sidebar_id":"","_kad_post_content_style":"","_kad_post_vertical_padding":"","_kad_post_feature":"","_kad_post_feature_position":"","_kad_post_header":false,"_kad_post_footer":false,"_kad_post_classname":"","_jetpack_memberships_contains_paid_content":false,"footnotes":"","jetpack_publicize_message":"","jetpack_publicize_feature_enabled":true,"jetpack_social_post_already_shared":false,"jetpack_social_options":{"image_generator_settings":{"template":"highway","default_image_id":0,"font":"","enabled":false},"version":2}},"categories":[901,893,1],"tags":[2248,1538,4684,1313,541,1586],"class_list":["post-20100","post","type-post","status-publish","format-standard","has-post-thumbnail","hentry","category-1950-1959","category-jugadores-temas","category-portada","tag-1958-59","tag-1538","tag-atocha","tag-jose-manuel-pesudo","tag-luis-del-sol","tag-seleccion-espanola"],"jetpack_publicize_connections":[],"jetpack_featured_media_url":"https:\/\/i0.wp.com\/www.manquepierda.com\/historiarealbetis\/files\/2012\/06\/Kutxateca-1958-Del-Sol-Espa%C3%B1a-B.jpg?fit=1010%2C1024&ssl=1","jetpack_sharing_enabled":true,"jetpack_shortlink":"https:\/\/wp.me\/p1ij08-5ec","jetpack-related-posts":[],"_links":{"self":[{"href":"https:\/\/www.manquepierda.com\/historiarealbetis\/wp-json\/wp\/v2\/posts\/20100","targetHints":{"allow":["GET"]}}],"collection":[{"href":"https:\/\/www.manquepierda.com\/historiarealbetis\/wp-json\/wp\/v2\/posts"}],"about":[{"href":"https:\/\/www.manquepierda.com\/historiarealbetis\/wp-json\/wp\/v2\/types\/post"}],"author":[{"embeddable":true,"href":"https:\/\/www.manquepierda.com\/historiarealbetis\/wp-json\/wp\/v2\/users\/5"}],"replies":[{"embeddable":true,"href":"https:\/\/www.manquepierda.com\/historiarealbetis\/wp-json\/wp\/v2\/comments?post=20100"}],"version-history":[{"count":1,"href":"https:\/\/www.manquepierda.com\/historiarealbetis\/wp-json\/wp\/v2\/posts\/20100\/revisions"}],"predecessor-version":[{"id":98008,"href":"https:\/\/www.manquepierda.com\/historiarealbetis\/wp-json\/wp\/v2\/posts\/20100\/revisions\/98008"}],"wp:featuredmedia":[{"embeddable":true,"href":"https:\/\/www.manquepierda.com\/historiarealbetis\/wp-json\/wp\/v2\/media\/20101"}],"wp:attachment":[{"href":"https:\/\/www.manquepierda.com\/historiarealbetis\/wp-json\/wp\/v2\/media?parent=20100"}],"wp:term":[{"taxonomy":"category","embeddable":true,"href":"https:\/\/www.manquepierda.com\/historiarealbetis\/wp-json\/wp\/v2\/categories?post=20100"},{"taxonomy":"post_tag","embeddable":true,"href":"https:\/\/www.manquepierda.com\/historiarealbetis\/wp-json\/wp\/v2\/tags?post=20100"}],"curies":[{"name":"wp","href":"https:\/\/api.w.org\/{rel}","templated":true}]}}