{"id":20255,"date":"2012-06-29T19:13:47","date_gmt":"2012-06-29T18:13:47","guid":{"rendered":"http:\/\/www.manquepierda.com\/historiarealbetis\/?p=20255"},"modified":"2024-08-12T18:12:00","modified_gmt":"2024-08-12T16:12:00","slug":"1932-septiembre-copa-excmo-ayuntamiento-de-ayamonte-huelva-2","status":"publish","type":"post","link":"https:\/\/www.manquepierda.com\/historiarealbetis\/1932-septiembre-copa-excmo-ayuntamiento-de-ayamonte-huelva-2\/","title":{"rendered":"1932-Septiembre.-Copa Excmo. Ayuntamiento de Ayamonte (Huelva)."},"content":{"rendered":"<p>-1932-Agosto 26.<\/p>\n<p>\u00abHan sido designados los equipos que han de alinear el Madrid y el Betis sevillano para el primero de los encuentros a verificar con motivo de las Fiestas de San Antonio en Ayamonte (Huelva).<\/p>\n<p style=\"text-align: left\">Las alineaciones ser\u00e1n \u00e9stas:<\/p>\n<p style=\"text-align: left\">MADRID CF.-ZAMORA;\u00a0 CIRIACO,\u00a0 QUINCOCES;\u00a0 PRATS,\u00a0 ORD\u00d3\u00d1EZ,\u00a0 G\u00d3MEZ;\u00a0 LAZCANO,\u00a0 REGUEIRO,\u00a0 OLIVARES,\u00a0 HILARIO,\u00a0 EUGENIO.-Suplentes:\u00a0 VIDAL,\u00a0 QUESADA,\u00a0 VALLE,\u00a0 BESTIT,\u00a0 GURRUCHAGA.<\/p>\n<p style=\"text-align: left\"><strong><em>BETIS BALOMPI\u00c9.-URQUIAGA;\u00a0 VALENT\u00cdN,\u00a0 JESUS\u00cdN;\u00a0 PERAL,\u00a0 SOLADRERO,\u00a0 ROBERTO Mart\u00edn S\u00e1ez;\u00a0 LUQUE,\u00a0 ADOLFO II, TORRES,\u00a0 LECUE,\u00a0 ENRIQUE.-<\/em><\/strong><em><strong>Suplentes:\u00a0 JES\u00daS,\u00a0 ARANDA,\u00a0 ADOLFITO,\u00a0 GARC\u00cdA DE LA PUERTA,\u00a0 SANZ.<\/strong><\/em><\/p>\n<p style=\"text-align: left\">-1932-Septiembre 07.<\/p>\n<p style=\"text-align: left\">\u00abAyer se congregaron en \u00abChamart\u00edn\u00bb casi todos los elementos con que cuenta el campe\u00f3n.\u00a0 El nuevo preparador Mr. Furth,\u00a0 dirigi\u00f3 un suave entrenamiento,\u00a0 que caus\u00f3 buena impresi\u00f3n.\u00a0 Se prob\u00f3 a un jugador espa\u00f1ol reci\u00e9n venido de Cuba (Eduardo Ord\u00f3\u00f1ez Munguera).\u00a0 Y seguramente el Madrid se quedar\u00e1 con \u00e9l.<\/p>\n<p style=\"text-align: left\">Esta noche parten para Ayamonte los jugadores \u00abmerengues\u00bb que van a luchar contra el <strong>Betis Balompi\u00e9 en aquella poblaci\u00f3n.<\/strong><\/p>\n<p style=\"text-align: left\"><strong><\/strong>Los expedicionarios son:\u00a0 Zamora y Vidal;\u00a0 Ciriaco,\u00a0 Quincoces y Quesada;\u00a0 G\u00f3mez,\u00a0 Ord\u00f3\u00f1ez,\u00a0 P.\u00a0 Regueiro,\u00a0 Le\u00f3n,\u00a0 Ruiz (el brasile\u00f1o)\u00a0 y\u00a0 Lazcano,\u00a0 L. Regueiro,\u00a0 Olivares,\u00a0 Hilario,\u00a0 Eugenio\u00a0 y\u00a0 Bestit.-De estos \u00abturistas\u00bb se sacar\u00e1 el \u00abonce\u00bb\u00bb.<\/p>\n<p style=\"text-align: left\"><strong>-1932-Septiembre.<\/strong><\/p>\n<p style=\"text-align: left\"><strong>\u00abEl Betis se prepara.-Dos partidos con el Madrid y uno con el Donostia\u00bb.-Los d\u00edas 09 y 11 jugar\u00e1n el Betis dos partidos contra el Madrid FC,\u00a0 para disputarse la gran Copa del Excmo. Ayuntamiento de Ayamonte.-Los dos campeones de Primera y Segunda Liga,\u00a0 frente a frente,\u00a0 \u00a1\u00a1 Madrid-Betis Balompi\u00e9 \u00a1\u00a1\u00bb.<\/strong><\/p>\n<p style=\"text-align: left\"><strong>*1932-Septiembre 09, viernes.-Fiestas de Ayamonte (Huelva).-1er. Partido amistoso.-Arbitr\u00f3 Ram\u00f3n Melc\u00f3n Bartolom\u00e9.<\/strong><\/p>\n<p style=\"text-align: center\"><strong>Campe\u00f3n 1\u00aa Divisi\u00f3n.-MADRID CF-2 Goles (0-1:\u00a0 HILARIO;\u00a0 0-2:\u00a0 LU\u00cdS Regueiro).<\/strong><\/p>\n<p style=\"text-align: center\"><a href=\"https:\/\/i0.wp.com\/www.manquepierda.com\/historiarealbetis\/files\/2012\/06\/firth1.jpg?ssl=1\"><img data-recalc-dims=\"1\" loading=\"lazy\" decoding=\"async\" class=\"aligncenter size-full wp-image-20281\" title=\"firth\" src=\"https:\/\/i0.wp.com\/www.manquepierda.com\/historiarealbetis\/files\/2012\/06\/firth1.jpg?resize=134%2C180&#038;ssl=1\" alt=\"\" width=\"134\" height=\"180\" \/><\/a><\/p>\n<p style=\"text-align: center\"><strong>Entrenador:\u00a0 Robert Edwin Firth:<br \/>\n<\/strong><\/p>\n<p style=\"text-align: left\"><strong><\/strong><strong>Ricardo ZAMORA Mart\u00ednez;\u00a0 F\u00e9lix QUESADA M\u00e1s,\u00a0 Antonio BONET Silvestre;\u00a0 Francisco G\u00d3MEZ Vicente,\u00a0 Pedro REGUEIRO Pagola,\u00a0 LEONCITO-Antonio Le\u00f3n Amador;\u00a0 Jaime LAZCANO Escobar,\u00a0 Lu\u00eds REGUEIRO Pagola,\u00a0 Manuel OLIVARES Lape\u00f1a,\u00a0 Juan HILARIO Marrero P\u00e9rez\u00a0 y\u00a0 Tom\u00e1s BESTIT Mart\u00ednez.<\/strong><\/p>\n<p style=\"text-align: left\"><em><strong>Vs.<\/strong><\/em><\/p>\n<p style=\"text-align: center\"><strong><\/strong><strong><em><\/em>CAMPE\u00d3N LIGA SEGUNDA DIVISI\u00d3N-BETIS BALOMPI\u00c9-0 Goles.<\/strong><\/p>\n<p style=\"text-align: center\"><a href=\"https:\/\/i0.wp.com\/www.manquepierda.com\/historiarealbetis\/files\/2012\/06\/PJO.jpg?ssl=1\"><img data-recalc-dims=\"1\" loading=\"lazy\" decoding=\"async\" class=\"aligncenter size-full wp-image-20282\" title=\"PJO\" src=\"https:\/\/i0.wp.com\/www.manquepierda.com\/historiarealbetis\/files\/2012\/06\/PJO.jpg?resize=186%2C246&#038;ssl=1\" alt=\"\" width=\"186\" height=\"246\" \/><\/a><\/p>\n<p style=\"text-align: center\"><strong>Entrenador: Patrick Joseph O&#8217;Connell:<\/strong><\/p>\n<p style=\"text-align: left\"><strong>JES\u00daS Bern\u00e1ldez Moreno<\/strong><strong>;\u00a0 VALENT\u00cdN,\u00a0 Jos\u00e9 Lu\u00eds CONDE C\u00e1rdenas;\u00a0 PERAL-Jos\u00e9 Su\u00e1rez Gonz\u00e1lez,\u00a0 Enrique SOLADRERO Arbide,\u00a0 ADOLFO Mart\u00edn Gonz\u00e1lez;\u00a0 LUQUE,\u00a0 Jos\u00e9 L\u00d3PEZ Mart\u00ednez,\u00a0 Leopoldo Ruiz- CAPILLAS Del Castillo,\u00a0 Sim\u00f3n LECUE Andrade\u00a0 y\u00a0 ENRIQUE Garrido Reguera.<\/strong><\/p>\n<p style=\"text-align: left\"><strong>*1932-Septiembre 11. domingo.-Copa Excelent\u00edsimo Ayuntamiento de Ayamonte (Huelva).-2\u00ba encuentro entre los Campeones de Primera y Segunda Divisi\u00f3n de Liga.-Arbitr\u00f3 el primer \u00e1rbitro internacional portugu\u00e9s: Jorge Gomes Viera.<\/strong><\/p>\n<p style=\"text-align: left\"><strong>-MADRID CF (1\u00aa Divisi\u00f3n 1931-1932)-5 Tantos (1-0, Lu\u00eds Regueiro; 2-0: Tom\u00e1s Bestit;\u00a0 1-3: Bestit;\u00a0 1-4:\u00a0 Lu\u00eds Regueiro;\u00a0 3-5: Juan Hilario).<\/strong><\/p>\n<p style=\"text-align: left\"><strong>ZAMORA (45&#8242; Rafael VIDAL Castillo);\u00a0 QUESADA,\u00a0 <em>Francisco G\u00d3MEZ Vicente<\/em>;\u00a0 Pedro REGUEIRO,\u00a0 Eduardo ORD\u00d3\u00d1EZ Munguera,\u00a0 LEONCITO;\u00a0 LAZCANO,\u00a0 Lu\u00eds REGUEIRO,\u00a0 OLIVARES,\u00a0 HILARIO\u00a0 y\u00a0 BESTIT.<\/strong><\/p>\n<p style=\"text-align: left\"><strong>Vs.<\/strong><\/p>\n<p style=\"text-align: left\"><a href=\"https:\/\/i0.wp.com\/www.manquepierda.com\/historiarealbetis\/files\/2012\/06\/1931-32BB2.jpg?ssl=1\"><img data-recalc-dims=\"1\" loading=\"lazy\" decoding=\"async\" class=\"aligncenter size-full wp-image-20276\" title=\"1931-32BB\" src=\"https:\/\/i0.wp.com\/www.manquepierda.com\/historiarealbetis\/files\/2012\/06\/1931-32BB2.jpg?resize=154%2C154&#038;ssl=1\" alt=\"\" width=\"154\" height=\"154\" srcset=\"https:\/\/i0.wp.com\/www.manquepierda.com\/historiarealbetis\/files\/2012\/06\/1931-32BB2.jpg?w=154&amp;ssl=1 154w, https:\/\/i0.wp.com\/www.manquepierda.com\/historiarealbetis\/files\/2012\/06\/1931-32BB2.jpg?resize=150%2C150&amp;ssl=1 150w, https:\/\/i0.wp.com\/www.manquepierda.com\/historiarealbetis\/files\/2012\/06\/1931-32BB2.jpg?resize=50%2C50&amp;ssl=1 50w\" sizes=\"auto, (max-width: 154px) 100vw, 154px\" \/><\/a><strong><em>-BETIS BALOMPI\u00c9-4 Goles (2-1: de penalty \u00bf?;\u00a0 4-2: ENRIQUE Garrido Reguera;\u00a0 4-3: ROSENDO Romero Garc\u00eda (a) \u00abEl Chato\u00bb;\u00a0 5-4: ADOLFO Mart\u00edn S\u00e1nchez).<\/em><\/strong><\/p>\n<p style=\"text-align: left\"><strong><em><\/em><em>JES\u00daS;\u00a0 VALENT\u00cdN,\u00a0 CONDE;\u00a0 PERAL,\u00a0 SOLADRERO,\u00a0 ADOLFO Mart\u00edn;\u00a0 Rosendo ROMERO Garc\u00eda,\u00a0 L\u00d3PEZ,\u00a0 CAPILLAS,\u00a0 LECUE\u00a0 y ENRIQUE.<\/em><br \/>\n<\/strong><\/p>\n<p style=\"text-align: center\"><strong><\/strong>FUENTES:<\/p>\n<p style=\"text-align: left\">\u00abEl Heraldo de Madrid\u00bb-19320826.-\u00abLa Voz\u00bb de Madrid-19320907.-\u00abEl Mundo Deportivo\u00bb-Barcelona 19320910.-<strong>\u00abEl Sol\u00bb de Madrid-19320910.-Febus: \u00abEl Madrid venci\u00f3 al Betis\u00bb.-Se ha celebrado el encuentro entre el Madrid y el Betis Balompi\u00e9.-Triunf\u00f3 el primero por 2 \u00e1 0.-El segundo tendr\u00e1 lugar el d\u00eda 11&#8243;.<\/strong><\/p>\n","protected":false},"excerpt":{"rendered":"<p>-1932-Agosto 26. \u00abHan sido designados los equipos que han de alinear el Madrid y el Betis sevillano para el primero de los encuentros a verificar con motivo de las Fiestas de San Antonio en Ayamonte (Huelva). Las alineaciones ser\u00e1n \u00e9stas: MADRID CF.-ZAMORA;\u00a0 CIRIACO,\u00a0 QUINCOCES;\u00a0 PRATS,\u00a0 ORD\u00d3\u00d1EZ,\u00a0 G\u00d3MEZ;\u00a0 LAZCANO,\u00a0 REGUEIRO,\u00a0 OLIVARES,\u00a0 HILARIO,\u00a0 EUGENIO.-Suplentes:\u00a0 VIDAL,\u00a0 QUESADA,\u00a0 VALLE,\u00a0&#8230;<\/p>\n","protected":false},"author":48,"featured_media":20276,"comment_status":"open","ping_status":"open","sticky":false,"template":"","format":"standard","meta":{"_kad_post_transparent":"","_kad_post_title":"","_kad_post_layout":"","_kad_post_sidebar_id":"","_kad_post_content_style":"","_kad_post_vertical_padding":"","_kad_post_feature":"","_kad_post_feature_position":"","_kad_post_header":false,"_kad_post_footer":false,"_kad_post_classname":"","_jetpack_memberships_contains_paid_content":false,"footnotes":"","jetpack_publicize_message":"","jetpack_publicize_feature_enabled":true,"jetpack_social_post_already_shared":false,"jetpack_social_options":{"image_generator_settings":{"template":"highway","default_image_id":0,"font":"","enabled":false},"version":2}},"categories":[899,1],"tags":[44,2575,5212,13362],"class_list":["post-20255","post","type-post","status-publish","format-standard","has-post-thumbnail","hentry","category-1930-1939","category-portada","tag-44","tag-1932-33","tag-copa-excmo-ayto-de-ayamonte","tag-real-madrid-cf"],"jetpack_publicize_connections":[],"jetpack_featured_media_url":"https:\/\/i0.wp.com\/www.manquepierda.com\/historiarealbetis\/files\/2012\/06\/1931-32BB2.jpg?fit=154%2C154&ssl=1","jetpack_sharing_enabled":true,"jetpack_shortlink":"https:\/\/wp.me\/p1ij08-5gH","jetpack-related-posts":[],"_links":{"self":[{"href":"https:\/\/www.manquepierda.com\/historiarealbetis\/wp-json\/wp\/v2\/posts\/20255","targetHints":{"allow":["GET"]}}],"collection":[{"href":"https:\/\/www.manquepierda.com\/historiarealbetis\/wp-json\/wp\/v2\/posts"}],"about":[{"href":"https:\/\/www.manquepierda.com\/historiarealbetis\/wp-json\/wp\/v2\/types\/post"}],"author":[{"embeddable":true,"href":"https:\/\/www.manquepierda.com\/historiarealbetis\/wp-json\/wp\/v2\/users\/48"}],"replies":[{"embeddable":true,"href":"https:\/\/www.manquepierda.com\/historiarealbetis\/wp-json\/wp\/v2\/comments?post=20255"}],"version-history":[{"count":1,"href":"https:\/\/www.manquepierda.com\/historiarealbetis\/wp-json\/wp\/v2\/posts\/20255\/revisions"}],"predecessor-version":[{"id":96404,"href":"https:\/\/www.manquepierda.com\/historiarealbetis\/wp-json\/wp\/v2\/posts\/20255\/revisions\/96404"}],"wp:featuredmedia":[{"embeddable":true,"href":"https:\/\/www.manquepierda.com\/historiarealbetis\/wp-json\/wp\/v2\/media\/20276"}],"wp:attachment":[{"href":"https:\/\/www.manquepierda.com\/historiarealbetis\/wp-json\/wp\/v2\/media?parent=20255"}],"wp:term":[{"taxonomy":"category","embeddable":true,"href":"https:\/\/www.manquepierda.com\/historiarealbetis\/wp-json\/wp\/v2\/categories?post=20255"},{"taxonomy":"post_tag","embeddable":true,"href":"https:\/\/www.manquepierda.com\/historiarealbetis\/wp-json\/wp\/v2\/tags?post=20255"}],"curies":[{"name":"wp","href":"https:\/\/api.w.org\/{rel}","templated":true}]}}