{"id":20294,"date":"2012-06-30T18:36:40","date_gmt":"2012-06-30T17:36:40","guid":{"rendered":"http:\/\/www.manquepierda.com\/historiarealbetis\/?p=20294"},"modified":"2024-08-29T08:08:33","modified_gmt":"2024-08-29T06:08:33","slug":"1935-enero-22-martes-el-escorial-con-los-seleccionados-espanoles","status":"publish","type":"post","link":"https:\/\/www.manquepierda.com\/historiarealbetis\/1935-enero-22-martes-el-escorial-con-los-seleccionados-espanoles\/","title":{"rendered":"1935-Enero 22, martes-El Escorial: \u00abCon los seleccionados espa\u00f1oles\u00bb."},"content":{"rendered":"<p><strong><a href=\"https:\/\/i0.wp.com\/www.manquepierda.com\/historiarealbetis\/files\/2012\/06\/Espa%C3%B1a-Francia-19351.jpg?ssl=1\"><img data-recalc-dims=\"1\" loading=\"lazy\" decoding=\"async\" class=\"alignright size-full wp-image-20295\" title=\"Espa\u00f1a-Francia-1935\" src=\"https:\/\/i0.wp.com\/www.manquepierda.com\/historiarealbetis\/files\/2012\/06\/Espa%C3%B1a-Francia-19351.jpg?resize=501%2C379&#038;ssl=1\" alt=\"\" width=\"501\" height=\"379\" srcset=\"https:\/\/i0.wp.com\/www.manquepierda.com\/historiarealbetis\/files\/2012\/06\/Espa%C3%B1a-Francia-19351.jpg?w=501&amp;ssl=1 501w, https:\/\/i0.wp.com\/www.manquepierda.com\/historiarealbetis\/files\/2012\/06\/Espa%C3%B1a-Francia-19351.jpg?resize=300%2C226&amp;ssl=1 300w\" sizes=\"auto, (max-width: 501px) 100vw, 501px\" \/><\/a>\u00abLa actualidad,\u00a0 como es l\u00f3gico,\u00a0 la ha constitu\u00eddo para los informadores los por primera vez seleccionados,\u00a0 y sobre todo ARESO-no Arezo-y AEDO.<\/strong><\/p>\n<p><strong><em><\/em>Los dos b\u00e9ticos se hallan content\u00edsimos por haber sido escogidos para proteger la puerta de Ricardo ZAMORA Mart\u00ednez.<\/strong><\/p>\n<p><strong><\/strong><strong>No dudan en que <\/strong><strong>ESPA\u00d1A en su sexto <em>match <\/em>con Francia,\u00a0 obtendr\u00e1 un nuevo triunfo.\u00a0 Y creen en un tanteo de bastante <em>volumen.<\/em><\/strong><\/p>\n<p><strong><\/strong><strong>Hemos juzgado interesante recoger datos bibliogr\u00e1ficos de la vida futbol\u00edstica de los dos nuevos seleccionados.<\/strong><\/p>\n<p><strong><\/strong><a href=\"https:\/\/i0.wp.com\/www.manquepierda.com\/historiarealbetis\/files\/2012\/06\/Areso2.jpg?ssl=1\"><img data-recalc-dims=\"1\" loading=\"lazy\" decoding=\"async\" class=\"alignleft size-medium wp-image-20297\" title=\"Areso\" src=\"https:\/\/i0.wp.com\/www.manquepierda.com\/historiarealbetis\/files\/2012\/06\/Areso2.jpg?resize=233%2C300&#038;ssl=1\" alt=\"\" width=\"233\" height=\"300\" srcset=\"https:\/\/i0.wp.com\/www.manquepierda.com\/historiarealbetis\/files\/2012\/06\/Areso2.jpg?resize=233%2C300&amp;ssl=1 233w, https:\/\/i0.wp.com\/www.manquepierda.com\/historiarealbetis\/files\/2012\/06\/Areso2.jpg?w=491&amp;ssl=1 491w\" sizes=\"auto, (max-width: 233px) 100vw, 233px\" \/><\/a><\/p>\n<p>&nbsp;<\/p>\n<p><em><strong>El defensa derecha \u00abroji-verde\u00bb Pedro ARESO Aramburu,\u00a0 se inici\u00f3 en la pr\u00e1ctica del f\u00fatbol en el \u00abVillafranca Uni\u00f3n Club\u00bb de Lasarte-ORIA,\u00a0 y de este equipo pas\u00f3 al \u00abTolosa Club de F\u00fatbol\u00bb.\u00a0<\/strong><\/em><\/p>\n<p>&nbsp;<\/p>\n<p><em><strong> En ambos tuvo ficha de \u00abamateur\u00bb;\u00a0 despu\u00e9s ya hombre de nombrad\u00eda,\u00a0 estamp\u00f3 su firma como profesional en el \u00abMurcia Club de F\u00fatbol\u00bb,\u00a0 en cuyo primer equipo estuvo dos a\u00f1os.\u00a0 Y de aqu\u00ed,\u00a0 pas\u00f3 al BETIS BALOMPI\u00c9,\u00a0 en cuyo equipo lleva dos a\u00f1os.<\/strong><\/em><\/p>\n<p>&nbsp;<\/p>\n<p><strong>Una de las satisfacciones del zaguero en la actualidad andaluz es la de haber tenido a Isidro L\u00c1NGARA Larra\u00f1aga como coequipier durante su permanencia en el Tolosa C. F.<\/strong><\/p>\n<p>&nbsp;<\/p>\n<p><a href=\"https:\/\/i0.wp.com\/www.manquepierda.com\/historiarealbetis\/files\/2012\/06\/Aedo1.jpg?ssl=1\"><img data-recalc-dims=\"1\" loading=\"lazy\" decoding=\"async\" class=\"alignright size-medium wp-image-20298\" title=\"Aedo\" src=\"https:\/\/i0.wp.com\/www.manquepierda.com\/historiarealbetis\/files\/2012\/06\/Aedo1.jpg?resize=255%2C300&#038;ssl=1\" alt=\"\" width=\"255\" height=\"300\" srcset=\"https:\/\/i0.wp.com\/www.manquepierda.com\/historiarealbetis\/files\/2012\/06\/Aedo1.jpg?resize=255%2C300&amp;ssl=1 255w, https:\/\/i0.wp.com\/www.manquepierda.com\/historiarealbetis\/files\/2012\/06\/Aedo1.jpg?w=532&amp;ssl=1 532w\" sizes=\"auto, (max-width: 255px) 100vw, 255px\" \/><\/a><\/p>\n<p>&nbsp;<\/p>\n<p>&nbsp;<\/p>\n<p><strong>Su compa\u00f1ero<\/strong><strong>,<\/strong><em><strong>\u00a0 Seraf\u00edn AEDO Renieblas,\u00a0<\/strong><\/em><strong>\u00a0<\/strong><strong>como la mayor\u00eda de los dem\u00e1s miembros del equipo sevillano,\u00a0 tambi\u00e9n es vasco.<\/strong><\/p>\n<p>&nbsp;<\/p>\n<p><em><strong>Inici\u00f3 su actuaci\u00f3n futbol\u00edstica en el \u00abUni\u00f3n de San Vicente\u00bb,\u00a0 de Baracaldo,\u00a0 equipo que fue campe\u00f3n de la serie C de Vizcaya.<\/strong><\/em><\/p>\n<p>&nbsp;<\/p>\n<p><em><strong><\/strong><\/em><em><strong>Y de all\u00ed pas\u00f3 al equipo due\u00f1o de Lasesarre-\u00abBarakaldo Club de F\u00fatbol- hasta que el BETIS BALOMPI\u00c9 solicit\u00f3 su traspaso hace dos a\u00f1os.<\/strong><\/em><\/p>\n<p><em><strong><\/strong><\/em>Sus comienzos los hizo como zaguero derecho,\u00a0 y en la actualidad ocupa el puesto contrario.\u00a0 Ambos escogidos por el seleccionador nacional,\u00a0 Doctor Amadeo Garc\u00eda Salazar\u00bb.<\/p>\n<p>Fuente: \u00abLa Libertad\u00bb-Madrid, 19350123.<\/p>\n<p>&nbsp;<\/p>\n<p>&nbsp;<\/p>\n<p>&nbsp;<\/p>\n<p>&nbsp;<\/p>\n<p><strong><\/strong><em><strong><br \/>\n<\/strong><\/em><\/p>\n<p>&nbsp;<\/p>\n<p>&nbsp;<\/p>\n<p>&nbsp;<\/p>\n<p>&nbsp;<\/p>\n<p>&nbsp;<\/p>\n","protected":false},"excerpt":{"rendered":"<p>\u00abLa actualidad,\u00a0 como es l\u00f3gico,\u00a0 la ha constitu\u00eddo para los informadores los por primera vez seleccionados,\u00a0 y sobre todo ARESO-no Arezo-y AEDO. Los dos b\u00e9ticos se hallan content\u00edsimos por haber sido escogidos para proteger la puerta de Ricardo ZAMORA Mart\u00ednez. No dudan en que ESPA\u00d1A en su sexto match con Francia,\u00a0 obtendr\u00e1 un nuevo triunfo.\u00a0&#8230;<\/p>\n","protected":false},"author":48,"featured_media":20295,"comment_status":"open","ping_status":"open","sticky":false,"template":"","format":"standard","meta":{"_kad_post_transparent":"","_kad_post_title":"","_kad_post_layout":"","_kad_post_sidebar_id":"","_kad_post_content_style":"","_kad_post_vertical_padding":"","_kad_post_feature":"","_kad_post_feature_position":"","_kad_post_header":false,"_kad_post_footer":false,"_kad_post_classname":"","_jetpack_memberships_contains_paid_content":false,"footnotes":"","jetpack_publicize_message":"","jetpack_publicize_feature_enabled":true,"jetpack_social_post_already_shared":false,"jetpack_social_options":{"image_generator_settings":{"template":"highway","default_image_id":0,"font":"","enabled":false},"version":2}},"categories":[899,893,1],"tags":[2267,45,1016,1586,1017],"class_list":["post-20294","post","type-post","status-publish","format-standard","has-post-thumbnail","hentry","category-1930-1939","category-jugadores-temas","category-portada","tag-1934-35","tag-45","tag-pedro-areso","tag-seleccion-espanola","tag-serafin-aedo"],"jetpack_publicize_connections":[],"jetpack_featured_media_url":"https:\/\/i0.wp.com\/www.manquepierda.com\/historiarealbetis\/files\/2012\/06\/Espa%C3%B1a-Francia-19351.jpg?fit=501%2C379&ssl=1","jetpack_sharing_enabled":true,"jetpack_shortlink":"https:\/\/wp.me\/p1ij08-5hk","jetpack-related-posts":[],"_links":{"self":[{"href":"https:\/\/www.manquepierda.com\/historiarealbetis\/wp-json\/wp\/v2\/posts\/20294","targetHints":{"allow":["GET"]}}],"collection":[{"href":"https:\/\/www.manquepierda.com\/historiarealbetis\/wp-json\/wp\/v2\/posts"}],"about":[{"href":"https:\/\/www.manquepierda.com\/historiarealbetis\/wp-json\/wp\/v2\/types\/post"}],"author":[{"embeddable":true,"href":"https:\/\/www.manquepierda.com\/historiarealbetis\/wp-json\/wp\/v2\/users\/48"}],"replies":[{"embeddable":true,"href":"https:\/\/www.manquepierda.com\/historiarealbetis\/wp-json\/wp\/v2\/comments?post=20294"}],"version-history":[{"count":1,"href":"https:\/\/www.manquepierda.com\/historiarealbetis\/wp-json\/wp\/v2\/posts\/20294\/revisions"}],"predecessor-version":[{"id":98112,"href":"https:\/\/www.manquepierda.com\/historiarealbetis\/wp-json\/wp\/v2\/posts\/20294\/revisions\/98112"}],"wp:featuredmedia":[{"embeddable":true,"href":"https:\/\/www.manquepierda.com\/historiarealbetis\/wp-json\/wp\/v2\/media\/20295"}],"wp:attachment":[{"href":"https:\/\/www.manquepierda.com\/historiarealbetis\/wp-json\/wp\/v2\/media?parent=20294"}],"wp:term":[{"taxonomy":"category","embeddable":true,"href":"https:\/\/www.manquepierda.com\/historiarealbetis\/wp-json\/wp\/v2\/categories?post=20294"},{"taxonomy":"post_tag","embeddable":true,"href":"https:\/\/www.manquepierda.com\/historiarealbetis\/wp-json\/wp\/v2\/tags?post=20294"}],"curies":[{"name":"wp","href":"https:\/\/api.w.org\/{rel}","templated":true}]}}