{"id":20524,"date":"2012-07-11T15:13:42","date_gmt":"2012-07-11T14:13:42","guid":{"rendered":"http:\/\/www.manquepierda.com\/historiarealbetis\/?p=20524"},"modified":"2017-07-11T07:25:22","modified_gmt":"2017-07-11T05:25:22","slug":"en-el-adios-a-un-betico-irrepetible-de-luis-carlos-peris","status":"publish","type":"post","link":"https:\/\/www.manquepierda.com\/historiarealbetis\/en-el-adios-a-un-betico-irrepetible-de-luis-carlos-peris\/","title":{"rendered":"En el adi\u00f3s a un b\u00e9tico irrepetible, de Luis Carlos Peris"},"content":{"rendered":"<p style=\"text-align: center\"><a href=\"https:\/\/i0.wp.com\/www.manquepierda.com\/historiarealbetis\/files\/2012\/07\/Imagen-Antonio-Picchi.jpg?ssl=1\"><img data-recalc-dims=\"1\" loading=\"lazy\" decoding=\"async\" class=\"aligncenter size-full wp-image-20525\" title=\"Imagen Antonio Picchi\" src=\"https:\/\/i0.wp.com\/www.manquepierda.com\/historiarealbetis\/files\/2012\/07\/Imagen-Antonio-Picchi.jpg?resize=720%2C480&#038;ssl=1\" alt=\"\" width=\"720\" height=\"480\" srcset=\"https:\/\/i0.wp.com\/www.manquepierda.com\/historiarealbetis\/files\/2012\/07\/Imagen-Antonio-Picchi.jpg?w=720&amp;ssl=1 720w, https:\/\/i0.wp.com\/www.manquepierda.com\/historiarealbetis\/files\/2012\/07\/Imagen-Antonio-Picchi.jpg?resize=300%2C200&amp;ssl=1 300w\" sizes=\"auto, (max-width: 720px) 100vw, 720px\" \/><\/a><\/p>\n<p style=\"text-align: center\">En estos quince \u00faltimos d\u00edas el Beticismo est\u00e1 de luto. Primero un joven jugador, con toda la ilusi\u00f3n\u00a0 por delante, al que con 23 a\u00f1os tan solo se la acaba la vida. Posteriormente el hermano peque\u00f1o del Betis, quien desarroll\u00f3 toda su trayectoria siempre al lado del club de las trece barras. Ayer se nos fue un hombre bueno, en toda la extensi\u00f3n de la palabra. Grande entre los Grandes. Puro Betis.<\/p>\n<p style=\"text-align: center\">Para rendirle homenaje a \u00e9l y a su memoria\u00a0nada mejor que\u00a0 el art\u00edculo que Luis Carlos Peris le dedica hoy \u00a0en Diario de Sevilla.<\/p>\n<p style=\"text-align: center\"><strong>En el adi\u00f3s a un b\u00e9tico irrepetible<\/strong><\/p>\n<p><em>Con la muerte de Antonio Picchi, en diecisiete d\u00edas pierde el Real Betis Balompi\u00e9 al tercero de los muy suyos <\/em><\/p>\n<p><span style=\"color: #008000\"><em>TEN\u00cdA al Betis grabado a fuego en las entretelas del alma, de un alma de hombre bueno que llevaba tiempo luchando por la vida y con la vida. Antonio Picchi es el mascar\u00f3n de proa de una saga de b\u00e9ticos irredentos que tienen a su querido club como punto luminoso en un horizonte que no siempre fue boyante. B\u00e9tico desde su ni\u00f1ez, en el chalet familiar de Villa Montserrat, sito en una calle, Manuel Siurot, por la que entonces circulaban el tranv\u00eda de Guada\u00edra y poco m\u00e1s, se celebraban casi todos los fastos que aquel Betis de la posguerra ten\u00eda a bien celebrar ya hubiese o no hubiese motivo para alguna celebraci\u00f3n.<\/em><\/span><\/p>\n<p><span style=\"color: #008000\"><em>Antonio y los suyos se daban al Betis con una generosidad que aguant\u00f3 hasta donde pudo para que el gran Pepe N\u00fa\u00f1ez lo nombrase gerente del club, que ya era hora de recuperar algo. Antonio siempre hab\u00eda estado al lado de su gran icono, aquel Benito Villamar\u00edn, al que \u00e9l, como muy pocos, tuteaba. Benito por aqu\u00ed, Benito por all\u00e1, ese enorme presidente siempre estuvo en la mejor galer\u00eda de perpetuos para Antonio hasta que apareci\u00f3 en su vida Pepe N\u00fa\u00f1ez. Y a las \u00f3rdenes de Pepe manej\u00f3 un Betis que segu\u00eda siendo familiar, a veces hasta anacr\u00f3nicamente familiar para mantener milagrosamente un estatus pre\u00f1ado de voluntarismo y, por supuesto, de cari\u00f1o.<\/em><\/span><\/p>\n<p><span style=\"color: #008000\"><em>En poco m\u00e1s de dos semanas, los b\u00e9ticos han visto c\u00f3mo desaparec\u00edan tres de los suyos. Una vida joven como la de Miki Roqu\u00e9, una venerable como la de Alfonso Jaramillo y Antonio Picchi, que se fue con la pena inmensa de no haber podido estar anoche con sus futbolistas m\u00e1s queridos, esos que ganaron la primera Copa del Rey en un tiempo en el que \u00e9l era uno de los pilares de la instituci\u00f3n verde, blanca y verde. Ayer lloraba comi\u00e9ndose las l\u00e1grimas su m\u00e1s querido futbolista, ese Gordillo al que \u00e9l segu\u00eda llamando Rafaelito, y hoy lloraremos todos los que le tratamos y, claro, le quisimos. Descanse en paz un b\u00e9tico irrepetible y un hombre bueno, ni m\u00e1s ni menos.<\/em><\/span><\/p>\n<p style=\"text-align: center\"><span style=\"color: #008000\"><em>\u00a0<\/em><\/span><\/p>\n","protected":false},"excerpt":{"rendered":"<p>En estos quince \u00faltimos d\u00edas el Beticismo est\u00e1 de luto. Primero un joven jugador, con toda la ilusi\u00f3n\u00a0 por delante, al que con 23 a\u00f1os tan solo se la acaba la vida. Posteriormente el hermano peque\u00f1o del Betis, quien desarroll\u00f3 toda su trayectoria siempre al lado del club de las trece barras. Ayer se nos&#8230;<\/p>\n","protected":false},"author":5,"featured_media":20525,"comment_status":"open","ping_status":"open","sticky":false,"template":"","format":"standard","meta":{"_kad_post_transparent":"","_kad_post_title":"","_kad_post_layout":"","_kad_post_sidebar_id":"","_kad_post_content_style":"","_kad_post_vertical_padding":"","_kad_post_feature":"","_kad_post_feature_position":"","_kad_post_header":false,"_kad_post_footer":false,"_kad_post_classname":"","_jetpack_memberships_contains_paid_content":false,"footnotes":"","jetpack_publicize_message":"","jetpack_publicize_feature_enabled":true,"jetpack_social_post_already_shared":false,"jetpack_social_options":{"image_generator_settings":{"template":"highway","default_image_id":0,"font":"","enabled":false},"version":2}},"categories":[891,1,1176],"tags":[3099,3220],"class_list":["post-20524","post","type-post","status-publish","format-standard","has-post-thumbnail","hentry","category-directivos-temas","category-portada","category-relatos-de-futbol","tag-antonio-picchi","tag-luis-carlos-peris"],"jetpack_publicize_connections":[],"jetpack_featured_media_url":"https:\/\/i0.wp.com\/www.manquepierda.com\/historiarealbetis\/files\/2012\/07\/Imagen-Antonio-Picchi.jpg?fit=720%2C480&ssl=1","jetpack_sharing_enabled":true,"jetpack_shortlink":"https:\/\/wp.me\/p1ij08-5l2","jetpack-related-posts":[],"_links":{"self":[{"href":"https:\/\/www.manquepierda.com\/historiarealbetis\/wp-json\/wp\/v2\/posts\/20524","targetHints":{"allow":["GET"]}}],"collection":[{"href":"https:\/\/www.manquepierda.com\/historiarealbetis\/wp-json\/wp\/v2\/posts"}],"about":[{"href":"https:\/\/www.manquepierda.com\/historiarealbetis\/wp-json\/wp\/v2\/types\/post"}],"author":[{"embeddable":true,"href":"https:\/\/www.manquepierda.com\/historiarealbetis\/wp-json\/wp\/v2\/users\/5"}],"replies":[{"embeddable":true,"href":"https:\/\/www.manquepierda.com\/historiarealbetis\/wp-json\/wp\/v2\/comments?post=20524"}],"version-history":[{"count":0,"href":"https:\/\/www.manquepierda.com\/historiarealbetis\/wp-json\/wp\/v2\/posts\/20524\/revisions"}],"wp:featuredmedia":[{"embeddable":true,"href":"https:\/\/www.manquepierda.com\/historiarealbetis\/wp-json\/wp\/v2\/media\/20525"}],"wp:attachment":[{"href":"https:\/\/www.manquepierda.com\/historiarealbetis\/wp-json\/wp\/v2\/media?parent=20524"}],"wp:term":[{"taxonomy":"category","embeddable":true,"href":"https:\/\/www.manquepierda.com\/historiarealbetis\/wp-json\/wp\/v2\/categories?post=20524"},{"taxonomy":"post_tag","embeddable":true,"href":"https:\/\/www.manquepierda.com\/historiarealbetis\/wp-json\/wp\/v2\/tags?post=20524"}],"curies":[{"name":"wp","href":"https:\/\/api.w.org\/{rel}","templated":true}]}}