{"id":20896,"date":"2012-08-05T14:42:29","date_gmt":"2012-08-05T13:42:29","guid":{"rendered":"http:\/\/www.manquepierda.com\/historiarealbetis\/?p=20896"},"modified":"2024-09-07T17:30:16","modified_gmt":"2024-09-07T15:30:16","slug":"1956-febrero-12-cf-extremadura-0-rbb-0-antonio-moreno-benitez-d-e-p","status":"publish","type":"post","link":"https:\/\/www.manquepierda.com\/historiarealbetis\/1956-febrero-12-cf-extremadura-0-rbb-0-antonio-moreno-benitez-d-e-p\/","title":{"rendered":"1956-Febrero 12.-Cuarto Anillo.-Don Antonio Moreno Ben\u00edtez.-60Aniversario."},"content":{"rendered":"<p>&nbsp;<\/p>\n<figure id=\"attachment_48045\" aria-describedby=\"caption-attachment-48045\" style=\"width: 960px\" class=\"wp-caption alignnone\"><img data-recalc-dims=\"1\" loading=\"lazy\" decoding=\"async\" class=\"size-large wp-image-48045\" src=\"https:\/\/i0.wp.com\/www.manquepierda.com\/historiarealbetis\/files\/2012\/08\/Antonio-MORENO-Ben%C3%ADtez.jpg?resize=960%2C658&#038;ssl=1\" alt=\"mmmm\" width=\"960\" height=\"658\" srcset=\"https:\/\/i0.wp.com\/www.manquepierda.com\/historiarealbetis\/files\/2012\/08\/Antonio-MORENO-Ben%C3%ADtez.jpg?resize=960%2C658&amp;ssl=1 960w, https:\/\/i0.wp.com\/www.manquepierda.com\/historiarealbetis\/files\/2012\/08\/Antonio-MORENO-Ben%C3%ADtez.jpg?resize=220%2C151&amp;ssl=1 220w, https:\/\/i0.wp.com\/www.manquepierda.com\/historiarealbetis\/files\/2012\/08\/Antonio-MORENO-Ben%C3%ADtez.jpg?resize=680%2C466&amp;ssl=1 680w, https:\/\/i0.wp.com\/www.manquepierda.com\/historiarealbetis\/files\/2012\/08\/Antonio-MORENO-Ben%C3%ADtez.jpg?resize=768%2C526&amp;ssl=1 768w, https:\/\/i0.wp.com\/www.manquepierda.com\/historiarealbetis\/files\/2012\/08\/Antonio-MORENO-Ben%C3%ADtez.jpg?w=1387&amp;ssl=1 1387w\" sizes=\"auto, (max-width: 960px) 100vw, 960px\" \/><figcaption id=\"caption-attachment-48045\" class=\"wp-caption-text\"><em><strong>\u00abEsta fotograf\u00eda fue hecha dos horas antes de ocurrir el accidente que cost\u00f3 la vida a don Antonio Moreno Ben\u00edtez, que se muestra aqu\u00ed sonriente (x), a la derecha de su hijo. Con ellos, ante el autocar que los llev\u00f3 a Almendralejo, otros entusiastas seguidores del Real Betis<\/strong><\/em> <strong>Balompi\u00e9\u00bb.-<\/strong>Semanario Gr\u00e1fico de Actualidades, Toros y Deportes \u00a1OIGA\u00a1-Sevilla, martes 06 de Marzo de 1956.<\/figcaption><\/figure>\n<p style=\"text-align: justify\"><strong>\u00abDON ANTONIO MORENO BEN\u00cdTEZ ERA UN AFICIONADO AL BALOMPI\u00c9, SOCIO DE NUESTROS DOS CLUBES, AUNQUE SEGUIDOR DEL REAL BETIS\u00bb.<\/strong><\/p>\n<p style=\"text-align: justify\"><strong>\u00abSu familia ha quedado desamparada econ\u00f3micamente, y es de esperar que los sevillanos demuestren su generosidad\u00bb.<\/strong><\/p>\n<p style=\"text-align: justify\"><em>\u00abEl desgraciado accidente ocurrido en Almendralejo d\u00edas atr\u00e1s, que cost\u00f3 la vida a <strong>don Antonio Moreno Ben\u00edtez, seguidor del Real Betis Balompi\u00e9, <\/strong><\/em><em>que se hab\u00eda desplazado a dicha localidad con \u00e1nimo de presenciar el encuentro de f\u00fatbol a disputar entre este equipo y el de Club de F\u00fatbol Extremadura, ha producido un hondo pesar en la afici\u00f3n sevillana.<\/em><\/p>\n<p style=\"text-align: justify\"><em>Como casi todos conocen, el se\u00f1or Moreno Ben\u00edtez fue atropellado por un tractor, que le ocasion\u00f3 la muerte. Las circunstancias del accidente que presenci\u00f3 su propio hijo, fueron tr\u00e1gicas. Hacia pocas horas que se encontraban en Almendralejo y a\u00fan no se hab\u00eda jugado el encuentro de f\u00fatbol, por lo que todos los seguidores b\u00e9ticos que se hab\u00edan desplazado en la excursi\u00f3n organizada por <strong>la Pe\u00f1a B\u00e9tica \u00abPuerta de la Carne\u00bb <\/strong>se encontraban con el \u00e1nimo de buen humor y dispuestos a celebrar la victoria que sus pron\u00f3sticos daban por cierta. Ello, no obstante, conviene aclarar&#8211;aunque ya se ha hecho oficialmente&#8211;que el accidente no ocurri\u00f3 por descuidos o abusos de bebida; tuvo que suceder y basta. Si alguna culpa hay que buscar, \u00e9sta puede achacarse al conductor del veh\u00edculo homicida, que circul\u00f3 por su izquierda y a excesiva velocidad para efectuar un cruce. Pero, en fin, de estas cosas mejor es ya no tratar.<\/em><\/p>\n<p style=\"text-align: center\">\u00abUNA BELLA IDEA\u00bb<\/p>\n<p style=\"text-align: justify\"><em>Tambi\u00e9n es de todo conocida la idea de efectuar una suscripci\u00f3n p\u00fablica con objeto de recaudar una cantidad de pesetas que remedie un poco la situaci\u00f3n econ\u00f3mica de la familia, que ha quedado, como se apreciar\u00e1 en el reportaje, en el mayor desamparo.<\/em><\/p>\n<p style=\"text-align: justify\"><em>Naturalmente, toda la afici\u00f3n sevillana, tanto b\u00e9tica como sevillista, se ha sumado de agrado a esta feliz iniciativa, y hoy en d\u00eda la cifra de la suscripci\u00f3n es relativamente elevada, aunque se espera mucho m\u00e1s de la generosidad p\u00fablica.<\/em><\/p>\n<p style=\"text-align: center\">\u00abUN GRAN AFICIONADO\u00bb<\/p>\n<p style=\"text-align: justify\"><em><strong>Don Antonio Moreno Ben\u00edtez <\/strong><\/em><em>era un gran aficionado al f\u00fatbol. Su equipo predilecto era <strong>el Real Betis Balompi\u00e9, por el que sent\u00eda una afici\u00f3n sin l\u00edmites desde ni\u00f1o. Pero su afici\u00f3n al balompi\u00e9 no ten\u00eda barreras de partidismo, y as\u00ed era igualmente socio del Sevilla Club de F\u00fatbol, al que siempre animaba con entusiasmo cuando no jugaba con el Betis, naturalmente. <\/strong><strong>Y decimos esto, porque el se\u00f1or Moreno Ben\u00edtez era b\u00e9tico de solera, de esos que quieren todo lo sevillano y se olvidan del partidismo cuando se trata de defender el nombre de la Ciudad. Tambi\u00e9n era muy frecuente verlo en los campos del Subcomit\u00e9 y la Residencia, presenciando los partidos de los campeonatos locales, siempre llevado por su gran afici\u00f3n al f\u00fatbol.<\/strong><\/em><\/p>\n<p style=\"text-align: justify\"><em><strong>El se\u00f1or Moreno Ben\u00edtez, como muchos b\u00e9ticos, ten\u00eda por costumbre ir en compa\u00f1\u00eda del equipo a sus desplazamientos, por lo que vivi\u00f3 aquellos hist\u00f3ricos d\u00edas en que el Betis Balompi\u00e9 consigui\u00f3 sus gloriosos triunfos fuera del campo del \u00abPatronato Obrero\u00bb e incluso \u00abHeli\u00f3polis\u00bb, <\/strong>pues seg\u00fan nos informan, sigui\u00f3 al Betis estando el <strong>club en Primera, Segunda y Tercera Divisi\u00f3n. <\/strong>Esta costumbre, sin embargo, por razones de familia, la hab\u00eda abandonado esta temporada, <strong>siendo este viaje a Almendralejo el primero que realizaba.<\/strong><\/em><\/p>\n<p style=\"text-align: center\">\u00abLA FAMILIA NO TIENE MEDIOS ECON\u00d3MICOS\u00bb<\/p>\n<p style=\"text-align: justify\"><em><strong>Don Antonio Moreno Ben\u00edtez ten\u00eda 47 a\u00f1os, y desde hace muchos prestaba sus servicios en la firma de Tejidos y Confecci\u00f3n \u00abIglesias, P\u00e9rez y Soro, Sociedad An\u00f3nima\u00bb [Almacenes \u00abLas Siete Puertas\u00bb-calle Puente y Pell\u00f3n n\u00ba 11]. Viv\u00eda en la calle Mu\u00f1oz Seca n\u00ba 8, <\/strong>y en todas las personas est\u00e1 el \u00e1nimo de que era un padre de familia cari\u00f1oso y de intachable moral. Por ello, y por su gran afici\u00f3n al balompi\u00e9, ten\u00eda un elevado n\u00famero de amistades, que ten\u00edan en \u00e9l un amigo siempre a servirles.<\/em><\/p>\n<p style=\"text-align: justify\"><em>Deja el se\u00f1or Moreno Ben\u00edtez viuda y tres hijos. Su esposa, do\u00f1a Carmen Serrano Valdivia, a\u00fan no ha recuperado su salud despu\u00e9s del disgusto, que la tiene guardando cama y en completo estado nervioso. Sus tres hijos&#8211;dos ni\u00f1as y un muchacho&#8211;son muy j\u00f3venes. El var\u00f3n cuenta diecisiete a\u00f1os y es el \u00fanico que gana alg\u00fan dinero, ya que trabaja como auxiliar de oficina en los almacenes \u00abBlanco Ben\u00edtez\u00bb. Gana unas 800 pesetas. Carmen tiene catorce y la m\u00e1s peque\u00f1a, Mar\u00eda Teresa, s\u00f3lo cuenta siete.<\/em><\/p>\n<p style=\"text-align: justify\"><em>Verdaderamente las desgracias son para todos de igual magnitud, pero cuando caen en la casa del pobre, sus consecuencias son mayores. Hasta ahora&#8211;nos ha confesado el hermano del difunto&#8211;est\u00e1n viviendo del cobro de la p\u00f3liza del seguro que ten\u00eda hecho, pero \u00e9ste era s\u00f3lo de cincuenta mil pesetas y han tenido que pagar muchos gastos. Se da tambi\u00e9n la circunstancia de que ten\u00eda pedido un anticipo en el empleo, donde ganaba unas 900 pesetas. As\u00ed, pues, la paga que quedar\u00e1 a la viuda, del Montep\u00edo, ser\u00e1 aproximadamente de cuatrocientas pesetas.<\/em><\/p>\n<p style=\"text-align: center\">\u00abSIN PROYECTOS\u00bb<\/p>\n<p style=\"text-align: justify\"><em>Es obvio decir que hasta la presente no tienen hecho ning\u00fan proyecto para el futuro. Aunque su cu\u00f1ado les ayude en lo posible, como es un trabajador poco ser\u00e1 lo que por ellos pueda hacer. El sueldo del hijo mayor es relativamente corto, aunque tal vez ahora al ser hu\u00e9rfano de padre aumente algo. En definitiva, no tienen por ahora, ning\u00fan proyecto que les anime a emprender una nueva vida.<\/em><\/p>\n<p style=\"text-align: justify\"><strong>Hemos expuesto las circunstancias en que queda la familia del se\u00f1or Moreno Ben\u00edtez (q. e. p. d.), con objeto de hacer llegar a los sevillanos la verdad de la situaci\u00f3n, a fin de que colabore con sus posibilidades al remedio econ\u00f3mico, ya que, desgraciadamente, no nos es posible hacer otra cosa por \u00e9l\u00bb.-<\/strong>N. J. S.<\/p>\n<p style=\"text-align: center\">Esquelas en ABC-Sevilla.-<strong>Real Betis Balompi\u00e9 y Pe\u00f1a B\u00e9tica \u00abPuerta de la Carne\u00bb:<\/strong><\/p>\n<p style=\"text-align: center\"><img data-recalc-dims=\"1\" loading=\"lazy\" decoding=\"async\" class=\"alignright size-thumbnail wp-image-48046\" src=\"https:\/\/i0.wp.com\/www.manquepierda.com\/historiarealbetis\/files\/2012\/08\/RBB-esquelaABC-220x160.jpg?resize=220%2C160&#038;ssl=1\" alt=\"RBB-esquelaABC\" width=\"220\" height=\"160\" srcset=\"https:\/\/i0.wp.com\/www.manquepierda.com\/historiarealbetis\/files\/2012\/08\/RBB-esquelaABC.jpg?resize=220%2C160&amp;ssl=1 220w, https:\/\/i0.wp.com\/www.manquepierda.com\/historiarealbetis\/files\/2012\/08\/RBB-esquelaABC.jpg?resize=680%2C493&amp;ssl=1 680w, https:\/\/i0.wp.com\/www.manquepierda.com\/historiarealbetis\/files\/2012\/08\/RBB-esquelaABC.jpg?resize=768%2C557&amp;ssl=1 768w, https:\/\/i0.wp.com\/www.manquepierda.com\/historiarealbetis\/files\/2012\/08\/RBB-esquelaABC.jpg?resize=960%2C696&amp;ssl=1 960w, https:\/\/i0.wp.com\/www.manquepierda.com\/historiarealbetis\/files\/2012\/08\/RBB-esquelaABC.jpg?w=1342&amp;ssl=1 1342w\" sizes=\"auto, (max-width: 220px) 100vw, 220px\" \/><\/p>\n<p style=\"text-align: justify\"><img data-recalc-dims=\"1\" loading=\"lazy\" decoding=\"async\" class=\"alignleft size-thumbnail wp-image-48047\" src=\"https:\/\/i0.wp.com\/www.manquepierda.com\/historiarealbetis\/files\/2012\/08\/esquelaPBPDLC.jpg?resize=119%2C220&#038;ssl=1\" alt=\"esquelaPBPDLC\" width=\"119\" height=\"220\" srcset=\"https:\/\/i0.wp.com\/www.manquepierda.com\/historiarealbetis\/files\/2012\/08\/esquelaPBPDLC.jpg?resize=119%2C220&amp;ssl=1 119w, https:\/\/i0.wp.com\/www.manquepierda.com\/historiarealbetis\/files\/2012\/08\/esquelaPBPDLC.jpg?resize=324%2C600&amp;ssl=1 324w, https:\/\/i0.wp.com\/www.manquepierda.com\/historiarealbetis\/files\/2012\/08\/esquelaPBPDLC.jpg?resize=378%2C700&amp;ssl=1 378w, https:\/\/i0.wp.com\/www.manquepierda.com\/historiarealbetis\/files\/2012\/08\/esquelaPBPDLC.jpg?w=614&amp;ssl=1 614w\" sizes=\"auto, (max-width: 119px) 100vw, 119px\" \/><\/p>\n<p style=\"text-align: justify\">D. Antonio Moreno Ben\u00edtez,\u00a0 Socio de n\u00famero del Real Betis Balompi\u00e9,\u00a0 que falleci\u00f3 en Almendralejo (Badajoz), domingo 12 de Febrero de 1956, donde se encontraba tras llegar en el autob\u00fas fletado por la \u00abPe\u00f1a B\u00e9tica Puerta de la Carne\u00bb, con la intenci\u00f3n de asistir al partido de la 20\u00aa Jornada-Liga Segunda Divisi\u00f3n-Grupo Sur 1955-1956: Club de F\u00fatbol Extremadura-0\u00a0 vs.\u00a0 Real Betis Balompi\u00e9-0; 47 a\u00f1os de edad,\u00a0 esposo que fue de do\u00f1a Carmen Serrano Valdivia.-D. E. P.<\/p>\n<p>\u00abEl Correo de Andaluc\u00eda\u00bb-Martes 14-02-1956:<\/p>\n<p style=\"text-align: justify\">\u00abCuando con otros amigos y uno de sus hijos se dispon\u00eda a almorzar tuvo la desgracia de ser arrollado por un tractor,\u00a0 que desemboc\u00f3 de una esquina inesperadamente.<\/p>\n<p style=\"text-align: justify\">Atendido de primera intenci\u00f3n en Almendralejo,\u00a0 y ante la gravedad de las heridas fue trasladado al Hospital Provincial de Badajoz,\u00a0 donde fallec\u00eda a las 19&#8217;30 horas-7y media de la tarde del domingo 12-Febrero-1956.<\/p>\n<p style=\"text-align: justify\">El Real Betis Balompi\u00e9\u00a0 (public\u00f3 en el diario ABC de Sevilla una esquela) y la Pe\u00f1a B\u00e9tica \u00abPuerta de la Carne\u00bb han organizado los funerales por el eterno descanso del finado\u00bb.<\/p>\n<p style=\"text-align: center\">\u00abSEVILLA-diario de la tarde, s\u00e1bado 18 de Febrero de 1956\u00bb:<\/p>\n<p style=\"text-align: justify\"><a href=\"https:\/\/i0.wp.com\/www.manquepierda.com\/historiarealbetis\/files\/2012\/08\/logo_FPB1.gif?ssl=1\"><img data-recalc-dims=\"1\" loading=\"lazy\" decoding=\"async\" class=\"size-full wp-image-20897 aligncenter\" title=\"logo_FPB1\" src=\"https:\/\/i0.wp.com\/www.manquepierda.com\/historiarealbetis\/files\/2012\/08\/logo_FPB1.gif?resize=118%2C118&#038;ssl=1\" alt=\"\" width=\"118\" height=\"118\" \/><\/a>\u00abHa sido abierta la suscripci\u00f3n en favor de los familiares de don Antonio Moreno Ben\u00edtez.-La primera relaci\u00f3n asciende a 21.780 pesetas:<\/p>\n<p style=\"text-align: justify\">Para mayor facilidad de las personas que deseen unirse\u00a0 a esta iniciativa de la Pe\u00f1a B\u00e9tica \u00abPuerta de la Carne\u00bb sita en Men\u00e9ndez y Pelayo n\u00ba 36,\u00a0 aparte de poder recibir las aportaciones,\u00a0 pueden realizarlas en los siguientes establecimientos:\u00a0 Bar 6&#8217;40 (Alh\u00f3ndiga n\u00ba 15);\u00a0 Bar Blanco Cerrillo (Barcelona n\u00ba 5);\u00a0 Bar Casa Ib\u00e1\u00f1ez (Alameda de H\u00e9rcules n\u00ba 43)\u00a0 y\u00a0 Bar Quijano (Feria n\u00ba 103).<\/p>\n<p style=\"text-align: center\">PRIMERA RELACI\u00d3N-SOLIDARIA-AYUDA A LA FAMILIA MORENO SERRANO:<\/p>\n<p style=\"text-align: justify\">500 Pesetas.-Excm\u00ba. Sr. D. Eduardo S\u00e1enz de Buruaga.<\/p>\n<p>5.000 Pesetas.-REAL BETIS BALOMPI\u00c9.<\/p>\n<p>11.350 Pesetas.-DIRECTIVOS-Real Betis Balompi\u00e9.<\/p>\n<p>100 Pesetas.-Manuel SIM\u00d3 Mateos.<\/p>\n<p>100 Pesetas.-Ventura CASTELL\u00d3 Hern\u00e1ndez.<\/p>\n<p>100 Pesetas.-Santiago MONTOTO.<\/p>\n<p>500 Pesetas.-PE\u00d1A B\u00c9TICA \u00abPUERTA DE LA CARNE\u00bb.<\/p>\n<p>100 Pesetas.-Bartolom\u00e9 SANZ\u00a0 Sanz-Esteban.-PRESIDENTE-Pe\u00f1a B\u00e9tica \u00abPuerta de la Carne\u00bb.<\/p>\n<p>100 Pesetas.-Antonio ROCHA Alarc\u00f3n.-VICEPRESIDENTE.-\u00cddem.<\/p>\n<p>100 Pesetas.-Manuel GUTI\u00c9RREZ L\u00f3pez-SECRETARIO.-\u00cddem.<\/p>\n<p>100 Pesetas.-Salvador CAMPRUB\u00cd.-VOCAL.-\u00cddem.<\/p>\n<p>50 Ptas.-Miguel Alonso Tejada.<\/p>\n<p>100 Pesetas.-AM\u00c9RICO Ca\u00f1as Mart\u00ednez.<\/p>\n<p>100 Pesetas.-Armando Bezold Gonz\u00e1lez-ARMAD\u00cdN.<\/p>\n<p>100 Pesetas.-Jos\u00e9 Besteiro Fari\u00f1as-PORTU.<\/p>\n<p>100 Pesetas.-Jos\u00e9 CABRERA Baz\u00e1n.<\/p>\n<p>50 Pesetas.-Jos\u00e9 CASTELLANO Fern\u00e1ndez.<\/p>\n<p>100 Pesetas.-Carlos Santiago De CELA Pereira.<\/p>\n<p>500 Pesetas.-Padre del jugador CELA.<\/p>\n<p>100 Pesetas.-Lu\u00eds CIFUENTES Zarracina.<\/p>\n<p>100 Pesetas.-Lu\u00eds DEL SOL Cascajares.<\/p>\n<p>50 Ptas.-Amador De la Concha.<\/p>\n<p>50 Ptas.-Diego DE LA VILLA Ortiz.<\/p>\n<p>50 Pras.-Domingo D\u00edaz Mart\u00edn.<\/p>\n<p>100 Pesetas.-EUGENIO Ruiz P\u00e9rez.<\/p>\n<p>50 Pesetas.-FELIPE Alberto Lu\u00eds.<\/p>\n<p>25 Ptas.-Antonio Fern\u00e1ndez Gordillo.<\/p>\n<p>100 Pesetas.-Juan GABILONDO Muguerza.<\/p>\n<p>100 Pesetas.-Jos\u00e9 Garc\u00eda Garc\u00eda-BOTELLA II.<\/p>\n<p>100 Pesetas.-GENARO Rodr\u00edguez De los Santos.<\/p>\n<p>5 Pesetas: Antonio G\u00f3mez Borja-Botones del Club.<\/p>\n<p>100 Pesetas.-Julio G\u00f3mez VILARI\u00d1O.<\/p>\n<p>50 Pesetas.-Jorge Gonz\u00e1lez Escobar.<\/p>\n<p>100 Pesetas.-Pedro GONZ\u00c1LEZ L\u00e1zaro.<\/p>\n<p>100 Pesetas.-Tom\u00e1s GUERRERO Fern\u00e1ndez.<\/p>\n<p>100 Pesetas.-\u00c1ngel LEDESMA Morales.<\/p>\n<p>100 Pesetas.-Antonio LINARES Sanz.<\/p>\n<p>50 Pesetas.-Manuel L\u00f3pez Marmol-JOAQUINITO.<\/p>\n<p>100 Pesetas.-Manuel LORA Caicedo.<\/p>\n<p>50 Pesetas.-Lu\u00eds Muriel Orfila.<\/p>\n<p>100 Pesetas.-Jos\u00e9 PE\u00d1AFUERTE Ruiz.<\/p>\n<p>100 Ptas.-\u00c1ngel Rodr\u00edguez.<\/p>\n<p>50 Ptas.-Jos\u00e9 Rodr\u00edguez Mart\u00ednez.<\/p>\n<p>50 Ptas.-Rafael Rodr\u00edguez Mart\u00ednez.<\/p>\n<p>50 Pras.-Rafael Rodr\u00edguez Verdugo.<\/p>\n<p>100 Pesetas.-Jos\u00e9 RUIZ MESA.<\/p>\n<p>50 Pesetas.-Adolfo Sancho Carrillo De Albornoz.-ADOLFITO-ADOLFO I.<\/p>\n<p>100 Pesetas.-Eduardo SOBRADO V\u00e1zquez.<\/p>\n<p>25 Pesetas.-Antonio TENORIO Mart\u00ednez.<\/p>\n<p>50 Pesetas.-Jos\u00e9 VALDERAS Rum\u00ed.<\/p>\n<p>250 Pesetas.-Jos\u00e9 VALERA Nocera.<\/p>\n<p>100 Pesetas.-Juan VALIENTE Mart\u00ednez-VALENTIN.<\/p>\n<p>100 Pesetas.-Isidro VILLOTA Elejalde.<\/p>\n<p>25 Pesetas.-\u00abUn simpatizante del BETIS\u00bb.<\/p>\n<p>21.780 Pesetas-Total Primera Relaci\u00f3n\u00bb.<\/p>\n<p style=\"text-align: justify\">1956-Febrero 22. mi\u00e9rcoles \u00abEl Correo de Andaluc\u00eda\u00bb.-\u00abHasta el momento se han totalizado 32.797 pesetas,\u00a0 de las cuales 28.272 pesetas corresponde a la primera y segunda relaciones de donativos,\u00a0 y\u00a0 4.525 pesetas a la tercera,\u00a0 del d\u00eda de la fecha\u00bb.<\/p>\n<p style=\"text-align: justify\">1956-Marzo 07, mi\u00e9rcoles \u00abEl Correo de Andaluc\u00eda\u00bb.-Finalizamos hoy de publicar la cuarta relaci\u00f3n de donativos recibidos para la Familia de D. Antonio Moreno Ben\u00edtez (q. e. p. d.) fallecido en accidente en Almendralejo (Badajoz).<\/p>\n<p>16.425 Pesetas.-4\u00aa Relaci\u00f3n.<\/p>\n<p>04.525 Pesetas.-3\u00aa \u00eddem.<\/p>\n<p>06.492 Pesetas.-2\u00aa \u00eddem.<\/p>\n<p>21.780 Pesetas.-1\u00aa Relaci\u00f3n-Donativos.<\/p>\n<p>49.222 Pesetas.-TOTAL Recaudaci\u00f3n-Donativos-Pro Familia Moreno-Serrano\u00bb.<\/p>\n<p>&nbsp;<\/p>\n<p>&nbsp;<\/p>\n<p>&nbsp;<\/p>\n<p>&nbsp;<\/p>\n","protected":false},"excerpt":{"rendered":"<p>&nbsp; \u00abDON ANTONIO MORENO BEN\u00cdTEZ ERA UN AFICIONADO AL BALOMPI\u00c9, SOCIO DE NUESTROS DOS CLUBES, AUNQUE SEGUIDOR DEL REAL BETIS\u00bb. \u00abSu familia ha quedado desamparada econ\u00f3micamente, y es de esperar que los sevillanos demuestren su generosidad\u00bb. \u00abEl desgraciado accidente ocurrido en Almendralejo d\u00edas atr\u00e1s, que cost\u00f3 la vida a don Antonio Moreno Ben\u00edtez, seguidor del&#8230;<\/p>\n","protected":false},"author":48,"featured_media":48045,"comment_status":"open","ping_status":"open","sticky":false,"template":"","format":"standard","meta":{"_kad_post_transparent":"","_kad_post_title":"","_kad_post_layout":"","_kad_post_sidebar_id":"","_kad_post_content_style":"","_kad_post_vertical_padding":"","_kad_post_feature":"","_kad_post_feature_position":"","_kad_post_header":false,"_kad_post_footer":false,"_kad_post_classname":"","_jetpack_memberships_contains_paid_content":false,"footnotes":"","jetpack_publicize_message":"","jetpack_publicize_feature_enabled":true,"jetpack_social_post_already_shared":false,"jetpack_social_options":{"image_generator_settings":{"template":"highway","default_image_id":0,"font":"","enabled":false},"version":2}},"categories":[901,906,894,1],"tags":[4126,1239,1493],"class_list":["post-20896","post","type-post","status-publish","format-standard","has-post-thumbnail","hentry","category-1950-1959","category-investigacion-temas","category-la-aficion","category-portada","tag-1955-56","tag-1239","tag-pena-betica-puerta-de-la-carne"],"jetpack_publicize_connections":[],"jetpack_featured_media_url":"https:\/\/i0.wp.com\/www.manquepierda.com\/historiarealbetis\/files\/2012\/08\/Antonio-MORENO-Ben%C3%ADtez.jpg?fit=1387%2C950&ssl=1","jetpack_sharing_enabled":true,"jetpack_shortlink":"https:\/\/wp.me\/p1ij08-5r2","jetpack-related-posts":[],"_links":{"self":[{"href":"https:\/\/www.manquepierda.com\/historiarealbetis\/wp-json\/wp\/v2\/posts\/20896","targetHints":{"allow":["GET"]}}],"collection":[{"href":"https:\/\/www.manquepierda.com\/historiarealbetis\/wp-json\/wp\/v2\/posts"}],"about":[{"href":"https:\/\/www.manquepierda.com\/historiarealbetis\/wp-json\/wp\/v2\/types\/post"}],"author":[{"embeddable":true,"href":"https:\/\/www.manquepierda.com\/historiarealbetis\/wp-json\/wp\/v2\/users\/48"}],"replies":[{"embeddable":true,"href":"https:\/\/www.manquepierda.com\/historiarealbetis\/wp-json\/wp\/v2\/comments?post=20896"}],"version-history":[{"count":1,"href":"https:\/\/www.manquepierda.com\/historiarealbetis\/wp-json\/wp\/v2\/posts\/20896\/revisions"}],"predecessor-version":[{"id":98845,"href":"https:\/\/www.manquepierda.com\/historiarealbetis\/wp-json\/wp\/v2\/posts\/20896\/revisions\/98845"}],"wp:featuredmedia":[{"embeddable":true,"href":"https:\/\/www.manquepierda.com\/historiarealbetis\/wp-json\/wp\/v2\/media\/48045"}],"wp:attachment":[{"href":"https:\/\/www.manquepierda.com\/historiarealbetis\/wp-json\/wp\/v2\/media?parent=20896"}],"wp:term":[{"taxonomy":"category","embeddable":true,"href":"https:\/\/www.manquepierda.com\/historiarealbetis\/wp-json\/wp\/v2\/categories?post=20896"},{"taxonomy":"post_tag","embeddable":true,"href":"https:\/\/www.manquepierda.com\/historiarealbetis\/wp-json\/wp\/v2\/tags?post=20896"}],"curies":[{"name":"wp","href":"https:\/\/api.w.org\/{rel}","templated":true}]}}