{"id":21054,"date":"2012-08-14T08:25:19","date_gmt":"2012-08-14T07:25:19","guid":{"rendered":"http:\/\/www.manquepierda.com\/historiarealbetis\/?p=21054"},"modified":"2025-08-27T23:51:08","modified_gmt":"2025-08-27T21:51:08","slug":"el-betis-juvenil-en-el-ayuntamiento-1983","status":"publish","type":"post","link":"https:\/\/www.manquepierda.com\/historiarealbetis\/el-betis-juvenil-en-el-ayuntamiento-1983\/","title":{"rendered":"El Betis juvenil en el Ayuntamiento 1983"},"content":{"rendered":"<p style=\"text-align: center\"><a href=\"https:\/\/i0.wp.com\/www.manquepierda.com\/historiarealbetis\/files\/2012\/08\/El-Betis-Juvenil-Campe%C3%B3n-de-Copa-1983-en-el-Ayuntamiento.jpg?ssl=1\"><img data-recalc-dims=\"1\" loading=\"lazy\" decoding=\"async\" class=\"aligncenter wp-image-21088\" title=\"El Betis Juvenil Campe\u00f3n de Copa 1983 en el Ayuntamiento\" src=\"https:\/\/i0.wp.com\/www.manquepierda.com\/historiarealbetis\/files\/2012\/08\/El-Betis-Juvenil-Campe%C3%B3n-de-Copa-1983-en-el-Ayuntamiento.jpg?resize=642%2C322&#038;ssl=1\" alt=\"\" width=\"642\" height=\"322\" srcset=\"https:\/\/i0.wp.com\/www.manquepierda.com\/historiarealbetis\/files\/2012\/08\/El-Betis-Juvenil-Campe%C3%B3n-de-Copa-1983-en-el-Ayuntamiento.jpg?w=917&amp;ssl=1 917w, https:\/\/i0.wp.com\/www.manquepierda.com\/historiarealbetis\/files\/2012\/08\/El-Betis-Juvenil-Campe%C3%B3n-de-Copa-1983-en-el-Ayuntamiento.jpg?resize=300%2C150&amp;ssl=1 300w, https:\/\/i0.wp.com\/www.manquepierda.com\/historiarealbetis\/files\/2012\/08\/El-Betis-Juvenil-Campe%C3%B3n-de-Copa-1983-en-el-Ayuntamiento.jpg?resize=400%2C200&amp;ssl=1 400w\" sizes=\"auto, (max-width: 642px) 100vw, 642px\" \/><\/a><\/p>\n<p style=\"text-align: justify\" align=\"center\">El 25 de junio de 1983 el Betis Deportivo juvenil gana la Copa del Rey al imponerse en la final celebrada en Ciudad Real por 3 a 1 al Real Madrid.<\/p>\n<p style=\"text-align: justify\" align=\"center\">El 27 de junio el equipo es recibido en el Ayuntamiento hispalense por el alcalde de la ciudad, Manuel del Valle, y el teniente de alcalde, Manuel Fern\u00e1ndez Floranes.<\/p>\n<p style=\"text-align: justify\">En la imagen los componentes de la plantilla del Betis Deportivo juvenil, junto a las autoridades de la ciudad, directivos b\u00e9ticos, encabezados por el presidente Gerardo Mart\u00ednez Retamero y el entrenador del equipo Jos\u00e9 \u00c1ngel Moreno.<\/p>\n","protected":false},"excerpt":{"rendered":"<p>El 25 de junio de 1983 el Betis Deportivo juvenil gana la Copa del Rey al imponerse en la final celebrada en Ciudad Real por 3 a 1 al Real Madrid. El 27 de junio el equipo es recibido en el Ayuntamiento hispalense por el alcalde de la ciudad, Manuel del Valle, y el teniente&#8230;<\/p>\n","protected":false},"author":5,"featured_media":21088,"comment_status":"open","ping_status":"open","sticky":false,"template":"","format":"standard","meta":{"_kad_post_transparent":"","_kad_post_title":"","_kad_post_layout":"","_kad_post_sidebar_id":"","_kad_post_content_style":"","_kad_post_vertical_padding":"","_kad_post_feature":"","_kad_post_feature_position":"","_kad_post_header":false,"_kad_post_footer":false,"_kad_post_classname":"","_jetpack_memberships_contains_paid_content":false,"footnotes":"","jetpack_publicize_message":"","jetpack_publicize_feature_enabled":true,"jetpack_social_post_already_shared":false,"jetpack_social_options":{"image_generator_settings":{"template":"highway","default_image_id":0,"font":"","enabled":false},"version":2}},"categories":[904,1],"tags":[2186,4327,168,18749,3778,5456,5457,5458],"class_list":["post-21054","post","type-post","status-publish","format-standard","has-post-thumbnail","hentry","category-1980-1989","category-portada","tag-1982-83","tag-4327","tag-betis-juvenil","tag-copa-juvenil-1983","tag-gerardo-martinez-retamero","tag-jose-angel-moreno","tag-manuel-del-valle","tag-manuel-fernandez-floranes"],"jetpack_publicize_connections":[],"jetpack_featured_media_url":"https:\/\/i0.wp.com\/www.manquepierda.com\/historiarealbetis\/files\/2012\/08\/El-Betis-Juvenil-Campe%C3%B3n-de-Copa-1983-en-el-Ayuntamiento.jpg?fit=917%2C460&ssl=1","jetpack_sharing_enabled":true,"jetpack_shortlink":"https:\/\/wp.me\/p1ij08-5tA","jetpack-related-posts":[],"_links":{"self":[{"href":"https:\/\/www.manquepierda.com\/historiarealbetis\/wp-json\/wp\/v2\/posts\/21054","targetHints":{"allow":["GET"]}}],"collection":[{"href":"https:\/\/www.manquepierda.com\/historiarealbetis\/wp-json\/wp\/v2\/posts"}],"about":[{"href":"https:\/\/www.manquepierda.com\/historiarealbetis\/wp-json\/wp\/v2\/types\/post"}],"author":[{"embeddable":true,"href":"https:\/\/www.manquepierda.com\/historiarealbetis\/wp-json\/wp\/v2\/users\/5"}],"replies":[{"embeddable":true,"href":"https:\/\/www.manquepierda.com\/historiarealbetis\/wp-json\/wp\/v2\/comments?post=21054"}],"version-history":[{"count":1,"href":"https:\/\/www.manquepierda.com\/historiarealbetis\/wp-json\/wp\/v2\/posts\/21054\/revisions"}],"predecessor-version":[{"id":104712,"href":"https:\/\/www.manquepierda.com\/historiarealbetis\/wp-json\/wp\/v2\/posts\/21054\/revisions\/104712"}],"wp:featuredmedia":[{"embeddable":true,"href":"https:\/\/www.manquepierda.com\/historiarealbetis\/wp-json\/wp\/v2\/media\/21088"}],"wp:attachment":[{"href":"https:\/\/www.manquepierda.com\/historiarealbetis\/wp-json\/wp\/v2\/media?parent=21054"}],"wp:term":[{"taxonomy":"category","embeddable":true,"href":"https:\/\/www.manquepierda.com\/historiarealbetis\/wp-json\/wp\/v2\/categories?post=21054"},{"taxonomy":"post_tag","embeddable":true,"href":"https:\/\/www.manquepierda.com\/historiarealbetis\/wp-json\/wp\/v2\/tags?post=21054"}],"curies":[{"name":"wp","href":"https:\/\/api.w.org\/{rel}","templated":true}]}}