{"id":21058,"date":"2012-08-19T08:57:20","date_gmt":"2012-08-19T07:57:20","guid":{"rendered":"http:\/\/www.manquepierda.com\/historiarealbetis\/?p=21058"},"modified":"2012-08-27T21:04:18","modified_gmt":"2012-08-27T20:04:18","slug":"dias-de-gabarra-y-gloria-de-juan-carlos-lartxaga","status":"publish","type":"post","link":"https:\/\/www.manquepierda.com\/historiarealbetis\/dias-de-gabarra-y-gloria-de-juan-carlos-lartxaga\/","title":{"rendered":"D\u00edas de gabarra y gloria, de Juan Carlos Latxaga"},"content":{"rendered":"<p><a href=\"https:\/\/i0.wp.com\/www.manquepierda.com\/historiarealbetis\/files\/2012\/08\/Dias-de-gabarra-y-gloria.jpg?ssl=1\"><img data-recalc-dims=\"1\" loading=\"lazy\" decoding=\"async\" class=\"aligncenter size-full wp-image-21075\" title=\"Dias de gabarra y gloria\" src=\"https:\/\/i0.wp.com\/www.manquepierda.com\/historiarealbetis\/files\/2012\/08\/Dias-de-gabarra-y-gloria.jpg?resize=548%2C762&#038;ssl=1\" alt=\"\" width=\"548\" height=\"762\" srcset=\"https:\/\/i0.wp.com\/www.manquepierda.com\/historiarealbetis\/files\/2012\/08\/Dias-de-gabarra-y-gloria.jpg?w=548&amp;ssl=1 548w, https:\/\/i0.wp.com\/www.manquepierda.com\/historiarealbetis\/files\/2012\/08\/Dias-de-gabarra-y-gloria.jpg?resize=215%2C300&amp;ssl=1 215w\" sizes=\"auto, (max-width: 548px) 100vw, 548px\" \/><\/a><\/p>\n<p>En el 2008, con motivo de cumplirse 25 a\u00f1os del Campeonato de Liga obtenido por el Athletic en 1983,\u00a0el periodista bilba\u00edno Juan Carlos Latxaga public\u00f3 una obra destinada a rememorar la conquista de la Liga en 1983 y 1984 y la Copa en 1984.<\/p>\n<p>Se repasa la brillante trayectoria de los leones en esas dos temporadas, adem\u00e1s\u00a0de realizar unas emotivas entrevistas con los protagonistas de la \u00e9poca.<\/p>\n<p>Una obra muy recomendable para acercarnos al f\u00fatbol de comienzo de los 80, y al Athletic que se alz\u00f3 con 1 Copa y 2 Ligas. Por cierto, y \u00a0como se reconoce en el libro, sufri\u00f3 una de sus m\u00e1s duras derrotas en marzo de 1983 cuando en el Villamar\u00edn el Betis le endos\u00f3 un 5 a 1 en una tarde espectacular de los de Marcel Domingo.<\/p>\n<p>Este es el pr\u00f3logo con el que se inicia la obra, y en el que se rinde\u00a0homenaje a un f\u00fatbol distinto al de hoy en d\u00eda. Toda una serie de s\u00edmbolos y ritos que conocimos hace ya casi 30 a\u00f1os, en un f\u00fatbol que ha ido perdiendo ese sabor.<\/p>\n<p>&nbsp;<\/p>\n<p><em>Entonces los partidos val\u00edan dos puntos; positivos si se consegu\u00edan fuera, negativos si se perd\u00edan en casa. Esa cuenta, que solo se hac\u00eda en la Liga espa\u00f1ola, era una especie de cotizaci\u00f3n de nuestro equipo. No nos hac\u00eda falta saber cu\u00e1ntos puntos ten\u00eda. Sab\u00edamos que con cuatro negativos estaba al borde del descenso y a lo peor habr\u00eda que cambiar al entrenador, y que con cinco o seis positivos estar\u00edamos en la UEFA, siempre que fu\u00e9ramos capaces de mantenerlos hasta el final de la temporada. <\/em><\/p>\n<p><em>\u00a0<\/em><\/p>\n<p><em>Entonces los titulares vest\u00edan las camisetas con los n\u00fameros del uno al once y todos sab\u00edamos que el \u201ctres\u201d era el lateral izquierdo y el \u201cnueve\u201d, el delantero centro. Y hab\u00eda un c\u00f3digo no escrito que todos conoc\u00edamos. El \u201cdiez\u201d, por ejemplo, era casi siempre el mejor del equipo, el organizador, el cerebro, como el \u201cnueve\u201d era el goleador y el \u201ccinco\u201d, el stopper. El portero suplente era el \u201ctrece\u201d porque los jers\u00e9is de los porteros no llevaban n\u00famero a la espalda, salvo acaso los de los argentinos, y as\u00ed se evitaba que alg\u00fan suplente supersticioso tuviera que llevar ese n\u00famero maldito cosido a su espalda. En el extranjero hubo una excepci\u00f3n: Johan Cruyff, que siempre jugaba de titular con el \u201ccatorce\u201d, pero era en el extranjero y entonces eso pillaba muy lejos.<\/em><\/p>\n<p><em>\u00a0<\/em><\/p>\n<p><em>Adem\u00e1s los equipos jugaban siempre con sus colores. El Athletic solo cambiaba cuando jugaba en el Manzanares y en El Molin\u00f3n. A veces, como excepci\u00f3n y \u201cpor gentileza para con los telespectadores\u201d, como dec\u00eda el locutor, se cambiaba si jugaba un partido televisado contra otro equipo con la camiseta rayada. Y es que hasta entonces en la tele, el Athletic, la Real, el Espanyol, el Atl\u00e9tico de Madrid o el Sporting, vest\u00edan a rayas grises y blancas. Los televisores en color no llegaron hasta el Mundial.<\/em><\/p>\n<p><em>\u00a0<\/em><\/p>\n<p><em>Entonces, los futbolistas no ten\u00edan su nombre escrito en la espalda de la camiseta; les reconoc\u00edamos por su forma de correr, por su f\u00edsico, por c\u00f3mo le pegaban al bal\u00f3n\u2026 y por el n\u00famero que llevaban siempre a la espalda. Reconoc\u00edamos a los nuestros y a los de los otros equipos, porque entonces los futbolistas estaban muchos a\u00f1os en sus clubes, algunos toda su vida deportiva. Se retiraban en el equipo en el que hab\u00edan debutado y la afici\u00f3n les desped\u00eda con un partido de homenaje. El amor a los colores era entonces algo m\u00e1s que bonitas palabras; y si flaqueaba el amor, el club siempre pod\u00eda disponer del derecho de retenci\u00f3n, una arcaica cl\u00e1usula contractual que le permit\u00eda prolongar el v\u00ednculo con el jugador d\u00edscolo aplicando una simple mejora porcentual al importe de su ficha. Todav\u00eda no se hab\u00edan inventado los intermediarios ni las cl\u00e1usulas de rescisi\u00f3n. No hac\u00edan falta.<\/em><\/p>\n<p><em>\u00a0<\/em><\/p>\n<p><em>Los entrenadores solo pod\u00edan hacer dos cambios en los partidos y \u00fanicamente pod\u00edan convocar a quince jugadores, los once titulares m\u00e1s un portero y un suplente por cada l\u00ednea. Era muy distinto el f\u00fatbol entonces, hace veinticinco a\u00f1os, cuando el Athletic gan\u00f3 los \u00faltimos trofeos que han entrado en sus vitrinas. Sus rivales pod\u00edan tener a dos jugadores extranjeros que, se dec\u00eda entonces, marcaban la diferencia. Tambi\u00e9n entonces, como ahora, en el f\u00fatbol espa\u00f1ol jugaban los mejores del mundo. Maradona, Schuster, Stielike, Hugo S\u00e1nchez, Kempes\u2026 y tambi\u00e9n entonces era muy dif\u00edcil competir para el Athletic. Aunque aquellos eran otros tiempos y el club afrontaba las dificultades con la fortaleza que le daba el convencimiento de que, por encima de los resultados puntuales, tarde o temprano, la fidelidad a las ideas propias acaba siempre dando sus frutos. La paciencia era la virtud m\u00e1s apreciada. <\/em><\/p>\n<p><em>\u00a0<\/em><\/p>\n<p><em>La sociedad era muy distinta entonces. La muerte era una presencia casi cotidiana en las portadas de los peri\u00f3dicos. Y los secuestros y las bombas. Proliferaban las siglas y los pol\u00edticos se propon\u00edan unos a otros acuerdos para encontrar una soluci\u00f3n a todo aquello; acuerdos siempre desbaratados, a veces por los mismos que los propon\u00edan. Sufr\u00edamos una violencia que hac\u00eda casi irrespirable una atm\u00f3sfera que ya estaba enrarecida por una situaci\u00f3n econ\u00f3mica que manten\u00eda en la calle a miles de trabajadores. Los viejos tiempos se resist\u00edan a morir y a los nuevos les costaba nacer.<\/em><\/p>\n<p><em>\u00a0<\/em><\/p>\n<p><em>Y de pronto, sin previo aviso, el Athletic inund\u00f3 de entusiasmo aquel ambiente depresivo y deprimente. La oscuridad dio paso a la luz y el turbio Nervi\u00f3n que conocimos hasta entonces, se convirti\u00f3 en la m\u00e1s brillante pasarela para que desfilara sobre sus aguas el pueblo m\u00e1s alegre del mundo, el pueblo rojiblanco que con tanta paciencia y tanta fe hab\u00eda esperado aquel momento.<\/em><\/p>\n<p><em>\u00a0<\/em><\/p>\n<p><em>\u00a0Estas p\u00e1ginas est\u00e1n escritas para que los que vivieron aquellos a\u00f1os refresquen la memoria y vuelvan a disfrutar con su recuerdo, y para los que no los conocieron sepan lo que pas\u00f3. Para que unos y otros quieran un poco m\u00e1s si cabe al Athletic, el \u00fanico s\u00edmbolo en el que todos nos reconocemos con orgullo.\u00a0\u00a0\u00a0 <\/em><\/p>\n<p><em>\u00a0<\/em><\/p>\n<p><em>\u00a0<\/em><\/p>\n","protected":false},"excerpt":{"rendered":"<p>En el 2008, con motivo de cumplirse 25 a\u00f1os del Campeonato de Liga obtenido por el Athletic en 1983,\u00a0el periodista bilba\u00edno Juan Carlos Latxaga public\u00f3 una obra destinada a rememorar la conquista de la Liga en 1983 y 1984 y la Copa en 1984. Se repasa la brillante trayectoria de los leones en esas dos&#8230;<\/p>\n","protected":false},"author":5,"featured_media":21075,"comment_status":"open","ping_status":"open","sticky":false,"template":"","format":"standard","meta":{"_kad_post_transparent":"","_kad_post_title":"","_kad_post_layout":"","_kad_post_sidebar_id":"","_kad_post_content_style":"","_kad_post_vertical_padding":"","_kad_post_feature":"","_kad_post_feature_position":"","_kad_post_header":false,"_kad_post_footer":false,"_kad_post_classname":"","_jetpack_memberships_contains_paid_content":false,"footnotes":"","jetpack_publicize_message":"","jetpack_publicize_feature_enabled":true,"jetpack_social_post_already_shared":false,"jetpack_social_options":{"image_generator_settings":{"template":"highway","default_image_id":0,"font":"","enabled":false},"version":2}},"categories":[1,1176],"tags":[124,5577],"class_list":["post-21058","post","type-post","status-publish","format-standard","has-post-thumbnail","hentry","category-portada","category-relatos-de-futbol","tag-athletic-club","tag-juan-carlos-latxaga"],"jetpack_publicize_connections":[],"jetpack_featured_media_url":"https:\/\/i0.wp.com\/www.manquepierda.com\/historiarealbetis\/files\/2012\/08\/Dias-de-gabarra-y-gloria.jpg?fit=548%2C762&ssl=1","jetpack_sharing_enabled":true,"jetpack_shortlink":"https:\/\/wp.me\/p1ij08-5tE","jetpack-related-posts":[],"_links":{"self":[{"href":"https:\/\/www.manquepierda.com\/historiarealbetis\/wp-json\/wp\/v2\/posts\/21058","targetHints":{"allow":["GET"]}}],"collection":[{"href":"https:\/\/www.manquepierda.com\/historiarealbetis\/wp-json\/wp\/v2\/posts"}],"about":[{"href":"https:\/\/www.manquepierda.com\/historiarealbetis\/wp-json\/wp\/v2\/types\/post"}],"author":[{"embeddable":true,"href":"https:\/\/www.manquepierda.com\/historiarealbetis\/wp-json\/wp\/v2\/users\/5"}],"replies":[{"embeddable":true,"href":"https:\/\/www.manquepierda.com\/historiarealbetis\/wp-json\/wp\/v2\/comments?post=21058"}],"version-history":[{"count":0,"href":"https:\/\/www.manquepierda.com\/historiarealbetis\/wp-json\/wp\/v2\/posts\/21058\/revisions"}],"wp:featuredmedia":[{"embeddable":true,"href":"https:\/\/www.manquepierda.com\/historiarealbetis\/wp-json\/wp\/v2\/media\/21075"}],"wp:attachment":[{"href":"https:\/\/www.manquepierda.com\/historiarealbetis\/wp-json\/wp\/v2\/media?parent=21058"}],"wp:term":[{"taxonomy":"category","embeddable":true,"href":"https:\/\/www.manquepierda.com\/historiarealbetis\/wp-json\/wp\/v2\/categories?post=21058"},{"taxonomy":"post_tag","embeddable":true,"href":"https:\/\/www.manquepierda.com\/historiarealbetis\/wp-json\/wp\/v2\/tags?post=21058"}],"curies":[{"name":"wp","href":"https:\/\/api.w.org\/{rel}","templated":true}]}}