{"id":21333,"date":"2012-08-22T18:47:43","date_gmt":"2012-08-22T17:47:43","guid":{"rendered":"http:\/\/www.manquepierda.com\/historiarealbetis\/?p=21333"},"modified":"2024-10-15T20:02:39","modified_gmt":"2024-10-15T18:02:39","slug":"1914-nvbre-real-betis-fbc-adquirio-campo-deportes-huerta-del-fraile","status":"publish","type":"post","link":"https:\/\/www.manquepierda.com\/historiarealbetis\/1914-nvbre-real-betis-fbc-adquirio-campo-deportes-huerta-del-fraile\/","title":{"rendered":"1914-Nvbre: Real Betis FbC adquiri\u00f3 campo deportes \u00abHuerta del Fraile\u00bb."},"content":{"rendered":"<p><a href=\"https:\/\/i0.wp.com\/www.manquepierda.com\/historiarealbetis\/files\/2012\/08\/BetisFbC1.jpg?ssl=1\"><img data-recalc-dims=\"1\" loading=\"lazy\" decoding=\"async\" class=\"alignright size-medium wp-image-21334\" title=\"BetisFbC\" src=\"https:\/\/i0.wp.com\/www.manquepierda.com\/historiarealbetis\/files\/2012\/08\/BetisFbC1.jpg?resize=300%2C218&#038;ssl=1\" alt=\"\" width=\"300\" height=\"218\" srcset=\"https:\/\/i0.wp.com\/www.manquepierda.com\/historiarealbetis\/files\/2012\/08\/BetisFbC1.jpg?resize=300%2C218&amp;ssl=1 300w, https:\/\/i0.wp.com\/www.manquepierda.com\/historiarealbetis\/files\/2012\/08\/BetisFbC1.jpg?w=473&amp;ssl=1 473w\" sizes=\"auto, (max-width: 300px) 100vw, 300px\" \/><\/a><\/p>\n<p>\u00abSe encuentran bastante adelantados los trabajos de arreglo y exorno del bonito campo\u00a0 <strong>\u00abHuerta del Fraile\u00bb\u00a0 adquirido recientemente por el Real Betis Foot-ball Club:<\/strong><\/p>\n<p><strong><\/strong><a href=\"https:\/\/i0.wp.com\/www.manquepierda.com\/historiarealbetis\/files\/2012\/08\/Campo-del-Patronato.jpg?ssl=1\"><img data-recalc-dims=\"1\" loading=\"lazy\" decoding=\"async\" class=\"alignleft size-medium wp-image-21339\" title=\"Campo del Patronato\" src=\"https:\/\/i0.wp.com\/www.manquepierda.com\/historiarealbetis\/files\/2012\/08\/Campo-del-Patronato.jpg?resize=284%2C300&#038;ssl=1\" alt=\"\" width=\"284\" height=\"300\" srcset=\"https:\/\/i0.wp.com\/www.manquepierda.com\/historiarealbetis\/files\/2012\/08\/Campo-del-Patronato.jpg?resize=284%2C300&amp;ssl=1 284w, https:\/\/i0.wp.com\/www.manquepierda.com\/historiarealbetis\/files\/2012\/08\/Campo-del-Patronato.jpg?w=509&amp;ssl=1 509w\" sizes=\"auto, (max-width: 284px) 100vw, 284px\" \/><\/a><\/p>\n<p>&nbsp;<\/p>\n<p>&nbsp;<\/p>\n<p>&nbsp;<\/p>\n<p>&nbsp;<\/p>\n<p>&nbsp;<\/p>\n<p>Seg\u00fan nos dicen,\u00a0 el partido inaugural ser\u00e1 de gran pompa,\u00a0 tomando parte en \u00e9l,\u00a0 un importante equipo de C\u00e1diz (Espa\u00f1ol FbC);\u00a0 dicho partido ser\u00e1 \u00e1 beneficio de los repatriados,\u00a0 jug\u00e1ndose una magn\u00edfica Copa donada por un distinguido <em><strong>sportman de Sevilla.<\/strong><\/em><\/p>\n<p>En representaci\u00f3n de Su Majestad el Rey Alfonso XIII,\u00a0 asistir\u00e1 una distinguida personalidad sevillana.<\/p>\n<p>Esta Sociedad piensa cultivar en dicho campo el ciclismo,\u00a0 tennis,\u00a0 patines,\u00a0 y\u00a0 por \u00faltimo el <em>football,\u00a0 dedic\u00e1ndole todas sus energ\u00edas\u00bb.<\/em><\/p>\n<p style=\"text-align: center\"><a href=\"https:\/\/i0.wp.com\/www.manquepierda.com\/historiarealbetis\/files\/2012\/08\/Pedro-Rodr%C3%ADguez-de-la-Borbolla1.jpg?ssl=1\"><img data-recalc-dims=\"1\" loading=\"lazy\" decoding=\"async\" class=\"aligncenter size-medium wp-image-21343\" title=\"Pedro Rodr\u00edguez de la Borbolla\" src=\"https:\/\/i0.wp.com\/www.manquepierda.com\/historiarealbetis\/files\/2012\/08\/Pedro-Rodr%C3%ADguez-de-la-Borbolla1.jpg?resize=276%2C300&#038;ssl=1\" alt=\"\" width=\"276\" height=\"300\" srcset=\"https:\/\/i0.wp.com\/www.manquepierda.com\/historiarealbetis\/files\/2012\/08\/Pedro-Rodr%C3%ADguez-de-la-Borbolla1.jpg?resize=276%2C300&amp;ssl=1 276w, https:\/\/i0.wp.com\/www.manquepierda.com\/historiarealbetis\/files\/2012\/08\/Pedro-Rodr%C3%ADguez-de-la-Borbolla1.jpg?w=558&amp;ssl=1 558w\" sizes=\"auto, (max-width: 276px) 100vw, 276px\" \/><\/a>\u00a0<strong>\u00abHa regresado de Madrid el distinguido\u00a0<em>sportman,\u00a0 presidente del Real Betis Foot-ball Club,\u00a0 y diputado \u00e1 Cortes por Cazalla de la Sierra,\u00a0 don Pedro Rodr\u00edguez De la Borbolla y Serrano\u00bb.<\/em><\/strong><\/p>\n<p style=\"text-align: center\">Observaciones a tener en cuenta:<\/p>\n<p style=\"text-align: left\">1.-Campo \u00abHuerta del Fraile\u00bb:<\/p>\n<p style=\"text-align: left\">Fue adquirido en 1914 por el Real Betis Foot-ball Club.<\/p>\n<p style=\"text-align: left\">Tras las Juntas Generales de la Sociedad Sevilla Balompi\u00e9 y del Real Betis Foot-ball Club.<\/p>\n<p style=\"text-align: left\">En diciembre-1914 se produce la absorci\u00f3n por parte de la sociedad dominante Sevilla Balompi\u00e9 sobre el Real Betis FbC,\u00a0 fusion\u00e1ndose ambas sociedades sin perder el a\u00f1o de fundaci\u00f3n de la sociedad matriz de 1907,\u00a0 respet\u00e1ndose el t\u00edtulo concedido al Betis FbC:<\/p>\n<p style=\"text-align: center\">REAL BETIS BALOMPI\u00c9.<\/p>\n<p style=\"text-align: left\">El campo de la \u00abHuerta del Fraile\u00bb\u00a0 a continuaci\u00f3n se le conocer\u00eda c\u00f3mo Campo de Deportes Real Patronato Obrero, sito en el barrio de \u00abEl Porvenir\u00bb,\u00a0 propiedad del Real Betis Balompi\u00e9.<\/p>\n<p style=\"text-align: left\">2.-Secci\u00f3n deportiva de TENNIS.<\/p>\n<p style=\"text-align: left\">Por el legado de mi padre,\u00a0 Enrique A\u00f1ino Ilzarbe de Andueza,\u00a0 uno de los socios fundadores y directivo del BETIS TENIS CLUB,\u00a0 que redact\u00f3 bocetos referidos en primer lugar al Reglamento y Estatutos de la secci\u00f3n deportiva del Real Betis Balompi\u00e9 referida anteriormente;\u00a0 dibuj\u00f3 \u00abPlano del sector de la Huerta del Fraile tomado a oj\u00edmetro,\u00a0 Escala 1:400 aproximadamente del \u00abRaquet del Betis Sevillano\u00bb,\u00a0 c\u00f3mo as\u00ed \u00e9l le denomin\u00f3 en un principio,\u00a0 con las curiosidades siguientes:<\/p>\n<p style=\"text-align: left\">5 Pistas de Tenis.<\/p>\n<p style=\"text-align: left\">1.-De Skating.<\/p>\n<p style=\"text-align: left\">1.-Cuarto Vestuario para Se\u00f1oritas:\u00a0 Tocador+Duchas+Saloncito Secretar\u00eda+Vest\u00edbulo.<\/p>\n<p style=\"text-align: left\">1.-Cuarto Vestuario para Caballeros.<\/p>\n<p style=\"text-align: left\">-Pabell\u00f3n para el Guarda.<\/p>\n<p style=\"text-align: left\">-Chalet.-Tendereros.-Dep\u00f3sito de agua y toma correspondiente.<\/p>\n<p style=\"text-align: left\">-Paseo.-vial para coches.-Jardines.-Marquesina con puntos de luz.<\/p>\n<p style=\"text-align: left\">-Entrada al Campo de deportes-Real Patronato Obrero, anexo.<\/p>\n<p style=\"text-align: left\">Conocemos por tanto que en 1914 ya se practicaba por parte b\u00e9tica el tenis,\u00a0 pero no enfrentamientos con los clubes de tennis en C\u00e1diz,\u00a0 C\u00f3rdoba, Huelva, Jerez de la Frontera.<\/p>\n<p style=\"text-align: left\">-Tablada<\/p>\n<p style=\"text-align: left\">*\u00bbTenis Club Sevilla\u00a0 (Registro Civil-P\u00e1gina 34\u00aa-Asiento n\u00ba 271.-Fomento del Sport.-Fundaci\u00f3n,\u00a0 viernes 09-Octubre-1908).<\/p>\n<p style=\"text-align: center\">1914-Enero:<\/p>\n<p style=\"text-align: left\">\u00abSe est\u00e1 construyendo un campo de tennis,\u00a0 que en nada deber\u00e1 envidiar \u00e1 los dem\u00e1s,\u00a0 y en efecto ha llegado la terminaci\u00f3n de las obras y seg\u00fan parece se inaugurar\u00e1 para el pr\u00f3ximo mes.<\/p>\n<p style=\"text-align: left\">Parec\u00eda extra\u00f1o que siendo Sevilla tan aristocr\u00e1tico no poseyera el sport favorito de la aristocracia;\u00a0 en particular para la clase femenil.<\/p>\n<p style=\"text-align: left\">El campo est\u00e1 situado,\u00a0 al final del paseo de La Palmera,\u00a0 pudi\u00e9ndose llamar aquellos lugares <strong>Campo Sevillano de Deportes\u00bb.\u00a0 Ahora bien,\u00a0 el piso del campo es terrizo,\u00a0 afirm\u00e1ndose,\u00a0 que es de m\u00e1s comodidad para cultivar el sport.<br \/>\n<\/strong><\/p>\n<p style=\"text-align: left\"><strong><\/strong>La caseta-chalet,\u00a0 es de elegant\u00edsima construcci\u00f3n,\u00a0 semej\u00e1ndose \u00e1 la que posee el <strong>C\u00e1diz-Tennis-Club, en el Parque Genov\u00e9s\u00bb. \u00a0<\/strong><\/p>\n<p style=\"text-align: left\">C\u00f3mo SS.\u00a0 MM.\u00a0 los Reyes,\u00a0 pasar\u00e1n sus acostumbradas temporadas en Sevilla,\u00a0 y \u00e1 Do\u00f1a Victoria gusta jugar \u00e1 este deporte,\u00a0 parece ser,\u00a0 que todas las ma\u00f1anas se celebrar\u00e1n torneos de entrenamiento.<\/p>\n<p style=\"text-align: left\">La inauguraci\u00f3n ser\u00e1 en la primera decena del pr\u00f3ximo mes,\u00a0 celebr\u00e1ndose torneos de important\u00edsimo inter\u00e9s,\u00a0 pues se disputar\u00e1n magn\u00edficos galardones,\u00a0 concurriendo sportmens de Jerez,\u00a0 C\u00e1diz,\u00a0 Sevilla\u00a0 y\u00a0 quiz\u00e1s de Madrid.\u00a0 SS.\u00a0 MM. tomar\u00e1n parte.<\/p>\n<p style=\"text-align: left\"><strong>De foot-ball,\u00a0 <\/strong>en estas notas,\u00a0 no puedo dar \u00e1 las cajas noticias de este sport,\u00a0 por carecer de ellas el Corresponsal,\u00a0 debido \u00e1 las constantes lluvias y fr\u00edo reinante,\u00a0 que hacen imposible su cultivo.<\/p>\n<p style=\"text-align: left\"><strong>De Ciclismo,\u00a0 <\/strong>puedo decir,\u00a0 que la afici\u00f3n en \u00e9sta ha despertado much\u00edsimo,\u00a0 as\u00ed como en el <strong>automovilismo y motociclismo.<\/strong><\/p>\n<p style=\"text-align: left\">Nunca he visto en Sevilla tanto af\u00e1n por los deportes,\u00a0 por el desarrollo f\u00edsico;\u00a0 sigan pues,\u00a0 por el camino emprendido,\u00a0 distinguidos j\u00f3venes,\u00a0 que har\u00e9is Patria,\u00a0 vigorizando la raza\u00bb.<\/p>\n<p style=\"text-align: center\">1914-Febrero:<\/p>\n<p style=\"text-align: left\">\u00abEntre el elemento joven de nuestra aristocracia,\u00a0 ha despertado grand\u00edsimo entusiasmo el tennis,\u00a0 nuevo sport para ellos.<\/p>\n<p style=\"text-align: left\">Tanto es as\u00ed,\u00a0 que a la inauguraci\u00f3n del campo se verificar\u00e1 en la segunda quincena del presente,\u00a0 \u00e1 la que asistir\u00e1 Su Majestad la Reina,\u00a0 sirvi\u00e9ndose al terminar el torneo inaugural, un lunch.\u00a0 El acto lo amenizar\u00e1 un conjunto musical.<\/p>\n<p style=\"text-align: left\">Los socios del Sevilla-Tennis-Club celebraron Junta general,\u00a0 con el objeto de nombrar su directiva,\u00a0 quedando \u00e9sta constitu\u00edda en la forma que sigue:<\/p>\n<p style=\"text-align: left\">Presidente, D.\u00a0 A.\u00a0 Medina Garvey;\u00a0 Director,\u00a0 D.\u00a0 J.\u00a0 Parias;\u00a0 Tesorero,\u00a0 don L.\u00a0 Ibarra y Osborne;\u00a0 y Secretario D.\u00a0 E.\u00a0 Welton\u00bb.<\/p>\n<p style=\"text-align: center\">\u00ab1929-1930 y siguientes a\u00f1os:<\/p>\n<p style=\"text-align: left\">*\u00bbSociedad BETIS TENIS CLUB\u00bb.-Registro General de Asociaciones-Gobierno Civil de Sevilla sito en la Plaza de Espa\u00f1a:\u00a0 239\u00aa p\u00e1gina.-Asiento n\u00ba 265.-Fecha,\u00a0 domingo 05-Junio-1938.-Presidente Enrique Normand Faurie.-Domicilio: barrio de deportes, del barrio de El Porvenir.<\/p>\n<p style=\"text-align: left\">-Federaci\u00f3n Andaluza de \u00abLawn Tennis\u00bb.-Registrada tomo m\u00e1s peque\u00f1o-Registro General de Asociaciones: 78\u00aa p\u00e1gina-Asiento n\u00ba 26.-Fecha-Sevilla, s\u00e1bado 15-Septiembre-1934.<\/p>\n<p style=\"text-align: left\">**-Real Betis Balompi\u00e9.-Registro general de Asociaciones-Gobierno Civil de Sevilla-Plaza de Espa\u00f1a:\u00a0 193\u00aa P\u00e1gina-Asiento n\u00ba 3: REAL BETIS BALOMPI\u00c9.-Sevilla.-Sport.-Fecha:\u00a0 Lunes 01-FEBRERO-1909.<\/p>\n<p style=\"text-align: left\">*Correctamente asentado y sin tachadura de \u00abSociedad Sevilla\u00bb 36\u00aa P\u00e1gina-Asiento N\u00ba 283.-Fecha: Lunes 1\u00ba de Febrero de 1909: \u00abSociedad Sevilla Balompi\u00e9\u00bb.<\/p>\n<p style=\"text-align: center\">-Fuentes:<\/p>\n<p style=\"text-align: left\">-Manuel Carmona Rodr\u00edguez: Escudos en membrete-cartas de conversaci\u00f3n del Real Betis Foot-ball Club; foto Pedro Rodr\u00edguez De la Borbolla y Serrano.-Presidente.<\/p>\n<p style=\"text-align: left\">-DEPORTES-Revista Decenal-Dedicada \u00e1 los aficionados \u00e1 las Ciencias,\u00a0 Artes,\u00a0 Literatura,\u00a0 Sports\u00a0 y\u00a0 de Sociedad.-C\u00e1diz:\u00a0 mi\u00e9rcoles 25-Enero-1914; domingo 08-Febrero-1914; s\u00e1bado 28 de Noviembre de 1914.<\/p>\n<p>&nbsp;<\/p>\n<p>&nbsp;<\/p>\n","protected":false},"excerpt":{"rendered":"<p>\u00abSe encuentran bastante adelantados los trabajos de arreglo y exorno del bonito campo\u00a0 \u00abHuerta del Fraile\u00bb\u00a0 adquirido recientemente por el Real Betis Foot-ball Club: &nbsp; &nbsp; &nbsp; &nbsp; &nbsp; Seg\u00fan nos dicen,\u00a0 el partido inaugural ser\u00e1 de gran pompa,\u00a0 tomando parte en \u00e9l,\u00a0 un importante equipo de C\u00e1diz (Espa\u00f1ol FbC);\u00a0 dicho partido ser\u00e1 \u00e1 beneficio&#8230;<\/p>\n","protected":false},"author":48,"featured_media":21334,"comment_status":"open","ping_status":"open","sticky":false,"template":"","format":"standard","meta":{"_kad_post_transparent":"","_kad_post_title":"","_kad_post_layout":"","_kad_post_sidebar_id":"","_kad_post_content_style":"","_kad_post_vertical_padding":"","_kad_post_feature":"","_kad_post_feature_position":"","_kad_post_header":false,"_kad_post_footer":false,"_kad_post_classname":"","_jetpack_memberships_contains_paid_content":false,"footnotes":"","jetpack_publicize_message":"","jetpack_publicize_feature_enabled":true,"jetpack_social_post_already_shared":false,"jetpack_social_options":{"image_generator_settings":{"template":"highway","default_image_id":0,"font":"","enabled":false},"version":2}},"categories":[896,1],"tags":[1547,17027,1740,1791,15453],"class_list":["post-21333","post","type-post","status-publish","format-standard","has-post-thumbnail","hentry","category-1908-1919","category-portada","tag-1547","tag-1914-15","tag-betis-tenis-club","tag-campo-de-deportes-en-huerta-del-fraile","tag-real-betis-football-club"],"jetpack_publicize_connections":[],"jetpack_featured_media_url":"https:\/\/i0.wp.com\/www.manquepierda.com\/historiarealbetis\/files\/2012\/08\/BetisFbC1.jpg?fit=473%2C344&ssl=1","jetpack_sharing_enabled":true,"jetpack_shortlink":"https:\/\/wp.me\/p1ij08-5y5","jetpack-related-posts":[],"_links":{"self":[{"href":"https:\/\/www.manquepierda.com\/historiarealbetis\/wp-json\/wp\/v2\/posts\/21333","targetHints":{"allow":["GET"]}}],"collection":[{"href":"https:\/\/www.manquepierda.com\/historiarealbetis\/wp-json\/wp\/v2\/posts"}],"about":[{"href":"https:\/\/www.manquepierda.com\/historiarealbetis\/wp-json\/wp\/v2\/types\/post"}],"author":[{"embeddable":true,"href":"https:\/\/www.manquepierda.com\/historiarealbetis\/wp-json\/wp\/v2\/users\/48"}],"replies":[{"embeddable":true,"href":"https:\/\/www.manquepierda.com\/historiarealbetis\/wp-json\/wp\/v2\/comments?post=21333"}],"version-history":[{"count":1,"href":"https:\/\/www.manquepierda.com\/historiarealbetis\/wp-json\/wp\/v2\/posts\/21333\/revisions"}],"predecessor-version":[{"id":98737,"href":"https:\/\/www.manquepierda.com\/historiarealbetis\/wp-json\/wp\/v2\/posts\/21333\/revisions\/98737"}],"wp:featuredmedia":[{"embeddable":true,"href":"https:\/\/www.manquepierda.com\/historiarealbetis\/wp-json\/wp\/v2\/media\/21334"}],"wp:attachment":[{"href":"https:\/\/www.manquepierda.com\/historiarealbetis\/wp-json\/wp\/v2\/media?parent=21333"}],"wp:term":[{"taxonomy":"category","embeddable":true,"href":"https:\/\/www.manquepierda.com\/historiarealbetis\/wp-json\/wp\/v2\/categories?post=21333"},{"taxonomy":"post_tag","embeddable":true,"href":"https:\/\/www.manquepierda.com\/historiarealbetis\/wp-json\/wp\/v2\/tags?post=21333"}],"curies":[{"name":"wp","href":"https:\/\/api.w.org\/{rel}","templated":true}]}}