{"id":21443,"date":"2012-09-25T06:47:50","date_gmt":"2012-09-25T05:47:50","guid":{"rendered":"http:\/\/www.manquepierda.com\/historiarealbetis\/?p=21443"},"modified":"2024-09-01T11:40:11","modified_gmt":"2024-09-01T09:40:11","slug":"betis-atletico-de-madrid-liga-1987","status":"publish","type":"post","link":"https:\/\/www.manquepierda.com\/historiarealbetis\/betis-atletico-de-madrid-liga-1987\/","title":{"rendered":"Betis-Atl\u00e9tico de Madrid Liga 1987"},"content":{"rendered":"<figure id=\"attachment_21444\" aria-describedby=\"caption-attachment-21444\" style=\"width: 512px\" class=\"wp-caption aligncenter\"><a href=\"https:\/\/i0.wp.com\/www.manquepierda.com\/historiarealbetis\/files\/2012\/08\/Betis-Atl%C3%A9tico-de-Madrid-Liga-1987-Marca-22-02-1987.jpg?ssl=1\"><img data-recalc-dims=\"1\" loading=\"lazy\" decoding=\"async\" class=\" wp-image-21444 \" src=\"https:\/\/i0.wp.com\/www.manquepierda.com\/historiarealbetis\/files\/2012\/08\/Betis-Atl%C3%A9tico-de-Madrid-Liga-1987-Marca-22-02-1987.jpg?resize=512%2C332&#038;ssl=1\" alt=\"\" width=\"512\" height=\"332\" srcset=\"https:\/\/i0.wp.com\/www.manquepierda.com\/historiarealbetis\/files\/2012\/08\/Betis-Atl%C3%A9tico-de-Madrid-Liga-1987-Marca-22-02-1987.jpg?w=731&amp;ssl=1 731w, https:\/\/i0.wp.com\/www.manquepierda.com\/historiarealbetis\/files\/2012\/08\/Betis-Atl%C3%A9tico-de-Madrid-Liga-1987-Marca-22-02-1987.jpg?resize=300%2C194&amp;ssl=1 300w\" sizes=\"auto, (max-width: 512px) 100vw, 512px\" \/><\/a><figcaption id=\"caption-attachment-21444\" class=\"wp-caption-text\">Fuente: Marca 22 de febrero de 1987<\/figcaption><\/figure>\n<p>&nbsp;<\/p>\n<p>21 de febrero de 1987 en el Benito Villamar\u00edn\u00a0\u00a0 Betis\u00a0 2\u00a0\u00a0 Atl\u00e9tico de Madrid\u00a0 1 ; jornada 28 del Campeonato de Liga de Primera Divisi\u00f3n<\/p>\n<p>Con dos goles de Gabriel Calder\u00f3n el Betis remont\u00f3 el tanto inicial del uruguayo Jorge Da Silva.<\/p>\n<p>En la imagen el \u00e1rbitro Garc\u00eda de Loza amonesta al defensa b\u00e9tico Diego Rodr\u00edguez tras una dura entrada a Jorge Da Silva. Tambi\u00e9n aparecen Hip\u00f3lito Rinc\u00f3n y Juan Carlos Arteche.<\/p>\n<p>Luis Del Sol y Luis Aragon\u00e9s eran los respectivos entrenadores en esta temporada, la llamada temporada del \u00abplay-off, que fue un fracaso absoluto.<\/p>\n","protected":false},"excerpt":{"rendered":"<p>&nbsp; 21 de febrero de 1987 en el Benito Villamar\u00edn\u00a0\u00a0 Betis\u00a0 2\u00a0\u00a0 Atl\u00e9tico de Madrid\u00a0 1 ; jornada 28 del Campeonato de Liga de Primera Divisi\u00f3n Con dos goles de Gabriel Calder\u00f3n el Betis remont\u00f3 el tanto inicial del uruguayo Jorge Da Silva. En la imagen el \u00e1rbitro Garc\u00eda de Loza amonesta al defensa b\u00e9tico&#8230;<\/p>\n","protected":false},"author":5,"featured_media":21444,"comment_status":"open","ping_status":"open","sticky":false,"template":"","format":"standard","meta":{"_kad_post_transparent":"","_kad_post_title":"","_kad_post_layout":"","_kad_post_sidebar_id":"","_kad_post_content_style":"","_kad_post_vertical_padding":"","_kad_post_feature":"","_kad_post_feature_position":"","_kad_post_header":false,"_kad_post_footer":false,"_kad_post_classname":"","_jetpack_memberships_contains_paid_content":false,"footnotes":"","jetpack_publicize_message":"","jetpack_publicize_feature_enabled":true,"jetpack_social_post_already_shared":false,"jetpack_social_options":{"image_generator_settings":{"template":"highway","default_image_id":0,"font":"","enabled":false},"version":2}},"categories":[904,1],"tags":[3348,5586,13849,1476,1428,17872],"class_list":["post-21443","post","type-post","status-publish","format-standard","has-post-thumbnail","hentry","category-1980-1989","category-portada","tag-1986-87","tag-5586","tag-club-atletico-de-madrid","tag-diego-rodriguez","tag-hipolito-rincon","tag-liga-primera-1986-87"],"jetpack_publicize_connections":[],"jetpack_featured_media_url":"https:\/\/i0.wp.com\/www.manquepierda.com\/historiarealbetis\/files\/2012\/08\/Betis-Atl%C3%A9tico-de-Madrid-Liga-1987-Marca-22-02-1987.jpg?fit=731%2C474&ssl=1","jetpack_sharing_enabled":true,"jetpack_shortlink":"https:\/\/wp.me\/p1ij08-5zR","jetpack-related-posts":[],"_links":{"self":[{"href":"https:\/\/www.manquepierda.com\/historiarealbetis\/wp-json\/wp\/v2\/posts\/21443","targetHints":{"allow":["GET"]}}],"collection":[{"href":"https:\/\/www.manquepierda.com\/historiarealbetis\/wp-json\/wp\/v2\/posts"}],"about":[{"href":"https:\/\/www.manquepierda.com\/historiarealbetis\/wp-json\/wp\/v2\/types\/post"}],"author":[{"embeddable":true,"href":"https:\/\/www.manquepierda.com\/historiarealbetis\/wp-json\/wp\/v2\/users\/5"}],"replies":[{"embeddable":true,"href":"https:\/\/www.manquepierda.com\/historiarealbetis\/wp-json\/wp\/v2\/comments?post=21443"}],"version-history":[{"count":1,"href":"https:\/\/www.manquepierda.com\/historiarealbetis\/wp-json\/wp\/v2\/posts\/21443\/revisions"}],"predecessor-version":[{"id":98384,"href":"https:\/\/www.manquepierda.com\/historiarealbetis\/wp-json\/wp\/v2\/posts\/21443\/revisions\/98384"}],"wp:featuredmedia":[{"embeddable":true,"href":"https:\/\/www.manquepierda.com\/historiarealbetis\/wp-json\/wp\/v2\/media\/21444"}],"wp:attachment":[{"href":"https:\/\/www.manquepierda.com\/historiarealbetis\/wp-json\/wp\/v2\/media?parent=21443"}],"wp:term":[{"taxonomy":"category","embeddable":true,"href":"https:\/\/www.manquepierda.com\/historiarealbetis\/wp-json\/wp\/v2\/categories?post=21443"},{"taxonomy":"post_tag","embeddable":true,"href":"https:\/\/www.manquepierda.com\/historiarealbetis\/wp-json\/wp\/v2\/tags?post=21443"}],"curies":[{"name":"wp","href":"https:\/\/api.w.org\/{rel}","templated":true}]}}