{"id":21604,"date":"2012-09-02T14:26:42","date_gmt":"2012-09-02T13:26:42","guid":{"rendered":"http:\/\/www.manquepierda.com\/historiarealbetis\/?p=21604"},"modified":"2024-08-19T10:06:08","modified_gmt":"2024-08-19T08:06:08","slug":"1943-septiembre-05-amistoso-union-deportiva-melilla-0-real-betis-balompie-1","status":"publish","type":"post","link":"https:\/\/www.manquepierda.com\/historiarealbetis\/1943-septiembre-05-amistoso-union-deportiva-melilla-0-real-betis-balompie-1\/","title":{"rendered":"1943 Septiembre 05-Amistoso: Uni\u00f3n Deportiva Melilla-0 Real Betis Balompi\u00e9-1."},"content":{"rendered":"<p>La Uni\u00f3n Deportiva Melilla (Melilla FbC\u00a0 y\u00a0 Uni\u00f3n Juventud Espa\u00f1ol de Melilla<a href=\"https:\/\/i0.wp.com\/www.manquepierda.com\/historiarealbetis\/files\/2012\/09\/UnionDeportivaMelilla.gif?ssl=1\"><img data-recalc-dims=\"1\" loading=\"lazy\" decoding=\"async\" class=\"alignright size-medium wp-image-21605\" title=\"UnionDeportivaMelilla\" src=\"https:\/\/i0.wp.com\/www.manquepierda.com\/historiarealbetis\/files\/2012\/09\/UnionDeportivaMelilla.gif?resize=198%2C300&#038;ssl=1\" alt=\"\" width=\"198\" height=\"300\" srcset=\"https:\/\/i0.wp.com\/www.manquepierda.com\/historiarealbetis\/files\/2012\/09\/UnionDeportivaMelilla.gif?resize=198%2C300&amp;ssl=1 198w, https:\/\/i0.wp.com\/www.manquepierda.com\/historiarealbetis\/files\/2012\/09\/UnionDeportivaMelilla.gif?w=260&amp;ssl=1 260w\" sizes=\"auto, (max-width: 198px) 100vw, 198px\" \/><\/a>)\u00a0 se fund\u00f3 el s\u00e1bado 06 de Febrero de 1943,\u00a0 debutando en la \u00abCopa de Marruecos\u00bb con clubes norteafricanos espa\u00f1oles,\u00a0 proclam\u00e1ndose campe\u00f3n.<\/p>\n<p style=\"text-align: center\">En la temporada 1949 ascienden a la Segunda Divisi\u00f3n Espa\u00f1ola.<\/p>\n<p>El domingo 28 de Enero de 1951 a las 12&#8217;15 minutos, la Uni\u00f3n Deportiva Melilla se desplazaba desde M\u00e1laga (lleg\u00f3 por v\u00eda mar\u00edtima al no poderlo efectuar por v\u00eda \u00e1rea desde Melilla), efectuaron una breve parada en Loja (Granada),\u00a0 y cuando el autob\u00fas \u00abLa Rubia\u00bb hab\u00eda recorrido unos 6 kil\u00f3metros choc\u00f3 violentamente contra el cami\u00f3n de gran tonelaje matr\u00edcula CU-576,\u00a0 conducido por Esteban Parra que se dirig\u00eda a Sevilla transportando alcachofas desde Elche (Alicante).<\/p>\n<p>A consecuencia del choque fallecieron: el interior Francisco Mamblona Valverde (28 a\u00f1os-Valencia; soltero);\u00a0 el ariete Juan Mart\u00edn L\u00f3pez (28 a\u00f1os-Granada; casado),\u00a0 y el masajista, Manuel Salvador Mart\u00ednez (natural de Melilla, casado, 4 hijos). D. E. P.<\/p>\n<p>Heridos graves:\u00a0 el lateral Paulino Garc\u00eda Valle\u00a0 y\u00a0 el medio izquierda Llopis.<\/p>\n<p style=\"text-align: center\">1943-Septiembre 05, domingo, Primer partido amistoso.-Campo de Deportes \u00abALVAREZ CLARO\u00bb.<\/p>\n<p style=\"text-align: center\">UNI\u00d3N DEPORTIVA MELILLA-0.<\/p>\n<p style=\"text-align: center\">Entrenador: Francicos G\u00f3mez Vicente.<\/p>\n<p style=\"text-align: center\">Vs.<\/p>\n<p style=\"text-align: center\">REAL BETIS BALOMPI\u00c9-1 Gol (0-1:\u00a0 POLOLO).<\/p>\n<p style=\"text-align: left\">Manuel BUENO Rodr\u00edguez;\u00a0 CABEZA II-Manuel Garc\u00eda Pulido,\u00a0 Francisco ANT\u00daNEZ Espada;\u00a0 Joaqu\u00edn GUILLAM\u00d3N Rodr\u00edguez,\u00a0 Jos\u00e9 Mar\u00eda MARIAGES Torres\u00a0 (2\u00ba Tiempo:\u00a0 PERAL-Jos\u00e9 Su\u00e1rez Gonz\u00e1lez),\u00a0 Guillermo COLL Munar;\u00a0 SARO-\u00c1ngel Mart\u00edn Rodr\u00edguez,\u00a0 Jos\u00e9 PINEDA \u00c1lvarez,\u00a0 TOMAS\u00cdN-Rafael Holgu\u00edn Guill\u00e9n,\u00a0 POLOLO-Manuel M\u00e1rquez Segade\u00a0 y\u00a0 PITILO-\u00c1ngel Dom\u00ednguez Esteban.<\/p>\n<p style=\"text-align: center\">1943-Septiembre 07, martes Campo de Deportes \u00ab\u00c1LVAREZ CLARO\u00bb-2\u00ba encuentro amistoso:<\/p>\n<p style=\"text-align: center\">UNI\u00d3N DEPORTIVA MELILLA-3 Tantos.<\/p>\n<p style=\"text-align: center\">Vs.<\/p>\n<p style=\"text-align: center\">REAL BETIS BALOMPI\u00c9-0 Tantos.<\/p>\n<p style=\"text-align: center\">Aline\u00e1ndose el mismo equipo del pasado domingo 05-09-1943.<\/p>\n<p style=\"text-align: center\">31\u00ba Presidente Francisco Cantalapiedra y Fern\u00e1ndez De Toledo.<\/p>\n<p style=\"text-align: center\">Entrenador,\u00a0 Andr\u00e9s Aranda Guti\u00e9rrez.<\/p>\n<p>&nbsp;<\/p>\n","protected":false},"excerpt":{"rendered":"<p>La Uni\u00f3n Deportiva Melilla (Melilla FbC\u00a0 y\u00a0 Uni\u00f3n Juventud Espa\u00f1ol de Melilla)\u00a0 se fund\u00f3 el s\u00e1bado 06 de Febrero de 1943,\u00a0 debutando en la \u00abCopa de Marruecos\u00bb con clubes norteafricanos espa\u00f1oles,\u00a0 proclam\u00e1ndose campe\u00f3n. En la temporada 1949 ascienden a la Segunda Divisi\u00f3n Espa\u00f1ola. El domingo 28 de Enero de 1951 a las 12&#8217;15 minutos, la&#8230;<\/p>\n","protected":false},"author":48,"featured_media":21605,"comment_status":"open","ping_status":"open","sticky":false,"template":"","format":"standard","meta":{"_kad_post_transparent":"","_kad_post_title":"","_kad_post_layout":"","_kad_post_sidebar_id":"","_kad_post_content_style":"","_kad_post_vertical_padding":"","_kad_post_feature":"","_kad_post_feature_position":"","_kad_post_header":false,"_kad_post_footer":false,"_kad_post_classname":"","_jetpack_memberships_contains_paid_content":false,"footnotes":"","jetpack_publicize_message":"","jetpack_publicize_feature_enabled":true,"jetpack_social_post_already_shared":false,"jetpack_social_options":{"image_generator_settings":{"template":"highway","default_image_id":0,"font":"","enabled":false},"version":2}},"categories":[900,1],"tags":[51,2481,1498],"class_list":["post-21604","post","type-post","status-publish","format-standard","has-post-thumbnail","hentry","category-1940-1949","category-portada","tag-51","tag-1943-44","tag-ud-melilla"],"jetpack_publicize_connections":[],"jetpack_featured_media_url":"https:\/\/i0.wp.com\/www.manquepierda.com\/historiarealbetis\/files\/2012\/09\/UnionDeportivaMelilla.gif?fit=260%2C393&ssl=1","jetpack_sharing_enabled":true,"jetpack_shortlink":"https:\/\/wp.me\/p1ij08-5Cs","jetpack-related-posts":[],"_links":{"self":[{"href":"https:\/\/www.manquepierda.com\/historiarealbetis\/wp-json\/wp\/v2\/posts\/21604","targetHints":{"allow":["GET"]}}],"collection":[{"href":"https:\/\/www.manquepierda.com\/historiarealbetis\/wp-json\/wp\/v2\/posts"}],"about":[{"href":"https:\/\/www.manquepierda.com\/historiarealbetis\/wp-json\/wp\/v2\/types\/post"}],"author":[{"embeddable":true,"href":"https:\/\/www.manquepierda.com\/historiarealbetis\/wp-json\/wp\/v2\/users\/48"}],"replies":[{"embeddable":true,"href":"https:\/\/www.manquepierda.com\/historiarealbetis\/wp-json\/wp\/v2\/comments?post=21604"}],"version-history":[{"count":1,"href":"https:\/\/www.manquepierda.com\/historiarealbetis\/wp-json\/wp\/v2\/posts\/21604\/revisions"}],"predecessor-version":[{"id":97149,"href":"https:\/\/www.manquepierda.com\/historiarealbetis\/wp-json\/wp\/v2\/posts\/21604\/revisions\/97149"}],"wp:featuredmedia":[{"embeddable":true,"href":"https:\/\/www.manquepierda.com\/historiarealbetis\/wp-json\/wp\/v2\/media\/21605"}],"wp:attachment":[{"href":"https:\/\/www.manquepierda.com\/historiarealbetis\/wp-json\/wp\/v2\/media?parent=21604"}],"wp:term":[{"taxonomy":"category","embeddable":true,"href":"https:\/\/www.manquepierda.com\/historiarealbetis\/wp-json\/wp\/v2\/categories?post=21604"},{"taxonomy":"post_tag","embeddable":true,"href":"https:\/\/www.manquepierda.com\/historiarealbetis\/wp-json\/wp\/v2\/tags?post=21604"}],"curies":[{"name":"wp","href":"https:\/\/api.w.org\/{rel}","templated":true}]}}