{"id":21618,"date":"2012-09-06T08:34:04","date_gmt":"2012-09-06T07:34:04","guid":{"rendered":"http:\/\/www.manquepierda.com\/historiarealbetis\/?p=21618"},"modified":"2024-10-08T23:37:52","modified_gmt":"2024-10-08T21:37:52","slug":"betis-murcia-liga-1990","status":"publish","type":"post","link":"https:\/\/www.manquepierda.com\/historiarealbetis\/betis-murcia-liga-1990\/","title":{"rendered":"Betis-Murcia Liga 1990"},"content":{"rendered":"<figure id=\"attachment_21621\" aria-describedby=\"caption-attachment-21621\" style=\"width: 568px\" class=\"wp-caption aligncenter\"><a href=\"https:\/\/i0.wp.com\/www.manquepierda.com\/historiarealbetis\/files\/2012\/09\/Septiembre-6-Betis-Murcia-2-Liga-1990-ABC-5-02-1990.jpg?ssl=1\"><img data-recalc-dims=\"1\" loading=\"lazy\" decoding=\"async\" class=\"size-full wp-image-21621\" title=\"Septiembre-6 Betis-Murcia-2 Liga 1990 ABC 5-02-1990\" src=\"https:\/\/i0.wp.com\/www.manquepierda.com\/historiarealbetis\/files\/2012\/09\/Septiembre-6-Betis-Murcia-2-Liga-1990-ABC-5-02-1990.jpg?resize=568%2C346&#038;ssl=1\" alt=\"\" width=\"568\" height=\"346\" srcset=\"https:\/\/i0.wp.com\/www.manquepierda.com\/historiarealbetis\/files\/2012\/09\/Septiembre-6-Betis-Murcia-2-Liga-1990-ABC-5-02-1990.jpg?w=568&amp;ssl=1 568w, https:\/\/i0.wp.com\/www.manquepierda.com\/historiarealbetis\/files\/2012\/09\/Septiembre-6-Betis-Murcia-2-Liga-1990-ABC-5-02-1990.jpg?resize=300%2C182&amp;ssl=1 300w\" sizes=\"auto, (max-width: 568px) 100vw, 568px\" \/><\/a><figcaption id=\"caption-attachment-21621\" class=\"wp-caption-text\">Fuente: ABC 5 de febrero de 1990<\/figcaption><\/figure>\n<p>4 de febrero de 1990 en el Benito Villamar\u00edn\u00a0 Betis 1 Murcia 1;\u00a0 jornada 22 del Campeonato de Liga de Segunda Divisi\u00f3n.<\/p>\n<p>En la imagen Chano consigue en el minuto 74 el tanto del empate del Betis ante la presencia del delantero b\u00e9tico Melenas y los murcianistas Abell\u00e1n y Juanjo.<\/p>\n<figure id=\"attachment_21622\" aria-describedby=\"caption-attachment-21622\" style=\"width: 577px\" class=\"wp-caption aligncenter\"><a href=\"https:\/\/i0.wp.com\/www.manquepierda.com\/historiarealbetis\/files\/2012\/09\/Septiembre-6-Betis-Murcia-1-Liga-1990-ABC-5-02-1990.jpg?ssl=1\"><img data-recalc-dims=\"1\" loading=\"lazy\" decoding=\"async\" class=\"size-full wp-image-21622\" title=\"Septiembre-6 Betis-Murcia-1 Liga 1990 ABC 5-02-1990\" src=\"https:\/\/i0.wp.com\/www.manquepierda.com\/historiarealbetis\/files\/2012\/09\/Septiembre-6-Betis-Murcia-1-Liga-1990-ABC-5-02-1990.jpg?resize=577%2C355&#038;ssl=1\" alt=\"\" width=\"577\" height=\"355\" srcset=\"https:\/\/i0.wp.com\/www.manquepierda.com\/historiarealbetis\/files\/2012\/09\/Septiembre-6-Betis-Murcia-1-Liga-1990-ABC-5-02-1990.jpg?w=577&amp;ssl=1 577w, https:\/\/i0.wp.com\/www.manquepierda.com\/historiarealbetis\/files\/2012\/09\/Septiembre-6-Betis-Murcia-1-Liga-1990-ABC-5-02-1990.jpg?resize=300%2C184&amp;ssl=1 300w\" sizes=\"auto, (max-width: 577px) 100vw, 577px\" \/><\/a><figcaption id=\"caption-attachment-21622\" class=\"wp-caption-text\">Fuente: ABC 5 de febrero de 1990<\/figcaption><\/figure>\n<p>El delantero murcianista Comas hace el 0-1 en el minuto 41 batiendo al meta b\u00e9tico Pumpido y con Ure\u00f1a ca\u00eddo en el suelo. El jugador b\u00e9tico Oliveira observa la jugada.<\/p>\n<p>A destacar la simbolog\u00eda que se refleja en Gol Sur, muy alejada de la actual.<\/p>\n<p>Juan Corbacho entrenaba al Betis y Felipe Mesones al Murcia.<\/p>\n","protected":false},"excerpt":{"rendered":"<p>4 de febrero de 1990 en el Benito Villamar\u00edn\u00a0 Betis 1 Murcia 1;\u00a0 jornada 22 del Campeonato de Liga de Segunda Divisi\u00f3n. En la imagen Chano consigue en el minuto 74 el tanto del empate del Betis ante la presencia del delantero b\u00e9tico Melenas y los murcianistas Abell\u00e1n y Juanjo. El delantero murcianista Comas hace&#8230;<\/p>\n","protected":false},"author":5,"featured_media":21621,"comment_status":"open","ping_status":"open","sticky":false,"template":"","format":"standard","meta":{"_kad_post_transparent":"","_kad_post_title":"","_kad_post_layout":"","_kad_post_sidebar_id":"","_kad_post_content_style":"","_kad_post_vertical_padding":"","_kad_post_feature":"","_kad_post_feature_position":"","_kad_post_header":false,"_kad_post_footer":false,"_kad_post_classname":"","_jetpack_memberships_contains_paid_content":false,"footnotes":"","jetpack_publicize_message":"","jetpack_publicize_feature_enabled":true,"jetpack_social_post_already_shared":false,"jetpack_social_options":{"image_generator_settings":{"template":"highway","default_image_id":0,"font":"","enabled":false},"version":2}},"categories":[905,1],"tags":[2228,2421,1137,15494,17870,6856,4128,16574,1475],"class_list":["post-21618","post","type-post","status-publish","format-standard","has-post-thumbnail","hentry","category-1990-1999","category-portada","tag-1989-90","tag-2421","tag-jose-antonio-rodriguez-melenas","tag-juan-antonio-urena","tag-liga-segunda-1989-90","tag-manuel-oliveira","tag-nery-alberto-pumpido","tag-real-murcia-cf","tag-sebastian-cruzado-chano"],"jetpack_publicize_connections":[],"jetpack_featured_media_url":"https:\/\/i0.wp.com\/www.manquepierda.com\/historiarealbetis\/files\/2012\/09\/Septiembre-6-Betis-Murcia-2-Liga-1990-ABC-5-02-1990.jpg?fit=568%2C346&ssl=1","jetpack_sharing_enabled":true,"jetpack_shortlink":"https:\/\/wp.me\/p1ij08-5CG","jetpack-related-posts":[],"_links":{"self":[{"href":"https:\/\/www.manquepierda.com\/historiarealbetis\/wp-json\/wp\/v2\/posts\/21618","targetHints":{"allow":["GET"]}}],"collection":[{"href":"https:\/\/www.manquepierda.com\/historiarealbetis\/wp-json\/wp\/v2\/posts"}],"about":[{"href":"https:\/\/www.manquepierda.com\/historiarealbetis\/wp-json\/wp\/v2\/types\/post"}],"author":[{"embeddable":true,"href":"https:\/\/www.manquepierda.com\/historiarealbetis\/wp-json\/wp\/v2\/users\/5"}],"replies":[{"embeddable":true,"href":"https:\/\/www.manquepierda.com\/historiarealbetis\/wp-json\/wp\/v2\/comments?post=21618"}],"version-history":[{"count":2,"href":"https:\/\/www.manquepierda.com\/historiarealbetis\/wp-json\/wp\/v2\/posts\/21618\/revisions"}],"predecessor-version":[{"id":100164,"href":"https:\/\/www.manquepierda.com\/historiarealbetis\/wp-json\/wp\/v2\/posts\/21618\/revisions\/100164"}],"wp:featuredmedia":[{"embeddable":true,"href":"https:\/\/www.manquepierda.com\/historiarealbetis\/wp-json\/wp\/v2\/media\/21621"}],"wp:attachment":[{"href":"https:\/\/www.manquepierda.com\/historiarealbetis\/wp-json\/wp\/v2\/media?parent=21618"}],"wp:term":[{"taxonomy":"category","embeddable":true,"href":"https:\/\/www.manquepierda.com\/historiarealbetis\/wp-json\/wp\/v2\/categories?post=21618"},{"taxonomy":"post_tag","embeddable":true,"href":"https:\/\/www.manquepierda.com\/historiarealbetis\/wp-json\/wp\/v2\/tags?post=21618"}],"curies":[{"name":"wp","href":"https:\/\/api.w.org\/{rel}","templated":true}]}}