{"id":21659,"date":"2012-09-06T20:49:27","date_gmt":"2012-09-06T19:49:27","guid":{"rendered":"http:\/\/www.manquepierda.com\/historiarealbetis\/?p=21659"},"modified":"2024-08-22T12:11:59","modified_gmt":"2024-08-22T10:11:59","slug":"1940-septiembre-08-homenaje-andres-aranda-gutierrez","status":"publish","type":"post","link":"https:\/\/www.manquepierda.com\/historiarealbetis\/1940-septiembre-08-homenaje-andres-aranda-gutierrez\/","title":{"rendered":"1940-Septiembre 08-Homenaje ARANDA: Real Betis Balompi\u00e9-5 Xerez FbC-2.-LXXIV Aniversario."},"content":{"rendered":"<p><a href=\"https:\/\/i0.wp.com\/www.manquepierda.com\/historiarealbetis\/files\/2012\/09\/Andr%C3%A9s-Aranda.jpg?ssl=1\"><img data-recalc-dims=\"1\" loading=\"lazy\" decoding=\"async\" class=\"alignright size-medium wp-image-21660\" src=\"https:\/\/i0.wp.com\/www.manquepierda.com\/historiarealbetis\/files\/2012\/09\/Andr%C3%A9s-Aranda.jpg?resize=189%2C300&#038;ssl=1\" alt=\"\" width=\"189\" height=\"300\" srcset=\"https:\/\/i0.wp.com\/www.manquepierda.com\/historiarealbetis\/files\/2012\/09\/Andr%C3%A9s-Aranda.jpg?resize=189%2C300&amp;ssl=1 189w, https:\/\/i0.wp.com\/www.manquepierda.com\/historiarealbetis\/files\/2012\/09\/Andr%C3%A9s-Aranda.jpg?w=454&amp;ssl=1 454w\" sizes=\"auto, (max-width: 189px) 100vw, 189px\" \/><\/a><\/p>\n<p style=\"text-align: right\"><strong>1940-SEPTIEMBRE 08-DOMINGO EN SEVILLA.<\/strong><\/p>\n<p style=\"text-align: right\"><strong>ESTADIO MUNICIPAL DE HELI\u00d3POLIS<\/strong><\/p>\n<p style=\"text-align: right\"><strong>ENCUENTRO INAUGURAL CAMPEONATO NACIONAL DE LIGA SEGUNDA DIVISI\u00d3N-GRUPO II-TEMPORADA 1940-1941,<\/strong><\/p>\n<p style=\"text-align: right\"><strong>JUGADOR COMOD\u00cdN (Guardameta ocasional-ZAGUERO-MEDIO-DELANTERO INTERIOR AMBIDIESTRO-EXTREMO- REAL BETIS BALOMPI\u00c9-TEMPORADAS 1921-1922 \u00e1 1928-1929 (CAMPEONATO DE ANDALUC\u00cdA); 1929-1930 \u00e1 1930-1931 XXIX CAMPEONATO DE ESPA\u00d1A-COPA PRESIDENTE DE LA REP\u00daBLICA 1930-1931 SUBCAMPE\u00d3N) \u00e1 1931-1932 (CAMPEONATO NACIONAL LIGA SEGUNDA DIVISI\u00d3N); 1933-1934; ambas inclusive.<br \/>\n<\/strong><\/p>\n<figure id=\"attachment_37394\" aria-describedby=\"caption-attachment-37394\" style=\"width: 157px\" class=\"wp-caption aligncenter\"><a href=\"https:\/\/www.manquepierda.com\/historiarealbetis\/21659-1940-septiembre-08-homenaje-andres-aranda-gutierrez\/andres-arandagutierrez-2\/\" rel=\"attachment wp-att-37394\"><img data-recalc-dims=\"1\" loading=\"lazy\" decoding=\"async\" class=\"size-thumbnail wp-image-37394\" src=\"https:\/\/i0.wp.com\/www.manquepierda.com\/historiarealbetis\/files\/2012\/09\/Andr%C3%A9s-ArandaGuti%C3%A9rrez.jpg?resize=157%2C220&#038;ssl=1\" alt=\"MMMM\" width=\"157\" height=\"220\" srcset=\"https:\/\/i0.wp.com\/www.manquepierda.com\/historiarealbetis\/files\/2012\/09\/Andr%C3%A9s-ArandaGuti%C3%A9rrez.jpg?resize=157%2C220&amp;ssl=1 157w, https:\/\/i0.wp.com\/www.manquepierda.com\/historiarealbetis\/files\/2012\/09\/Andr%C3%A9s-ArandaGuti%C3%A9rrez.jpg?resize=429%2C600&amp;ssl=1 429w, https:\/\/i0.wp.com\/www.manquepierda.com\/historiarealbetis\/files\/2012\/09\/Andr%C3%A9s-ArandaGuti%C3%A9rrez.jpg?resize=500%2C700&amp;ssl=1 500w, https:\/\/i0.wp.com\/www.manquepierda.com\/historiarealbetis\/files\/2012\/09\/Andr%C3%A9s-ArandaGuti%C3%A9rrez.jpg?w=712&amp;ssl=1 712w\" sizes=\"auto, (max-width: 157px) 100vw, 157px\" \/><\/a><figcaption id=\"caption-attachment-37394\" class=\"wp-caption-text\"><strong>ANDR\u00c9S ARANDA GUTI\u00c9RREZ-ENTRENADOR DEL REAL BETIS BALOMPI\u00c9.<\/strong><\/figcaption><\/figure>\n<p style=\"text-align: center\"><strong>TEMPORADAS 1935-1936 (sustituyendo a Howard Charles SLADE); 1938-1939 (Antonio \u00c1LVAREZ Benjumea-ARANDA); 1939-1940; 1943-1944; 1944-1945 (ARANDA; \u00abPERAL\u00bb); 1945-1946 (Sol\u00e9; ARANDA; O&#8217;Connell); 1949-1950; 1950-1951; 1951-1952; 1959-1960; (Fern\u00e1ndez Viola; Barinaga; ARANDA provisionalmente); 1964-1965 (Louis Hon-Rosendo Hern\u00e1ndez-ANDR\u00c9S ARANDA GUTI\u00c9RREZ).<\/strong><\/p>\n<p style=\"text-align: center\"><strong>NATURAL DE LORA DEL R\u00cdO (Sevilla),\u00a0 lunes 07 de Agosto de 1905.<\/strong><\/p>\n<p style=\"text-align: center\"><strong>OBITUARIO EN ARACENA (Huelva)-en la concentraci\u00f3n primera plantilla Real Betis Balompi\u00e9-mi\u00e9rcoles 10 de Marzo de 1965.-59 A\u00d1OS+7 meses+3 d\u00edas.-D. E. P.<\/strong><\/p>\n<p style=\"text-align: center\"><em><strong>HOMENAJE AFICI\u00d3N SEVILLANA-En la previa del encuentro:<\/strong><\/em><\/p>\n<p style=\"text-align: center\"><a href=\"https:\/\/i0.wp.com\/www.manquepierda.com\/historiarealbetis\/files\/2012\/09\/HomenajeAndresAranda1940.jpg?ssl=1\"><img data-recalc-dims=\"1\" loading=\"lazy\" decoding=\"async\" class=\"aligncenter size-medium wp-image-21736\" src=\"https:\/\/i0.wp.com\/www.manquepierda.com\/historiarealbetis\/files\/2012\/09\/HomenajeAndresAranda1940.jpg?resize=300%2C221&#038;ssl=1\" alt=\"\" width=\"300\" height=\"221\" srcset=\"https:\/\/i0.wp.com\/www.manquepierda.com\/historiarealbetis\/files\/2012\/09\/HomenajeAndresAranda1940.jpg?resize=300%2C221&amp;ssl=1 300w, https:\/\/i0.wp.com\/www.manquepierda.com\/historiarealbetis\/files\/2012\/09\/HomenajeAndresAranda1940.jpg?resize=1024%2C756&amp;ssl=1 1024w\" sizes=\"auto, (max-width: 300px) 100vw, 300px\" \/><\/a><em><strong>\u00abViejos y nuevos se dieron cita en\u00a0 el amplio grader\u00eda de Heli\u00f3polis para recompensar en cierto modo la contribuci\u00f3n al deporte local del antiguo zaguero verdiblanco (35 a\u00f1os+1 mes+1 d\u00eda).\u00a0 Y a fe que la afici\u00f3n respondi\u00f3,\u00a0 dando con su presencia color a la solemnidad del acto\u00bb (CPFS242).<\/strong><\/em><\/p>\n<p style=\"text-align: center\">ARBITR\u00d3 Lu\u00eds MEDINA.<\/p>\n<p style=\"text-align: center\">ALINEACIONES:<\/p>\n<figure id=\"attachment_37024\" aria-describedby=\"caption-attachment-37024\" style=\"width: 154px\" class=\"wp-caption aligncenter\"><a href=\"https:\/\/www.manquepierda.com\/historiarealbetis\/37022-1949-agosto-21-lora-del-rio-cd-san-juan-4-tantos-vs-real-betis-balompie-6-goles\/1941-rbb-156\/\" rel=\"attachment wp-att-37024\"><img data-recalc-dims=\"1\" loading=\"lazy\" decoding=\"async\" class=\"size-full wp-image-37024\" src=\"https:\/\/i0.wp.com\/www.manquepierda.com\/historiarealbetis\/files\/2014\/08\/1941-RBB.jpg?resize=154%2C154&#038;ssl=1\" alt=\"MMM\" width=\"154\" height=\"154\" \/><\/a><figcaption id=\"caption-attachment-37024\" class=\"wp-caption-text\"><strong>1940-1941-SEGUNDA DIVISI\u00d3N-GRUPO II-REAL BETIS BALOMPI\u00c9-5 Goles.<\/strong><\/figcaption><\/figure>\n<figure id=\"attachment_37395\" aria-describedby=\"caption-attachment-37395\" style=\"width: 111px\" class=\"wp-caption alignright\"><a href=\"https:\/\/www.manquepierda.com\/historiarealbetis\/21659-1940-septiembre-08-homenaje-andres-aranda-gutierrez\/valentinperezmartinez1940-1941-5\/\" rel=\"attachment wp-att-37395\"><img data-recalc-dims=\"1\" loading=\"lazy\" decoding=\"async\" class=\"size-thumbnail wp-image-37395\" src=\"https:\/\/i0.wp.com\/www.manquepierda.com\/historiarealbetis\/files\/2012\/09\/Valent%C3%ADnP%C3%A9rezMart%C3%ADnez1940-1941.jpg?resize=111%2C220&#038;ssl=1\" alt=\"mmmm\" width=\"111\" height=\"220\" srcset=\"https:\/\/i0.wp.com\/www.manquepierda.com\/historiarealbetis\/files\/2012\/09\/Valent%C3%ADnP%C3%A9rezMart%C3%ADnez1940-1941.jpg?resize=111%2C220&amp;ssl=1 111w, https:\/\/i0.wp.com\/www.manquepierda.com\/historiarealbetis\/files\/2012\/09\/Valent%C3%ADnP%C3%A9rezMart%C3%ADnez1940-1941.jpg?resize=302%2C600&amp;ssl=1 302w, https:\/\/i0.wp.com\/www.manquepierda.com\/historiarealbetis\/files\/2012\/09\/Valent%C3%ADnP%C3%A9rezMart%C3%ADnez1940-1941.jpg?resize=353%2C700&amp;ssl=1 353w, https:\/\/i0.wp.com\/www.manquepierda.com\/historiarealbetis\/files\/2012\/09\/Valent%C3%ADnP%C3%A9rezMart%C3%ADnez1940-1941.jpg?w=427&amp;ssl=1 427w\" sizes=\"auto, (max-width: 111px) 100vw, 111px\" \/><\/a><figcaption id=\"caption-attachment-37395\" class=\"wp-caption-text\"><strong>DON VALENT\u00cdN P\u00c9REZ MART\u00cdNEZ-INDUSTRIA 51 A\u00f1os+7 meses menos 10 d\u00edas.<\/strong><\/figcaption><\/figure>\n<p style=\"text-align: center\">\n<p style=\"text-align: center\">\n<p style=\"text-align: center\">\n<p style=\"text-align: right\"><strong>PRESIDENTE REAL BETIS BALOMPI\u00c9.TEMPORADA 1940-1941.<\/strong><\/p>\n<p style=\"text-align: center\">\n<p style=\"text-align: center\">\n<p style=\"text-align: center\">\n<figure id=\"attachment_37396\" aria-describedby=\"caption-attachment-37396\" style=\"width: 132px\" class=\"wp-caption alignleft\"><a href=\"https:\/\/www.manquepierda.com\/historiarealbetis\/21659-1940-septiembre-08-homenaje-andres-aranda-gutierrez\/patrickjosephoconnell-21\/\" rel=\"attachment wp-att-37396\"><img data-recalc-dims=\"1\" loading=\"lazy\" decoding=\"async\" class=\"size-thumbnail wp-image-37396\" src=\"https:\/\/i0.wp.com\/www.manquepierda.com\/historiarealbetis\/files\/2012\/09\/PatrickJosephOCONNELL.jpg?resize=132%2C220&#038;ssl=1\" alt=\"mmm \" width=\"132\" height=\"220\" srcset=\"https:\/\/i0.wp.com\/www.manquepierda.com\/historiarealbetis\/files\/2012\/09\/PatrickJosephOCONNELL.jpg?resize=132%2C220&amp;ssl=1 132w, https:\/\/i0.wp.com\/www.manquepierda.com\/historiarealbetis\/files\/2012\/09\/PatrickJosephOCONNELL.jpg?w=206&amp;ssl=1 206w\" sizes=\"auto, (max-width: 132px) 100vw, 132px\" \/><\/a><figcaption id=\"caption-attachment-37396\" class=\"wp-caption-text\"><strong>MR. PATRICK JOSEPH O&#8217;CONNELL 53 A\u00f1os+6 meses.<\/strong><\/figcaption><\/figure>\n<p>&nbsp;<\/p>\n<p>&nbsp;<\/p>\n<p>&nbsp;<\/p>\n<p>&nbsp;<\/p>\n<p>&nbsp;<\/p>\n<p><strong>ENTRENADOR REAL BETIS BALOMPI\u00c9-TEMPORADA 1940-1941.<\/strong><\/p>\n<figure id=\"attachment_37397\" aria-describedby=\"caption-attachment-37397\" style=\"width: 90px\" class=\"wp-caption aligncenter\"><a href=\"https:\/\/www.manquepierda.com\/historiarealbetis\/21659-1940-septiembre-08-homenaje-andres-aranda-gutierrez\/mario-inchausti-goitia\/\" rel=\"attachment wp-att-37397\"><img data-recalc-dims=\"1\" loading=\"lazy\" decoding=\"async\" class=\"size-full wp-image-37397\" src=\"https:\/\/i0.wp.com\/www.manquepierda.com\/historiarealbetis\/files\/2012\/09\/Mario-INCHAUSTI-Goitia.png?resize=90%2C115&#038;ssl=1\" alt=\"mmmm\" width=\"90\" height=\"115\" \/><\/a><figcaption id=\"caption-attachment-37397\" class=\"wp-caption-text\"><strong>1.-Mario INCHAUSTI Goitia.-Guardameta.<\/strong><\/figcaption><\/figure>\n<p style=\"text-align: center\"><strong>Encaj\u00f3 2 Tantos.-No especificados en prensa.<\/strong><\/p>\n<p style=\"text-align: center\"><strong>ZAGUEROS:<\/strong><\/p>\n<p style=\"text-align: center\"><strong>2.-Antonio TELECH\u00cdA Calvo<\/strong><\/p>\n<p style=\"text-align: center\"><strong>3.-Julio ROMAGUERA Bejarano<\/strong><\/p>\n<p style=\"text-align: center\"><strong>MEDIOS:<\/strong><\/p>\n<p style=\"text-align: center\"><strong>4.-Jos\u00e9 Su\u00e1rez Gonz\u00e1lez (a) \u00abPERAL\u00bb<\/strong><\/p>\n<p style=\"text-align: center\"><strong>5.-Manuel TORRES Rodr\u00edguez<\/strong><\/p>\n<p style=\"text-align: center\"><strong>6.-LEIVA<\/strong><\/p>\n<p style=\"text-align: center\"><strong>DELANTEROS:<\/strong><\/p>\n<figure id=\"attachment_37399\" aria-describedby=\"caption-attachment-37399\" style=\"width: 149px\" class=\"wp-caption aligncenter\"><a href=\"https:\/\/www.manquepierda.com\/historiarealbetis\/21659-1940-septiembre-08-homenaje-andres-aranda-gutierrez\/angel-martin-rodriguez-saro-4\/\" rel=\"attachment wp-att-37399\"><img data-recalc-dims=\"1\" loading=\"lazy\" decoding=\"async\" class=\"size-thumbnail wp-image-37399\" src=\"https:\/\/i0.wp.com\/www.manquepierda.com\/historiarealbetis\/files\/2012\/09\/%C3%81ngel-Mart%C3%ADn-Rodr%C3%ADguez-SARO-149x220.jpg?resize=149%2C220&#038;ssl=1\" alt=\"MMM\" width=\"149\" height=\"220\" srcset=\"https:\/\/i0.wp.com\/www.manquepierda.com\/historiarealbetis\/files\/2012\/09\/%C3%81ngel-Mart%C3%ADn-Rodr%C3%ADguez-SARO.jpg?resize=149%2C220&amp;ssl=1 149w, https:\/\/i0.wp.com\/www.manquepierda.com\/historiarealbetis\/files\/2012\/09\/%C3%81ngel-Mart%C3%ADn-Rodr%C3%ADguez-SARO.jpg?resize=407%2C600&amp;ssl=1 407w, https:\/\/i0.wp.com\/www.manquepierda.com\/historiarealbetis\/files\/2012\/09\/%C3%81ngel-Mart%C3%ADn-Rodr%C3%ADguez-SARO.jpg?w=468&amp;ssl=1 468w\" sizes=\"auto, (max-width: 149px) 100vw, 149px\" \/><\/a><figcaption id=\"caption-attachment-37399\" class=\"wp-caption-text\"><strong>1 GOL \u00c1NGEL MART\u00cdN RODR\u00cdGUEZ (7) Delantero-Extremo Diestro.<\/strong><\/figcaption><\/figure>\n<p style=\"text-align: center\"><strong>8.-Jos\u00e9 Gonz\u00e1lez CABALLERO<\/strong><\/p>\n<figure id=\"attachment_37398\" aria-describedby=\"caption-attachment-37398\" style=\"width: 188px\" class=\"wp-caption aligncenter\"><a href=\"https:\/\/www.manquepierda.com\/historiarealbetis\/21659-1940-septiembre-08-homenaje-andres-aranda-gutierrez\/guillermo-coll-munar-4\/\" rel=\"attachment wp-att-37398\"><img data-recalc-dims=\"1\" loading=\"lazy\" decoding=\"async\" class=\"size-thumbnail wp-image-37398\" src=\"https:\/\/i0.wp.com\/www.manquepierda.com\/historiarealbetis\/files\/2012\/09\/Guillermo-COLL-Munar.png?resize=188%2C220&#038;ssl=1\" alt=\"mmmm\" width=\"188\" height=\"220\" srcset=\"https:\/\/i0.wp.com\/www.manquepierda.com\/historiarealbetis\/files\/2012\/09\/Guillermo-COLL-Munar.png?resize=188%2C220&amp;ssl=1 188w, https:\/\/i0.wp.com\/www.manquepierda.com\/historiarealbetis\/files\/2012\/09\/Guillermo-COLL-Munar.png?w=191&amp;ssl=1 191w\" sizes=\"auto, (max-width: 188px) 100vw, 188px\" \/><\/a><figcaption id=\"caption-attachment-37398\" class=\"wp-caption-text\"><strong>3 Goles GUILLERMO COLL MUNAR (9) Centro Delantero-ARIETE.<\/strong><\/figcaption><\/figure>\n<figure id=\"attachment_37400\" aria-describedby=\"caption-attachment-37400\" style=\"width: 149px\" class=\"wp-caption aligncenter\"><a href=\"https:\/\/www.manquepierda.com\/historiarealbetis\/21659-1940-septiembre-08-homenaje-andres-aranda-gutierrez\/guillermodecastellsadriaenssens-4\/\" rel=\"attachment wp-att-37400\"><img data-recalc-dims=\"1\" loading=\"lazy\" decoding=\"async\" class=\"size-thumbnail wp-image-37400\" src=\"https:\/\/i0.wp.com\/www.manquepierda.com\/historiarealbetis\/files\/2012\/09\/GUILLERMODeCastellsAdriaenssens.jpg?resize=149%2C220&#038;ssl=1\" alt=\"mmm\" width=\"149\" height=\"220\" srcset=\"https:\/\/i0.wp.com\/www.manquepierda.com\/historiarealbetis\/files\/2012\/09\/GUILLERMODeCastellsAdriaenssens.jpg?resize=149%2C220&amp;ssl=1 149w, https:\/\/i0.wp.com\/www.manquepierda.com\/historiarealbetis\/files\/2012\/09\/GUILLERMODeCastellsAdriaenssens.jpg?w=199&amp;ssl=1 199w\" sizes=\"auto, (max-width: 149px) 100vw, 149px\" \/><\/a><figcaption id=\"caption-attachment-37400\" class=\"wp-caption-text\"><strong>1 Gol GUILLERMO DE CASTELL ADRIANSSENS (10) Delantero-Interior Zurdo.<\/strong><\/figcaption><\/figure>\n<p style=\"text-align: center\"><strong>11.-Jos\u00e9 VALERA Nocera.<\/strong><\/p>\n<p style=\"text-align: center\">VS.<\/p>\n<figure id=\"attachment_37401\" aria-describedby=\"caption-attachment-37401\" style=\"width: 160px\" class=\"wp-caption aligncenter\"><a href=\"https:\/\/www.manquepierda.com\/historiarealbetis\/21659-1940-septiembre-08-homenaje-andres-aranda-gutierrez\/xerez-fbc\/\" rel=\"attachment wp-att-37401\"><img data-recalc-dims=\"1\" loading=\"lazy\" decoding=\"async\" class=\"size-full wp-image-37401\" src=\"https:\/\/i0.wp.com\/www.manquepierda.com\/historiarealbetis\/files\/2012\/09\/Xerez-FbC.jpeg?resize=160%2C216&#038;ssl=1\" alt=\"MMMMM\" width=\"160\" height=\"216\" \/><\/a><figcaption id=\"caption-attachment-37401\" class=\"wp-caption-text\">XEREZ F\u00daTBOL CLUB-2 TANTOS.<\/figcaption><\/figure>\n<p style=\"text-align: left\">LARIOS;\u00a0 SAN SALVADOR,\u00a0 CANICOVA;\u00a0 RUIVAL,\u00a0 SANTI,\u00a0 PAULINO;\u00a0 FRANCH,\u00a0 MAC\u00cdAS,\u00a0 MARIANO,\u00a0 RUFO\u00a0 y\u00a0 BELLIDO.<\/p>\n<p style=\"text-align: left\">\n<p style=\"text-align: left\">\n","protected":false},"excerpt":{"rendered":"<p>1940-SEPTIEMBRE 08-DOMINGO EN SEVILLA. ESTADIO MUNICIPAL DE HELI\u00d3POLIS ENCUENTRO INAUGURAL CAMPEONATO NACIONAL DE LIGA SEGUNDA DIVISI\u00d3N-GRUPO II-TEMPORADA 1940-1941, JUGADOR COMOD\u00cdN (Guardameta ocasional-ZAGUERO-MEDIO-DELANTERO INTERIOR AMBIDIESTRO-EXTREMO- REAL BETIS BALOMPI\u00c9-TEMPORADAS 1921-1922 \u00e1 1928-1929 (CAMPEONATO DE ANDALUC\u00cdA); 1929-1930 \u00e1 1930-1931 XXIX CAMPEONATO DE ESPA\u00d1A-COPA PRESIDENTE DE LA REP\u00daBLICA 1930-1931 SUBCAMPE\u00d3N) \u00e1 1931-1932 (CAMPEONATO NACIONAL LIGA SEGUNDA DIVISI\u00d3N); 1933-1934; ambas&#8230;<\/p>\n","protected":false},"author":48,"featured_media":21660,"comment_status":"open","ping_status":"open","sticky":false,"template":"","format":"standard","meta":{"_kad_post_transparent":"","_kad_post_title":"","_kad_post_layout":"","_kad_post_sidebar_id":"","_kad_post_content_style":"","_kad_post_vertical_padding":"","_kad_post_feature":"","_kad_post_feature_position":"","_kad_post_header":false,"_kad_post_footer":false,"_kad_post_classname":"","_jetpack_memberships_contains_paid_content":false,"footnotes":"","jetpack_publicize_message":"","jetpack_publicize_feature_enabled":true,"jetpack_social_post_already_shared":false,"jetpack_social_options":{"image_generator_settings":{"template":"highway","default_image_id":0,"font":"","enabled":false},"version":2}},"categories":[900,892,893,1],"tags":[48,2378,2587,859],"class_list":["post-21659","post","type-post","status-publish","format-standard","has-post-thumbnail","hentry","category-1940-1949","category-entrenadores-temas","category-jugadores-temas","category-portada","tag-48","tag-1940-41","tag-homenaje-aranda","tag-xerez-fc"],"jetpack_publicize_connections":[],"jetpack_featured_media_url":"https:\/\/i0.wp.com\/www.manquepierda.com\/historiarealbetis\/files\/2012\/09\/Andr%C3%A9s-Aranda.jpg?fit=454%2C720&ssl=1","jetpack_sharing_enabled":true,"jetpack_shortlink":"https:\/\/wp.me\/p1ij08-5Dl","jetpack-related-posts":[],"_links":{"self":[{"href":"https:\/\/www.manquepierda.com\/historiarealbetis\/wp-json\/wp\/v2\/posts\/21659","targetHints":{"allow":["GET"]}}],"collection":[{"href":"https:\/\/www.manquepierda.com\/historiarealbetis\/wp-json\/wp\/v2\/posts"}],"about":[{"href":"https:\/\/www.manquepierda.com\/historiarealbetis\/wp-json\/wp\/v2\/types\/post"}],"author":[{"embeddable":true,"href":"https:\/\/www.manquepierda.com\/historiarealbetis\/wp-json\/wp\/v2\/users\/48"}],"replies":[{"embeddable":true,"href":"https:\/\/www.manquepierda.com\/historiarealbetis\/wp-json\/wp\/v2\/comments?post=21659"}],"version-history":[{"count":1,"href":"https:\/\/www.manquepierda.com\/historiarealbetis\/wp-json\/wp\/v2\/posts\/21659\/revisions"}],"predecessor-version":[{"id":97543,"href":"https:\/\/www.manquepierda.com\/historiarealbetis\/wp-json\/wp\/v2\/posts\/21659\/revisions\/97543"}],"wp:featuredmedia":[{"embeddable":true,"href":"https:\/\/www.manquepierda.com\/historiarealbetis\/wp-json\/wp\/v2\/media\/21660"}],"wp:attachment":[{"href":"https:\/\/www.manquepierda.com\/historiarealbetis\/wp-json\/wp\/v2\/media?parent=21659"}],"wp:term":[{"taxonomy":"category","embeddable":true,"href":"https:\/\/www.manquepierda.com\/historiarealbetis\/wp-json\/wp\/v2\/categories?post=21659"},{"taxonomy":"post_tag","embeddable":true,"href":"https:\/\/www.manquepierda.com\/historiarealbetis\/wp-json\/wp\/v2\/tags?post=21659"}],"curies":[{"name":"wp","href":"https:\/\/api.w.org\/{rel}","templated":true}]}}