{"id":21716,"date":"2012-09-14T08:54:32","date_gmt":"2012-09-14T07:54:32","guid":{"rendered":"http:\/\/www.manquepierda.com\/historiarealbetis\/?p=21716"},"modified":"2024-09-25T08:12:44","modified_gmt":"2024-09-25T06:12:44","slug":"valladolid-betis-liga-1960","status":"publish","type":"post","link":"https:\/\/www.manquepierda.com\/historiarealbetis\/valladolid-betis-liga-1960\/","title":{"rendered":"Valladolid-Betis Liga 1960"},"content":{"rendered":"<figure id=\"attachment_21717\" aria-describedby=\"caption-attachment-21717\" style=\"width: 218px\" class=\"wp-caption aligncenter\"><a href=\"https:\/\/i0.wp.com\/www.manquepierda.com\/historiarealbetis\/files\/2012\/09\/Septiembre-14-1960-4-5-Valladolid-Betis.jpg?ssl=1\"><img data-recalc-dims=\"1\" loading=\"lazy\" decoding=\"async\" class=\"size-full wp-image-21717\" src=\"https:\/\/i0.wp.com\/www.manquepierda.com\/historiarealbetis\/files\/2012\/09\/Septiembre-14-1960-4-5-Valladolid-Betis.jpg?resize=218%2C119&#038;ssl=1\" alt=\"\" width=\"218\" height=\"119\" \/><\/a><figcaption id=\"caption-attachment-21717\" class=\"wp-caption-text\">Fuente: Marca 5 de abril de 1960<\/figcaption><\/figure>\n<p>&nbsp;<\/p>\n<p>3 de abril de 1960 en Zorrilla\u00a0 Valladolid 0 Betis 1; jornada 28 del Campeonato de Liga de Primera Divisi\u00f3n.<\/p>\n<p>En la imagen el portero b\u00e9tico Juan Ignacio Otero detiene un bal\u00f3n del ataque vallisoletano.<\/p>\n<p>Con un tanto de Kuszmann en la segunda parte el Betis se impuso en terreno albivioleta.<\/p>\n","protected":false},"excerpt":{"rendered":"<p>&nbsp; 3 de abril de 1960 en Zorrilla\u00a0 Valladolid 0 Betis 1; jornada 28 del Campeonato de Liga de Primera Divisi\u00f3n. En la imagen el portero b\u00e9tico Juan Ignacio Otero detiene un bal\u00f3n del ataque vallisoletano. Con un tanto de Kuszmann en la segunda parte el Betis se impuso en terreno albivioleta.<\/p>\n","protected":false},"author":5,"featured_media":21717,"comment_status":"open","ping_status":"open","sticky":false,"template":"","format":"standard","meta":{"_kad_post_transparent":"","_kad_post_title":"","_kad_post_layout":"","_kad_post_sidebar_id":"","_kad_post_content_style":"","_kad_post_vertical_padding":"","_kad_post_feature":"","_kad_post_feature_position":"","_kad_post_header":false,"_kad_post_footer":false,"_kad_post_classname":"","_jetpack_memberships_contains_paid_content":false,"footnotes":"","jetpack_publicize_message":"","jetpack_publicize_feature_enabled":true,"jetpack_social_post_already_shared":false,"jetpack_social_options":{"image_generator_settings":{"template":"highway","default_image_id":0,"font":"","enabled":false},"version":2}},"categories":[902,1],"tags":[2377,1246,1468,17852,1359],"class_list":["post-21716","post","type-post","status-publish","format-standard","has-post-thumbnail","hentry","category-1960-1969","category-portada","tag-1959-60","tag-1246","tag-juan-ignacio-otero","tag-liga-primera-1959-60","tag-real-valladolid"],"jetpack_publicize_connections":[],"jetpack_featured_media_url":"https:\/\/i0.wp.com\/www.manquepierda.com\/historiarealbetis\/files\/2012\/09\/Septiembre-14-1960-4-5-Valladolid-Betis.jpg?fit=218%2C119&ssl=1","jetpack_sharing_enabled":true,"jetpack_shortlink":"https:\/\/wp.me\/p1ij08-5Eg","jetpack-related-posts":[],"_links":{"self":[{"href":"https:\/\/www.manquepierda.com\/historiarealbetis\/wp-json\/wp\/v2\/posts\/21716","targetHints":{"allow":["GET"]}}],"collection":[{"href":"https:\/\/www.manquepierda.com\/historiarealbetis\/wp-json\/wp\/v2\/posts"}],"about":[{"href":"https:\/\/www.manquepierda.com\/historiarealbetis\/wp-json\/wp\/v2\/types\/post"}],"author":[{"embeddable":true,"href":"https:\/\/www.manquepierda.com\/historiarealbetis\/wp-json\/wp\/v2\/users\/5"}],"replies":[{"embeddable":true,"href":"https:\/\/www.manquepierda.com\/historiarealbetis\/wp-json\/wp\/v2\/comments?post=21716"}],"version-history":[{"count":1,"href":"https:\/\/www.manquepierda.com\/historiarealbetis\/wp-json\/wp\/v2\/posts\/21716\/revisions"}],"predecessor-version":[{"id":99714,"href":"https:\/\/www.manquepierda.com\/historiarealbetis\/wp-json\/wp\/v2\/posts\/21716\/revisions\/99714"}],"wp:featuredmedia":[{"embeddable":true,"href":"https:\/\/www.manquepierda.com\/historiarealbetis\/wp-json\/wp\/v2\/media\/21717"}],"wp:attachment":[{"href":"https:\/\/www.manquepierda.com\/historiarealbetis\/wp-json\/wp\/v2\/media?parent=21716"}],"wp:term":[{"taxonomy":"category","embeddable":true,"href":"https:\/\/www.manquepierda.com\/historiarealbetis\/wp-json\/wp\/v2\/categories?post=21716"},{"taxonomy":"post_tag","embeddable":true,"href":"https:\/\/www.manquepierda.com\/historiarealbetis\/wp-json\/wp\/v2\/tags?post=21716"}],"curies":[{"name":"wp","href":"https:\/\/api.w.org\/{rel}","templated":true}]}}