{"id":21720,"date":"2012-09-11T06:17:28","date_gmt":"2012-09-11T05:17:28","guid":{"rendered":"http:\/\/www.manquepierda.com\/historiarealbetis\/?p=21720"},"modified":"2012-09-10T06:47:03","modified_gmt":"2012-09-10T05:47:03","slug":"antonio-moguer-marquez-buzon-de-marca-1956","status":"publish","type":"post","link":"https:\/\/www.manquepierda.com\/historiarealbetis\/antonio-moguer-marquez-buzon-de-marca-1956\/","title":{"rendered":"Antonio Moguer M\u00e1rquez. Buz\u00f3n de Marca 1956"},"content":{"rendered":"<p><a href=\"https:\/\/i0.wp.com\/www.manquepierda.com\/historiarealbetis\/files\/2012\/09\/Antonio-Moguer-b%C3%A9tico.jpg?ssl=1\"><img data-recalc-dims=\"1\" loading=\"lazy\" decoding=\"async\" class=\"alignleft  wp-image-21721\" src=\"https:\/\/i0.wp.com\/www.manquepierda.com\/historiarealbetis\/files\/2012\/09\/Antonio-Moguer-b%C3%A9tico.jpg?resize=465%2C264&#038;ssl=1\" alt=\"\" width=\"465\" height=\"264\" srcset=\"https:\/\/i0.wp.com\/www.manquepierda.com\/historiarealbetis\/files\/2012\/09\/Antonio-Moguer-b%C3%A9tico.jpg?w=581&amp;ssl=1 581w, https:\/\/i0.wp.com\/www.manquepierda.com\/historiarealbetis\/files\/2012\/09\/Antonio-Moguer-b%C3%A9tico.jpg?resize=300%2C170&amp;ssl=1 300w\" sizes=\"auto, (max-width: 465px) 100vw, 465px\" \/><\/a><\/p>\n<p>&nbsp;<\/p>\n<p>Antonio Moguer M\u00e1rquez es uno de esos grand\u00edsimos b\u00e9ticos a los que tanto debe la historia del club.<\/p>\n<p>Seguidor infatigable por toda la geograf\u00eda donde jugase el Betis dej\u00f3 testimonio en numerosas ocasiones en la prensa del momento de su pasi\u00f3n por el equipo verdiblanco.<\/p>\n<p>En esta ocasi\u00f3n se trata de una carta enviada al diario deportivo Marca, a su secci\u00f3n llamada Buz\u00f3n de Marca, en octubre de 1956, y en la que defiende a capa y espada que la joven figura b\u00e9tica del momento, Luis Del Sol, sea llamada a la selecci\u00f3n nacional por Manolo Meana, quien ejerc\u00eda por aquel entonces de seleccionador.<\/p>\n<p>&nbsp;<\/p>\n<p><em>Me llamo Antonio Moguer M\u00e1rquez, pero en Sevilla todos me conocen por \u00abel seguidor b\u00e9tico n\u00famero uno\u00bb. Claro est\u00e1 que es s\u00f3lo por los desplazamientos que hago con el equipo, porque, por lo dem\u00e1s, todos los b\u00e9ticos de Espa\u00f1a, que son incontables, tienen el calificativo de \u00abn\u00famero uno\u00bb. As\u00ed ha quedado demostrado en los triunfos y en las derrotas; siete a\u00f1os en el pozo de la Tercera Divisi\u00f3n s\u00f3lo una afici\u00f3n como la b\u00e9tica, despu\u00e9s de haber conquistado el t\u00edtulo de campe\u00f3n de Liga de Primera Divisi\u00f3n, podr\u00eda resistirlo, y m\u00e1s a\u00fan con su \u00abeterno rival\u00bb en la Primera Divisi\u00f3n y teniendo que afrontar muchas adversidades, que no es preciso ahora comentar.\u00a0<\/em><\/p>\n<p><em> Pero nuestro \u00abmanque pierda\u00bb, sincero y popular en toda Espa\u00f1a, ha tenido su recompensa, y con \u00e9l siempre adelante llegaremos a la meta donde el club, por su solera y por su gran historial deportivo, merece ocupar.<\/em><\/p>\n<p><em> Y ahora que tenemos un gran equipo, un equipo \u00abde Primera Divisi\u00f3n\u00bb, y nos proponemos celebrar las bodas de oro en la Divisi\u00f3n de Honor, existe una posibilidad de que uno de sus jugadores, sevillano por cierto, del barrio de San Jer\u00f3nimo, logre el entorchado de internacional. Para ello s\u00f3lo hace falta que el se\u00f1or Meana le d\u00e9 una oportunidad para cualquier partido de preselecci\u00f3n. Ese gran jugador se llama Del Sol. El extremo izquierdo sevillano, tanto en la pasada Liga como en la actual,\u00a0 es la figura y el \u00eddolo de la afici\u00f3n sevillana. Velocidad de v\u00e9rtigo, dribling y una gran juventud hacen de Del Sol el posible extremo del f\u00fatbol espa\u00f1ol.<\/em><\/p>\n<p><em> Hace poco o\u00ed decir a Campanal, el gran defensa sevillista, que lo cre\u00eda el mejor extremo izquierdo de Espa\u00f1a. En Oviedo, el pasado a\u00f1o, en la promoci\u00f3n, maravill\u00f3 a los espectadores, marc\u00e1ndole Toni I, y donde quiera que juega arranca los mayores aplausos de la tarde. Ya s\u00e9 que Del Sol juega en Segunda, y por eso precisamente es por lo que escribo a \u00abBuz\u00f3n de MARCA\u00bb. No hay derecho a que jugadores magn\u00edficos que se encuentran en la Segunda Divisi\u00f3n nadie se acuerde de ellos. Ah\u00ed est\u00e1 el caso,\u00a0 por ejemplo,\u00a0 de Toni, defensa lateral del Oviedo, que nada tiene que envidiar al mejor de Espa\u00f1a. <\/em><\/p>\n<p><em>Siempre hubo internacionales en Segunda, y estoy seguro de que ahora Meana, antiguo gran jugador, sabr\u00e1 hacer justicia. En el caso que me ocupa, el seleccionador tiene la palabra, y estoy seguro que Del Sol sabr\u00eda dejar en buen lugar a su apellido, porque jugando tiene la luminosidad del mismo y la alegr\u00eda de la tierra de Mar\u00eda Sant\u00edsima. Y \u00abpa\u00bb cogerlo, de verdad que hay que echarle una Vespa.\u00a0 \u00a1No lo olvide usted, se\u00f1or Meana\u00a1 \u00a0 <\/em><\/p>\n<p>&nbsp;<\/p>\n<p>Fuente: Marca 19 de octubre de 1956<\/p>\n<p>&nbsp;<\/p>\n","protected":false},"excerpt":{"rendered":"<p>&nbsp; Antonio Moguer M\u00e1rquez es uno de esos grand\u00edsimos b\u00e9ticos a los que tanto debe la historia del club. Seguidor infatigable por toda la geograf\u00eda donde jugase el Betis dej\u00f3 testimonio en numerosas ocasiones en la prensa del momento de su pasi\u00f3n por el equipo verdiblanco. En esta ocasi\u00f3n se trata de una carta enviada&#8230;<\/p>\n","protected":false},"author":5,"featured_media":21721,"comment_status":"open","ping_status":"open","sticky":false,"template":"","format":"standard","meta":{"_kad_post_transparent":"","_kad_post_title":"","_kad_post_layout":"","_kad_post_sidebar_id":"","_kad_post_content_style":"","_kad_post_vertical_padding":"","_kad_post_feature":"","_kad_post_feature_position":"","_kad_post_header":false,"_kad_post_footer":false,"_kad_post_classname":"","_jetpack_memberships_contains_paid_content":false,"footnotes":"","jetpack_publicize_message":"","jetpack_publicize_feature_enabled":true,"jetpack_social_post_already_shared":false,"jetpack_social_options":{"image_generator_settings":{"template":"highway","default_image_id":0,"font":"","enabled":false},"version":2}},"categories":[901,894,1],"tags":[1239,4655,541],"class_list":["post-21720","post","type-post","status-publish","format-standard","has-post-thumbnail","hentry","category-1950-1959","category-la-aficion","category-portada","tag-1239","tag-antonio-moguer","tag-luis-del-sol"],"jetpack_publicize_connections":[],"jetpack_featured_media_url":"https:\/\/i0.wp.com\/www.manquepierda.com\/historiarealbetis\/files\/2012\/09\/Antonio-Moguer-b%C3%A9tico.jpg?fit=581%2C330&ssl=1","jetpack_sharing_enabled":true,"jetpack_shortlink":"https:\/\/wp.me\/p1ij08-5Ek","jetpack-related-posts":[],"_links":{"self":[{"href":"https:\/\/www.manquepierda.com\/historiarealbetis\/wp-json\/wp\/v2\/posts\/21720","targetHints":{"allow":["GET"]}}],"collection":[{"href":"https:\/\/www.manquepierda.com\/historiarealbetis\/wp-json\/wp\/v2\/posts"}],"about":[{"href":"https:\/\/www.manquepierda.com\/historiarealbetis\/wp-json\/wp\/v2\/types\/post"}],"author":[{"embeddable":true,"href":"https:\/\/www.manquepierda.com\/historiarealbetis\/wp-json\/wp\/v2\/users\/5"}],"replies":[{"embeddable":true,"href":"https:\/\/www.manquepierda.com\/historiarealbetis\/wp-json\/wp\/v2\/comments?post=21720"}],"version-history":[{"count":0,"href":"https:\/\/www.manquepierda.com\/historiarealbetis\/wp-json\/wp\/v2\/posts\/21720\/revisions"}],"wp:featuredmedia":[{"embeddable":true,"href":"https:\/\/www.manquepierda.com\/historiarealbetis\/wp-json\/wp\/v2\/media\/21721"}],"wp:attachment":[{"href":"https:\/\/www.manquepierda.com\/historiarealbetis\/wp-json\/wp\/v2\/media?parent=21720"}],"wp:term":[{"taxonomy":"category","embeddable":true,"href":"https:\/\/www.manquepierda.com\/historiarealbetis\/wp-json\/wp\/v2\/categories?post=21720"},{"taxonomy":"post_tag","embeddable":true,"href":"https:\/\/www.manquepierda.com\/historiarealbetis\/wp-json\/wp\/v2\/tags?post=21720"}],"curies":[{"name":"wp","href":"https:\/\/api.w.org\/{rel}","templated":true}]}}