{"id":21777,"date":"2012-09-12T11:32:40","date_gmt":"2012-09-12T10:32:40","guid":{"rendered":"http:\/\/www.manquepierda.com\/historiarealbetis\/?p=21777"},"modified":"2024-08-29T18:27:30","modified_gmt":"2024-08-29T16:27:30","slug":"1947-sepbre-14-amistoso-antequera-cf-1-real-betis-balompie-0","status":"publish","type":"post","link":"https:\/\/www.manquepierda.com\/historiarealbetis\/1947-sepbre-14-amistoso-antequera-cf-1-real-betis-balompie-0\/","title":{"rendered":"1947-Sepbre 14-Amistoso: Antequera CF-1 Real Betis Balompi\u00e9-0"},"content":{"rendered":"<p>&nbsp;<\/p>\n<p><em><strong>\u00abDomingo 14 de Septiembre de 1947.-Amistoso en Antequera contra el Antequera Club de F\u00fatbol perdi\u00f3 1-0.<a href=\"https:\/\/i0.wp.com\/www.manquepierda.com\/historiarealbetis\/files\/2012\/09\/1941-RBB3.jpg?ssl=1\"><img data-recalc-dims=\"1\" loading=\"lazy\" decoding=\"async\" class=\"alignright size-full wp-image-21780\" src=\"https:\/\/i0.wp.com\/www.manquepierda.com\/historiarealbetis\/files\/2012\/09\/1941-RBB3.jpg?resize=154%2C154&#038;ssl=1\" alt=\"\" width=\"154\" height=\"154\" srcset=\"https:\/\/i0.wp.com\/www.manquepierda.com\/historiarealbetis\/files\/2012\/09\/1941-RBB3.jpg?w=154&amp;ssl=1 154w, https:\/\/i0.wp.com\/www.manquepierda.com\/historiarealbetis\/files\/2012\/09\/1941-RBB3.jpg?resize=150%2C150&amp;ssl=1 150w, https:\/\/i0.wp.com\/www.manquepierda.com\/historiarealbetis\/files\/2012\/09\/1941-RBB3.jpg?resize=50%2C50&amp;ssl=1 50w\" sizes=\"auto, (max-width: 154px) 100vw, 154px\" \/><\/a><\/strong><\/em><\/p>\n<p style=\"text-align: center\"><em><strong><\/strong><\/em><em><strong>Aline\u00f3 a:<\/strong><\/em><\/p>\n<p style=\"text-align: left\"><em><strong>GONZALO Zamora Ramos; \u00a0<\/strong><\/em><em><strong>Rafael Mart\u00ednez CASTILLO,\u00a0 Jos\u00e9 Garc\u00eda PULIDO;\u00a0 M\u00c1XIMO Benito Velasco,\u00a0 MAR\u00cdN,\u00a0 Francisco GEN\u00c9 Amar\u00e9;\u00a0 SARO-\u00c1ngel Mart\u00edn Rodr\u00edguez,\u00a0 Antonio PE\u00d1A Romero,\u00a0 LAS HERAS,\u00a0 ESTEBAN Berros Carrasco (PALMA)\u00a0 y\u00a0 ERASMO Fern\u00e1ndez Marcos\u00bb.<\/strong><\/em><em><strong><\/strong><\/em><em><strong><\/strong><\/em><em><strong><\/strong><\/em><\/p>\n<p style=\"text-align: left\">Observaci\u00f3n:<\/p>\n<p style=\"text-align: left\">-El Club Deportivo Antequerano (Fundado en 1938 en Antequera-M\u00e1laga)\u00a0 militaba en la Liga de Tercera Divisi\u00f3n-Grupo Octavo 1947-1948.\u00a0 Desde 1962 se denomin\u00f3 \u00abAntequera Club de F\u00fatbol\u00bb.<\/p>\n<p style=\"text-align: left\">En 1969 se fusiona con la \u00abUni\u00f3n Deportiva La Salle\u00bb denomin\u00e1ndose \u00abUni\u00f3n Deportiva Antequerano\u00bb.<\/p>\n<p style=\"text-align: left\">\n","protected":false},"excerpt":{"rendered":"<p>&nbsp; \u00abDomingo 14 de Septiembre de 1947.-Amistoso en Antequera contra el Antequera Club de F\u00fatbol perdi\u00f3 1-0. Aline\u00f3 a: GONZALO Zamora Ramos; \u00a0Rafael Mart\u00ednez CASTILLO,\u00a0 Jos\u00e9 Garc\u00eda PULIDO;\u00a0 M\u00c1XIMO Benito Velasco,\u00a0 MAR\u00cdN,\u00a0 Francisco GEN\u00c9 Amar\u00e9;\u00a0 SARO-\u00c1ngel Mart\u00edn Rodr\u00edguez,\u00a0 Antonio PE\u00d1A Romero,\u00a0 LAS HERAS,\u00a0 ESTEBAN Berros Carrasco (PALMA)\u00a0 y\u00a0 ERASMO Fern\u00e1ndez Marcos\u00bb. Observaci\u00f3n: -El Club Deportivo&#8230;<\/p>\n","protected":false},"author":48,"featured_media":21780,"comment_status":"open","ping_status":"open","sticky":false,"template":"","format":"standard","meta":{"_kad_post_transparent":"","_kad_post_title":"","_kad_post_layout":"","_kad_post_sidebar_id":"","_kad_post_content_style":"","_kad_post_vertical_padding":"","_kad_post_feature":"","_kad_post_feature_position":"","_kad_post_header":false,"_kad_post_footer":false,"_kad_post_classname":"","_jetpack_memberships_contains_paid_content":false,"footnotes":"","jetpack_publicize_message":"","jetpack_publicize_feature_enabled":true,"jetpack_social_post_already_shared":false,"jetpack_social_options":{"image_generator_settings":{"template":"highway","default_image_id":0,"font":"","enabled":false},"version":2}},"categories":[900,1],"tags":[52,10150,18064],"class_list":["post-21777","post","type-post","status-publish","format-standard","has-post-thumbnail","hentry","category-1940-1949","category-portada","tag-52","tag-1947-48","tag-antequera-fc"],"jetpack_publicize_connections":[],"jetpack_featured_media_url":"https:\/\/i0.wp.com\/www.manquepierda.com\/historiarealbetis\/files\/2012\/09\/1941-RBB3.jpg?fit=154%2C154&ssl=1","jetpack_sharing_enabled":true,"jetpack_shortlink":"https:\/\/wp.me\/p1ij08-5Ff","jetpack-related-posts":[],"_links":{"self":[{"href":"https:\/\/www.manquepierda.com\/historiarealbetis\/wp-json\/wp\/v2\/posts\/21777","targetHints":{"allow":["GET"]}}],"collection":[{"href":"https:\/\/www.manquepierda.com\/historiarealbetis\/wp-json\/wp\/v2\/posts"}],"about":[{"href":"https:\/\/www.manquepierda.com\/historiarealbetis\/wp-json\/wp\/v2\/types\/post"}],"author":[{"embeddable":true,"href":"https:\/\/www.manquepierda.com\/historiarealbetis\/wp-json\/wp\/v2\/users\/48"}],"replies":[{"embeddable":true,"href":"https:\/\/www.manquepierda.com\/historiarealbetis\/wp-json\/wp\/v2\/comments?post=21777"}],"version-history":[{"count":1,"href":"https:\/\/www.manquepierda.com\/historiarealbetis\/wp-json\/wp\/v2\/posts\/21777\/revisions"}],"predecessor-version":[{"id":98189,"href":"https:\/\/www.manquepierda.com\/historiarealbetis\/wp-json\/wp\/v2\/posts\/21777\/revisions\/98189"}],"wp:featuredmedia":[{"embeddable":true,"href":"https:\/\/www.manquepierda.com\/historiarealbetis\/wp-json\/wp\/v2\/media\/21780"}],"wp:attachment":[{"href":"https:\/\/www.manquepierda.com\/historiarealbetis\/wp-json\/wp\/v2\/media?parent=21777"}],"wp:term":[{"taxonomy":"category","embeddable":true,"href":"https:\/\/www.manquepierda.com\/historiarealbetis\/wp-json\/wp\/v2\/categories?post=21777"},{"taxonomy":"post_tag","embeddable":true,"href":"https:\/\/www.manquepierda.com\/historiarealbetis\/wp-json\/wp\/v2\/tags?post=21777"}],"curies":[{"name":"wp","href":"https:\/\/api.w.org\/{rel}","templated":true}]}}