{"id":21873,"date":"2012-09-19T08:32:18","date_gmt":"2012-09-19T07:32:18","guid":{"rendered":"http:\/\/www.manquepierda.com\/historiarealbetis\/?p=21873"},"modified":"2019-01-01T14:13:30","modified_gmt":"2019-01-01T13:13:30","slug":"sala-de-trofeos-1935","status":"publish","type":"post","link":"https:\/\/www.manquepierda.com\/historiarealbetis\/sala-de-trofeos-1935\/","title":{"rendered":"Sala de trofeos 1935"},"content":{"rendered":"<figure id=\"attachment_21874\" aria-describedby=\"caption-attachment-21874\" style=\"width: 556px\" class=\"wp-caption aligncenter\"><a href=\"https:\/\/i0.wp.com\/www.manquepierda.com\/historiarealbetis\/files\/2012\/09\/Copa-1935-Imagen-con-Copa-Andaluc%C3%ADa.jpg?ssl=1\"><img data-recalc-dims=\"1\" loading=\"lazy\" decoding=\"async\" class=\" wp-image-21874 \" src=\"https:\/\/i0.wp.com\/www.manquepierda.com\/historiarealbetis\/files\/2012\/09\/Copa-1935-Imagen-con-Copa-Andaluc%C3%ADa.jpg?resize=556%2C803&#038;ssl=1\" alt=\"\" width=\"556\" height=\"803\" srcset=\"https:\/\/i0.wp.com\/www.manquepierda.com\/historiarealbetis\/files\/2012\/09\/Copa-1935-Imagen-con-Copa-Andaluc%C3%ADa.jpg?w=1448&amp;ssl=1 1448w, https:\/\/i0.wp.com\/www.manquepierda.com\/historiarealbetis\/files\/2012\/09\/Copa-1935-Imagen-con-Copa-Andaluc%C3%ADa.jpg?resize=207%2C300&amp;ssl=1 207w, https:\/\/i0.wp.com\/www.manquepierda.com\/historiarealbetis\/files\/2012\/09\/Copa-1935-Imagen-con-Copa-Andaluc%C3%ADa.jpg?resize=708%2C1024&amp;ssl=1 708w, https:\/\/i0.wp.com\/www.manquepierda.com\/historiarealbetis\/files\/2012\/09\/Copa-1935-Imagen-con-Copa-Andaluc%C3%ADa.jpg?resize=1024%2C1479&amp;ssl=1 1024w\" sizes=\"auto, (max-width: 556px) 100vw, 556px\" \/><\/a><figcaption id=\"caption-attachment-21874\" class=\"wp-caption-text\">Fuente: Colecci\u00f3n fotogr\u00e1fica Manuel Sim\u00f3 Mateos.<\/figcaption><\/figure>\n<p>&nbsp;<\/p>\n<p style=\"text-align: left\">Esta imagen ya es conocida. Pertenece a la colecci\u00f3n fotogr\u00e1fica de Manuel Sim\u00f3 y est\u00e1 incluida en el CD \u00abIm\u00e1genes de una afici\u00f3n\u00bb\u00a0 editado \u00a0 en 2009 por la Consejer\u00eda de Cultura de la Junta de Andaluc\u00eda en coordinaci\u00f3n con el Archivo Hist\u00f3rico Provincial de Sevilla.<\/p>\n<p style=\"text-align: left\">Una interesant\u00edsima iniciativa en la que tambi\u00e9n colaboraron los amigos Enrique A\u00f1ino y\u00a0 Rafael Medina, adictos ambos a la causa esta de investigar, difundir y dar a conocer aspectos relacionados con la Historia del Real Betis Balompi\u00e9.<\/p>\n<p style=\"text-align: left\">Traigo aqu\u00ed la imagen porque creo que hay un aspecto que se ha pasado por alto y puede tener cierta trascendencia.<\/p>\n<p style=\"text-align: left\">La fotograf\u00eda representa a un grupo de directivos b\u00e9ticos, entre los que podemos reconocer a Manuel Sim\u00f3 en medio de la imagen y a Carlos Fern\u00e1ndez del Pando, a la derecha de la imagen. Posan con el trofeo de Campe\u00f3n de Liga obtenido en Santander el 28 abril de 1935,\u00a0 y que el Betis recogi\u00f3 en Bilbao de la sede del Athletic el d\u00eda 29 de abril.<\/p>\n<p style=\"text-align: left\">La imagen habr\u00eda que situarla en la Secretar\u00eda del Betis que por entonces se ubicaba en la calle Bilbao n\u00ba2 bajo. En el estante superior hay 9 trofeos y el primero empezando por la izquierda bien pudiera ser la \u00fanica imagen que conocemos del Campeonato de Andaluc\u00eda obtenido por el Betis en 1928 en C\u00f3rdoba contra el Sevilla FC.<\/p>\n<p style=\"text-align: left\">No conozco ninguna otra imagen de la \u00e9poca en que se reproduzca el trofeo del \u00fanico Campeonato de Andaluc\u00eda que obtuvo el Betis, y bien pudiera ser \u00e9sta la \u00fanica imagen en que este aparezca. Por cierto, un trofeo que ya no se haya entre los que actualmente conserva el club.<\/p>\n<p>&nbsp;<\/p>\n<p>&nbsp;<\/p>\n","protected":false},"excerpt":{"rendered":"<p>&nbsp; Esta imagen ya es conocida. Pertenece a la colecci\u00f3n fotogr\u00e1fica de Manuel Sim\u00f3 y est\u00e1 incluida en el CD \u00abIm\u00e1genes de una afici\u00f3n\u00bb\u00a0 editado \u00a0 en 2009 por la Consejer\u00eda de Cultura de la Junta de Andaluc\u00eda en coordinaci\u00f3n con el Archivo Hist\u00f3rico Provincial de Sevilla. Una interesant\u00edsima iniciativa en la que tambi\u00e9n colaboraron&#8230;<\/p>\n","protected":false},"author":5,"featured_media":21874,"comment_status":"open","ping_status":"open","sticky":false,"template":"","format":"standard","meta":{"_kad_post_transparent":"","_kad_post_title":"","_kad_post_layout":"","_kad_post_sidebar_id":"","_kad_post_content_style":"","_kad_post_vertical_padding":"","_kad_post_feature":"","_kad_post_feature_position":"","_kad_post_header":false,"_kad_post_footer":false,"_kad_post_classname":"","_jetpack_memberships_contains_paid_content":false,"footnotes":"","jetpack_publicize_message":"","jetpack_publicize_feature_enabled":true,"jetpack_social_post_already_shared":false,"jetpack_social_options":{"image_generator_settings":{"template":"highway","default_image_id":0,"font":"","enabled":false},"version":2}},"categories":[899,1],"tags":[45],"class_list":["post-21873","post","type-post","status-publish","format-standard","has-post-thumbnail","hentry","category-1930-1939","category-portada","tag-45"],"jetpack_publicize_connections":[],"jetpack_featured_media_url":"https:\/\/i0.wp.com\/www.manquepierda.com\/historiarealbetis\/files\/2012\/09\/Copa-1935-Imagen-con-Copa-Andaluc%C3%ADa.jpg?fit=1448%2C2092&ssl=1","jetpack_sharing_enabled":true,"jetpack_shortlink":"https:\/\/wp.me\/p1ij08-5GN","jetpack-related-posts":[],"_links":{"self":[{"href":"https:\/\/www.manquepierda.com\/historiarealbetis\/wp-json\/wp\/v2\/posts\/21873","targetHints":{"allow":["GET"]}}],"collection":[{"href":"https:\/\/www.manquepierda.com\/historiarealbetis\/wp-json\/wp\/v2\/posts"}],"about":[{"href":"https:\/\/www.manquepierda.com\/historiarealbetis\/wp-json\/wp\/v2\/types\/post"}],"author":[{"embeddable":true,"href":"https:\/\/www.manquepierda.com\/historiarealbetis\/wp-json\/wp\/v2\/users\/5"}],"replies":[{"embeddable":true,"href":"https:\/\/www.manquepierda.com\/historiarealbetis\/wp-json\/wp\/v2\/comments?post=21873"}],"version-history":[{"count":0,"href":"https:\/\/www.manquepierda.com\/historiarealbetis\/wp-json\/wp\/v2\/posts\/21873\/revisions"}],"wp:featuredmedia":[{"embeddable":true,"href":"https:\/\/www.manquepierda.com\/historiarealbetis\/wp-json\/wp\/v2\/media\/21874"}],"wp:attachment":[{"href":"https:\/\/www.manquepierda.com\/historiarealbetis\/wp-json\/wp\/v2\/media?parent=21873"}],"wp:term":[{"taxonomy":"category","embeddable":true,"href":"https:\/\/www.manquepierda.com\/historiarealbetis\/wp-json\/wp\/v2\/categories?post=21873"},{"taxonomy":"post_tag","embeddable":true,"href":"https:\/\/www.manquepierda.com\/historiarealbetis\/wp-json\/wp\/v2\/tags?post=21873"}],"curies":[{"name":"wp","href":"https:\/\/api.w.org\/{rel}","templated":true}]}}