{"id":22379,"date":"2012-10-08T16:46:52","date_gmt":"2012-10-08T15:46:52","guid":{"rendered":"http:\/\/www.manquepierda.com\/historiarealbetis\/?p=22379"},"modified":"2024-08-08T19:39:47","modified_gmt":"2024-08-08T17:39:47","slug":"1928-agosto-12-benefico-seleccion-melillense-0-real-betis-balompie-3","status":"publish","type":"post","link":"https:\/\/www.manquepierda.com\/historiarealbetis\/1928-agosto-12-benefico-seleccion-melillense-0-real-betis-balompie-3\/","title":{"rendered":"1928-Agosto 12-Copa Omnib\u00fas Autom\u00f3viles Melilla SA.-Selecci\u00f3n Melillense-0 Real Betis Balompi\u00e9-3."},"content":{"rendered":"<p style=\"text-align: justify\"><em>\u00abEstaba descontado <strong>que el festival deportivo organizado por la Asociaci\u00f3n de la Prensa de Melilla a beneficio de su Caja de Socorro, <\/strong>hab\u00eda de constituir un se\u00f1alado \u00e9xito; la Asociaci\u00f3n de la Prensa decidi\u00f3 llevar a cabo tan sensacional acontecimiento deportivo <strong>como supon\u00eda el hecho de traer un equipo de tanto y merecido renombre como el Real Betis Balompi\u00e9.<\/strong><br \/>\n<\/em><\/p>\n<p style=\"text-align: justify\"><em>La Asociaci\u00f3n de la Prensa de Melilla debe gratitud inmensa a su ilustre Presidente honorario el general Jos\u00e9 Sanjurjo Sacanell, quien respondiendo a la cari\u00f1osa invitaci\u00f3n, que recibiera para asistir al festival, no vacil\u00f3 en realizar el viaje desde Tetu\u00e1n, mostrando con ello el profundo y sincero cari\u00f1o que procesa a dicha entidad.<\/em><\/p>\n<p style=\"text-align: justify\"><em>Gratitud debe tambi\u00e9n a la simp\u00e1tica y prestigiosa Real Sociedad H\u00edpica, que con tanto entusiasmo preside, el joven y bizarro coronel Pareja, pues desde el primer momento puso a disposici\u00f3n de la Asociaci\u00f3n el campo de la mencionada entidad y cuantos elementos fueron precisos, contribuyendo en important\u00edsima parte al grandioso \u00e9xito del festival deportivo.<\/em><\/p>\n<p style=\"text-align: justify\"><em>Asimismo reconocida debe mostrarse la Asociaci\u00f3n al general Jefe de la Circunscripci\u00f3n, Manuel Gonz\u00e1lez Carrasco; delegado gubernativo coronel, Lu\u00eds Solans Labed\u00f3n; y Presidente de la Junta, C\u00e1ndido Lobera Gilera; quienes, adem\u00e1s de costear los palcos que se les remitieron, dado el fin ben\u00e9fico de la fiesta, pusieron a disposici\u00f3n de los organizadores cuantos elementos estimaron necesarios, cooperando igualmente, en parte muy valiosa al brillante resultado.<\/em><\/p>\n<p style=\"text-align: justify\"><em>A la hora de comenzar el partido, presentaba el campo de la H\u00edpica brillant\u00edsimo aspecto, nunca hasta<img data-recalc-dims=\"1\" loading=\"lazy\" decoding=\"async\" class=\"alignright size-medium wp-image-50584\" src=\"https:\/\/i0.wp.com\/www.manquepierda.com\/historiarealbetis\/files\/2012\/10\/hc3adpica-de-melilla.jpg?resize=680%2C383&#038;ssl=1\" alt=\"hc3adpica-de-melilla\" width=\"680\" height=\"383\" srcset=\"https:\/\/i0.wp.com\/www.manquepierda.com\/historiarealbetis\/files\/2012\/10\/hc3adpica-de-melilla.jpg?resize=680%2C383&amp;ssl=1 680w, https:\/\/i0.wp.com\/www.manquepierda.com\/historiarealbetis\/files\/2012\/10\/hc3adpica-de-melilla.jpg?resize=220%2C124&amp;ssl=1 220w, https:\/\/i0.wp.com\/www.manquepierda.com\/historiarealbetis\/files\/2012\/10\/hc3adpica-de-melilla.jpg?resize=768%2C433&amp;ssl=1 768w, https:\/\/i0.wp.com\/www.manquepierda.com\/historiarealbetis\/files\/2012\/10\/hc3adpica-de-melilla.jpg?resize=960%2C541&amp;ssl=1 960w, https:\/\/i0.wp.com\/www.manquepierda.com\/historiarealbetis\/files\/2012\/10\/hc3adpica-de-melilla.jpg?w=1200&amp;ssl=1 1200w\" sizes=\"auto, (max-width: 680px) 100vw, 680px\" \/> entonces observado. Palcos, sillas de tribuna, sillas de vallas y entrada general, aparec\u00edan totalmente ocupados.<\/em><\/p>\n<p style=\"text-align: justify\"><em>Los palcos de las autoridades y de la Presidencia, hab\u00edan sido art\u00edsticamennte adornados con profusi\u00f3n de banderas nacionales e infinidad de guirnaldas, realizando dichos trabajos por personal Junta Municipal bajo la direcci\u00f3n de Tom\u00e1s Moreno L\u00e1zaro.<\/em><\/p>\n<p style=\"text-align: justify\"><em>A uno y otro lado de dichos palcos luc\u00edan las banderas de los equipos Melilla FC, Deportiva y la H\u00edpica contribuyendo a la vistosidad del conjunto.<\/em><\/p>\n<p style=\"text-align: center\"><img data-recalc-dims=\"1\" loading=\"lazy\" decoding=\"async\" class=\"aligncenter size-large wp-image-50585\" src=\"https:\/\/i0.wp.com\/www.manquepierda.com\/historiarealbetis\/files\/2012\/10\/22276_477.jpg?resize=960%2C631&#038;ssl=1\" alt=\"22276_477\" width=\"960\" height=\"631\" srcset=\"https:\/\/i0.wp.com\/www.manquepierda.com\/historiarealbetis\/files\/2012\/10\/22276_477.jpg?resize=960%2C631&amp;ssl=1 960w, https:\/\/i0.wp.com\/www.manquepierda.com\/historiarealbetis\/files\/2012\/10\/22276_477.jpg?resize=220%2C145&amp;ssl=1 220w, https:\/\/i0.wp.com\/www.manquepierda.com\/historiarealbetis\/files\/2012\/10\/22276_477.jpg?resize=680%2C447&amp;ssl=1 680w, https:\/\/i0.wp.com\/www.manquepierda.com\/historiarealbetis\/files\/2012\/10\/22276_477.jpg?resize=768%2C505&amp;ssl=1 768w, https:\/\/i0.wp.com\/www.manquepierda.com\/historiarealbetis\/files\/2012\/10\/22276_477.jpg?w=1600&amp;ssl=1 1600w\" sizes=\"auto, (max-width: 960px) 100vw, 960px\" \/><\/p>\n<p style=\"text-align: justify\"><em><strong>\u00abDe izquierda a derecha de pie: Adolfo Sancho Carrillo De Albornoz (a) \u00abADOLFITO-ADOLFO I\u00bb-\u00abTITI\u00bb-Carlos CASTA\u00d1EDA Borreguero-Jes\u00fas JIM\u00c9NEZ Santos-ENRIQUE Garrido Reguera-Jes\u00fas Alberto Ruiz Medrano (a) \u00abJESUS\u00cdN\u00bb-Andr\u00e9s ARANDA Guti\u00e9rrez-directivo Asociaci\u00f3n Prensa Melilla-Victoriano Antonio CARRASCO Clavijo-JES\u00daS Bern\u00e1ldez Moreno (a) \u00abManos Duras\u00bb (Capit\u00e1n)-Manuel SALDA\u00d1A Guijo-Manuel Nogueras Carretero (a) \u00abMANOL\u00cdN\u00bb y Antonio TENORIO Mart\u00ednez\u00bb.<\/strong><\/em><\/p>\n<p style=\"text-align: justify\"><em><strong>Sentados, entre otros, el Comandante General Manuel Gonz\u00e1lez Carrasco; Presidente accidental de la Asociaci\u00f3n de Prensa, Jaime Tur y el directivo Jos\u00e9 Ferr\u00edn; Presidente Real Betis Balompi\u00e9, Ignacio S\u00e1nchez Mej\u00edas; y el Tesorero-delegado del material deportivo, Ram\u00f3n Medel\u00bb.-<\/strong><\/em>N\/Referencia CPFS477.<\/p>\n<hr \/>\n<p style=\"text-align: justify\"><em><strong>Al comenzar la fiesta salieron al campo los equipos del Real Betis Balompi\u00e9 y Selecci\u00f3n Melillense, siendo acogida su presencia con entusiastas aplausos.<\/strong><\/em><\/p>\n<p style=\"text-align: justify\"><em><strong>Los capitanes de ambas escuadras intercambiaron preciosos ramos de flores de que eran portadores, acerc\u00e1ndose al palco presidencial para hacer entrega de ellos a las se\u00f1oras del General Jefe de la Circunscripci\u00f3n, del Presidente Junta Municipal, y del Presidente Real Sociedad H\u00edpica.<\/strong><\/em><\/p>\n<p style=\"text-align: center\"><img data-recalc-dims=\"1\" loading=\"lazy\" decoding=\"async\" class=\"aligncenter size-thumbnail wp-image-50589\" src=\"https:\/\/i0.wp.com\/www.manquepierda.com\/historiarealbetis\/files\/2012\/10\/RBB1928Melilla-003-1.jpg?resize=207%2C220&#038;ssl=1\" alt=\"RBB1928Melilla-003\" width=\"207\" height=\"220\" srcset=\"https:\/\/i0.wp.com\/www.manquepierda.com\/historiarealbetis\/files\/2012\/10\/RBB1928Melilla-003-1.jpg?resize=207%2C220&amp;ssl=1 207w, https:\/\/i0.wp.com\/www.manquepierda.com\/historiarealbetis\/files\/2012\/10\/RBB1928Melilla-003-1.jpg?w=282&amp;ssl=1 282w\" sizes=\"auto, (max-width: 207px) 100vw, 207px\" \/><\/p>\n<p style=\"text-align: justify\">A continuaci\u00f3n, la preciosa ni\u00f1a Pepita Per\u00e9, hija de nuestro querido amigo don Mariano, sali\u00f3 hasta el centro del terreno de juego para efectuar el \u00abKicf Off\u00bb entre repetidos aplausos, siendo tambi\u00e9n obsequiada con un espl\u00e9ndido ramo de flores.<\/p>\n<p style=\"text-align: justify\"><em><strong>Al terminar el encuentro, la se\u00f1ora de Tur (presidente accidental Asociaci\u00f3n de la Prensa de Melilla), por indicaci\u00f3n de las dem\u00e1s se\u00f1oras que integraban la presidencia, hizo entrega al equipo vencedor Real Betis Balompi\u00e9 de la valiosa copa de plata donada por:<br \/>\n<\/strong><\/em><\/p>\n<p style=\"text-align: center\"><em><strong>Texto placa:<\/strong><\/em><\/p>\n<p style=\"text-align: center\"><strong>\u00abASOCIACI\u00d3N PRENSA<\/strong><\/p>\n<p style=\"text-align: center\"><strong>OMNIB\u00daS\u00a0 AUTOM\u00d3VILES MELILLA SOCIEDAD AN\u00d3NIMA<\/strong><\/p>\n<p style=\"text-align: center\"><strong>12 DE AGOSTO DE 1928&#8243;<\/strong><\/p>\n<hr \/>\n<p style=\"text-align: justify\"><strong>1928-AGOSTO 12-DOMINGO 18&#8217;22 minutos.-Campo Deportes Real Sociedad H\u00edpica de Melilla.-Partido Ben\u00e9fico \u00abCaja de Socorro\u00bb.-Arbitr\u00f3 el aficionado se\u00f1or Alenda.<br \/>\n<\/strong><\/p>\n<p style=\"text-align: justify\"><em><strong>Una banda de m\u00fasica, cedida galantemente a la Asociaci\u00f3n de la Prensa por el Excmo. Se\u00f1or general jefe de la Circunscripci\u00f3n, amenizar\u00e1 el festival deportivo.<\/strong><\/em><\/p>\n<p style=\"text-align: center\">Selecci\u00f3n Melillense-0 tantos.<\/p>\n<p style=\"text-align: justify\">1-FERN\u00c1NDEZ (Melilla FC).-<strong>3 goles encajados.<br \/>\n<\/strong><\/p>\n<p style=\"text-align: justify\">2-RUIZ (Deportiva Melillense).-3-M\u00c1RQUEZ (Sociedad H\u00edpica).<\/p>\n<p style=\"text-align: justify\">4-C\u00c9SPEDES (Melilla FC).-5-RIOJA (Deportiva Melillense).-6-BUENAVENTURA (Sociedad H\u00edpica).<\/p>\n<p style=\"text-align: justify\">7-GASC\u00d3 (Deportiva Melillense).-8-MELCHOR (Deportiva Melillense).-9-FERN\u00c1NDEZ (Deportiva Melillense).-10-\u00abPEP\u00cdN\u00bb (Ingenieros).-11-APARICIO (Melilla FC).<\/p>\n<p style=\"text-align: justify\">RESERVAS.-NAVAS (Sociedad H\u00edpica); GARC\u00cdA (Sociedad H\u00edpica); FUENTES (Deportiva Melillense); FIGUERAS (MELILLA FC).<\/p>\n<p style=\"text-align: center\"><strong>Vs.<\/strong><\/p>\n<p style=\"text-align: center\"><img data-recalc-dims=\"1\" loading=\"lazy\" decoding=\"async\" class=\"aligncenter size-thumbnail wp-image-51137\" src=\"https:\/\/i0.wp.com\/www.manquepierda.com\/historiarealbetis\/files\/2011\/06\/1920-Escudo-RBB.jpg?resize=161%2C220&#038;ssl=1\" alt=\"1920-Escudo RBB\" width=\"161\" height=\"220\" srcset=\"https:\/\/i0.wp.com\/www.manquepierda.com\/historiarealbetis\/files\/2011\/06\/1920-Escudo-RBB.jpg?resize=161%2C220&amp;ssl=1 161w, https:\/\/i0.wp.com\/www.manquepierda.com\/historiarealbetis\/files\/2011\/06\/1920-Escudo-RBB.jpg?w=266&amp;ssl=1 266w\" sizes=\"auto, (max-width: 161px) 100vw, 161px\" \/><\/p>\n<p style=\"text-align: center\"><strong>REAL BETIS BALOMPI\u00c9-3 GOLES.<\/strong><\/p>\n<p style=\"text-align: center\"><img data-recalc-dims=\"1\" loading=\"lazy\" decoding=\"async\" class=\"aligncenter size-full wp-image-51154\" src=\"https:\/\/i0.wp.com\/www.manquepierda.com\/historiarealbetis\/files\/2012\/10\/Ignacio-S%C3%A1nchez-Mej%C3%ADas.2.jpg?resize=132%2C205&#038;ssl=1\" alt=\"Ignacio S\u00e1nchez Mej\u00edas.2\" width=\"132\" height=\"205\" \/><\/p>\n<p style=\"text-align: justify\"><em><strong><span style=\"color: #008000\">Presidente del Real Betis Balompi\u00e9-Temporadas 1927-1928 (Mayo), 1928-1929 y 1929-1930 hasta su fallecimiento.-Polifac\u00e9tico (37 a\u00f1os+2 meses+6 d\u00edas)-Natural de Sevilla, s\u00e1bado 06 de Junio de 1891.-Obituario en Madrid, lunes 13 de Agosto de 1934 (43 A\u00f1os+2 meses+7 d\u00edas) D. E. P.<\/span><br \/>\n<\/strong><\/em><\/p>\n<p style=\"text-align: justify\"><strong>Entrenador C\u00e9sar Miguel De los Reyes-Temporadas 1926-1927+1927-1928, cesado en Diciembre (1928-1929).-Natural de Manila (Filipinas)-1892.<br \/>\n<\/strong><\/p>\n<p style=\"text-align: center\"><img data-recalc-dims=\"1\" loading=\"lazy\" decoding=\"async\" class=\"aligncenter size-medium wp-image-50587\" src=\"https:\/\/i0.wp.com\/www.manquepierda.com\/historiarealbetis\/files\/2012\/10\/Contrato-de-C%C3%A9sar-Reyes-1928.jpg?resize=500%2C600&#038;ssl=1\" alt=\"Contrato-de-C\u00e9sar-Reyes-1928\" width=\"500\" height=\"600\" srcset=\"https:\/\/i0.wp.com\/www.manquepierda.com\/historiarealbetis\/files\/2012\/10\/Contrato-de-C%C3%A9sar-Reyes-1928.jpg?w=500&amp;ssl=1 500w, https:\/\/i0.wp.com\/www.manquepierda.com\/historiarealbetis\/files\/2012\/10\/Contrato-de-C%C3%A9sar-Reyes-1928.jpg?resize=183%2C220&amp;ssl=1 183w\" sizes=\"auto, (max-width: 500px) 100vw, 500px\" \/><\/p>\n<p style=\"text-align: center\"><strong>ALINEACI\u00d3N.<br \/>\n<\/strong><\/p>\n<p style=\"text-align: center\">GUARDAMETA:<\/p>\n<p style=\"text-align: center\"><strong>JES\u00daS Bern\u00e1ldez Moreno (a) \u00abManos Duras\u00bb (Capit\u00e1n).<\/strong><\/p>\n<p style=\"text-align: center\">ZAGUEROS:<\/p>\n<p style=\"text-align: center\"><strong>Jes\u00fas JIM\u00c9NEZ Santos (a) \u00abEl zurdo\u00bb-Antonio TENORIO Mart\u00ednez.<br \/>\n<\/strong><\/p>\n<p style=\"text-align: center\">MEDIOS:<\/p>\n<p style=\"text-align: justify\"><strong>Carlos CASTA\u00d1EDA Borreguero-Victoriano Antonio CARRASCO Clavijo-Adolfo Sancho Carrillo De Albornoz (a) \u00abADOLFITO-ADOLFO I\u00bb.<\/strong><\/p>\n<p style=\"text-align: center\">DELANTEROS:<\/p>\n<p style=\"text-align: justify\"><strong>Salvador MU\u00d1OZ (a) \u00abTiti\u00bb-Andr\u00e9s ARANDA Guti\u00e9rrez-Jes\u00fas Alberto Ruiz Medrano (a) \u00abJESUS\u00cdN\u00bb-ENRIQUE Garrido Reguera-Manuel Nogueras Carretero (a) \u00abMANOL\u00cdN\u00bb.<\/strong><\/p>\n<p style=\"text-align: justify\"><strong>RESERVA.-Manuel SALDA\u00d1A Guijo.<\/strong><\/p>\n<p style=\"text-align: center\"><em><strong><span style=\"color: #008000\">88\u00ba ANIVERSARIO.-VIERNES 12 DE AGOSTO DE 1928.<\/span><\/strong><\/em><\/p>\n<hr \/>\n<p style=\"text-align: justify\"><em><strong>\u00abComienza con una arrancada de los del Real Betis Balompi\u00e9 por el ala de \u00abTITI\u00bb, que s\u00f3lo llega hasta los dominios de C\u00e9spedes. <\/strong><\/em><em><strong><br \/>\n<\/strong><\/em><\/p>\n<p style=\"text-align: justify\"><em>Este jugador, en una entrada noble y valiente, <strong>arrebata la pelota de los pies de \u00abTITI\u00bb <\/strong><strong>y avanza, hasta que se le interpone CASTA\u00d1EDA.<\/strong><\/em><\/p>\n<p style=\"text-align: justify\"><em><strong>Los del Real Betis, que hasta ahora se han limitado a observar el juego de los seleccionados, se deciden a entrar en funciones. <\/strong><\/em><\/p>\n<p style=\"text-align: justify\"><em><strong>Por el ala de Manuel Nogueras, inician una escapada sirvi\u00e9ndose combinadamente el centro delantero \u00abJESUS\u00cdN\u00bb, el interior ENRIQUE y el extremo \u00abMANOL\u00cdN\u00bb.<\/strong><\/em><\/p>\n<p style=\"text-align: justify\"><em><strong>Despu\u00e9s de tras pases de extremada precisi\u00f3n, el cuero penetra en la defensa de la Selecci\u00f3n Melillense, en donde Figueras entra varias veces valientemente, sin que por ello pueda evitar la filtraci\u00f3n de ENRIQUE, el cual pasa matem\u00e1ticamente el bal\u00f3n a \u00abMANOL\u00cdN\u00bb, y \u00e9ste lanza un ca\u00f1onazo al \u00e1ngulo que roza el larguero horizontal.<\/strong><\/em><\/p>\n<p style=\"text-align: justify\"><em><strong>Los del Betis son castigados por una mano, que es sacada por Rioja y rechazada por el zaguero b\u00e9tico JIM\u00c9NEZ, antes que el esf\u00e9rico llegue a tocar el suelo.<\/strong><\/em><\/p>\n<p style=\"text-align: justify\"><em><strong>Primer saque de esquina de la tarde, lanzado por el extremo Aparicio, y el meta JES\u00daS abandona su puesto y logra despejar con los pu\u00f1os.<\/strong><\/em><\/p>\n<p style=\"text-align: justify\"><em><strong>Seguidamente incursionan los verdiblancos. El medio ala ADOLFO I, con una rapidez asombrosa, cede el bal\u00f3n al centro delantero CARRASCO, que permanece algo retrasado, y que lo pasa a ARANDA. Este colosal interior realiza una merit\u00edsima jugada. Burla primero a C\u00e9spedes y luego a \u00abPep\u00edn\u00bb, y por \u00faltimo cede la pelota a \u00abTITI\u00bb, de donde viene un centro formidable que es rechazado con la cabeza por el medio izquierda C\u00e9spedes. Poco despu\u00e9s viene otro centro an\u00e1logo, que es asimismo rechazado con la cabeza por el codicioso C\u00e9spedes.<\/strong><\/em><\/p>\n<p style=\"text-align: justify\"><em><strong>Por primera vez se plantea una situaci\u00f3n peligrosa ante la puerta de la Selecci\u00f3n, despu\u00e9s de un saque de fuera, muy cerca del marco de Fern\u00e1ndez. Esta situaci\u00f3n de verdadero peligro para la puerta local, finaliza con\u00a0 un ca\u00f1onazo, que va a las nubes, del ariete verdiblanco. <\/strong><\/em><\/p>\n<p style=\"text-align: justify\"><em><strong>El extremo Gasc\u00f3 dos esf\u00e9ricos, que le sirve Melchor y los lanza a la puerta de JES\u00daS, el cual, sin gran esfuerzo, los recoge y devuelve con extraordinaria diligencia y seguridad. Unos segundos despu\u00e9s, Gasc\u00f3 chuta por tercera vez a JES\u00daS y \u00e9ste devuelve tambi\u00e9n el cuero con suma habilidad.<\/strong><\/em><\/p>\n<p style=\"text-align: justify\"><em><strong>El juego de los del Real Betis Balompi\u00e9 se destaca grandemente por lo cient\u00edfico y vistoso. Cuantas veces se proponen alejarlo de su puerta, lo consiguen sin grandes dificultades. Sin filigranas, desarrollando siempre un\u00a0 juego pr\u00e1ctico y seguro, llevan el bal\u00f3n a donde desean.<\/strong><\/em><\/p>\n<p style=\"text-align: justify\"><em><strong>A los 15 minutos de juego, el portero Fern\u00e1ndez efect\u00faa la primera parada de la tarde a un buen chut de CARRASCO.<\/strong><\/em><\/p>\n<p style=\"text-align: justify\"><em><strong>Pocos despu\u00e9s, sacan un 2\u00ba c\u00f3rner los de la Selecci\u00f3n, que es despejado pronto por el defensa JIM\u00c9NEZ, el cual pone la pelota a los pies de ADOLFO Sancho, y \u00e9ste al verse atacado por Melchor, la cede a ENRIQUE, quien a su vez la dirige con gran fuerza a la puerta. Ello da ocasi\u00f3n a Fern\u00e1ndez para efectuar una parada valiente y muy dif\u00edcil. Luego Fern\u00e1ndez, realiza una oportuna salida, despejando con los pu\u00f1os un c\u00f3rner. Antes de que se resuelva la situaci\u00f3n de peligro planteada como consecuencia del saque de esquina, la Selecci\u00f3n Melillense incurre en la falta m\u00e1xima.<\/strong><\/em><\/p>\n<p style=\"text-align: justify\"><em><strong>Al ejecutar el castigo, ENRIQUE Garrido echa fuera el bal\u00f3n con intenci\u00f3n deliberada. El p\u00fablico aplaude con calor la nobleza de los sevillanos.<\/strong><\/em><\/p>\n<p style=\"text-align: justify\"><em><strong>Sigue una arrancada, emocionante, como todas las del Real Betis. Desde que la inicia, nadie duda de que ella ha de proporcionarles el primer tanto de la tarde.<\/strong><\/em><\/p>\n<p style=\"text-align: center\"><img data-recalc-dims=\"1\" loading=\"lazy\" decoding=\"async\" class=\"aligncenter size-thumbnail wp-image-50590\" src=\"https:\/\/i0.wp.com\/www.manquepierda.com\/historiarealbetis\/files\/2012\/10\/MANOL%C3%8DN-Manuel-Nogueras-Carretero.1.jpg?resize=172%2C220&#038;ssl=1\" alt=\"MANOL\u00cdN-Manuel Nogueras Carretero.1\" width=\"172\" height=\"220\" srcset=\"https:\/\/i0.wp.com\/www.manquepierda.com\/historiarealbetis\/files\/2012\/10\/MANOL%C3%8DN-Manuel-Nogueras-Carretero.1.jpg?resize=172%2C220&amp;ssl=1 172w, https:\/\/i0.wp.com\/www.manquepierda.com\/historiarealbetis\/files\/2012\/10\/MANOL%C3%8DN-Manuel-Nogueras-Carretero.1.jpg?resize=470%2C600&amp;ssl=1 470w, https:\/\/i0.wp.com\/www.manquepierda.com\/historiarealbetis\/files\/2012\/10\/MANOL%C3%8DN-Manuel-Nogueras-Carretero.1.jpg?w=476&amp;ssl=1 476w\" sizes=\"auto, (max-width: 172px) 100vw, 172px\" \/><\/p>\n<p style=\"text-align: justify\"><em><strong> En efecto, despu\u00e9s de unos pases t\u00e9cnicos de los medios a los delanteros, que desconciertan a los Seleccionados, llega el esf\u00e9rico al ala de Manuel Nogueras Carretero (a) \u00abMANOL\u00cdN\u00bb, el cual avanza unos pasos y lanza un formidable chut a un \u00e1ngulo, que se traduce en el 0-1 que todos present\u00edan.<\/strong><\/em><\/p>\n<p style=\"text-align: justify\"><em><strong>Los del Real Betis Balompi\u00e9 aprovechan estos momentos de incertidumbre de la Selecci\u00f3n Melillense, unos segundos m\u00e1s tarde logran apuntarse el segundo tanto, merced a un chut de Andr\u00e9s Aranda Guti\u00e9rrez, que da en el travesa\u00f1o y que luego se encarga de meter con la cabeza en la red el interior ENRIQUE Garrido Reguera: 0-2.<\/strong><\/em><\/p>\n<p style=\"text-align: center\"><img data-recalc-dims=\"1\" loading=\"lazy\" decoding=\"async\" class=\"aligncenter size-thumbnail wp-image-50591\" src=\"https:\/\/i0.wp.com\/www.manquepierda.com\/historiarealbetis\/files\/2012\/10\/ENRIQUE-Garrido-Reguera.png?resize=188%2C220&#038;ssl=1\" alt=\"ENRIQUE Garrido Reguera\" width=\"188\" height=\"220\" srcset=\"https:\/\/i0.wp.com\/www.manquepierda.com\/historiarealbetis\/files\/2012\/10\/ENRIQUE-Garrido-Reguera.png?resize=188%2C220&amp;ssl=1 188w, https:\/\/i0.wp.com\/www.manquepierda.com\/historiarealbetis\/files\/2012\/10\/ENRIQUE-Garrido-Reguera.png?w=191&amp;ssl=1 191w\" sizes=\"auto, (max-width: 188px) 100vw, 188px\" \/><\/p>\n<p style=\"text-align: center\"><em><strong>Con m\u00e1s seguridad, Fern\u00e1ndez hubiera frustrado este segundo goal.<\/strong><\/em><\/p>\n<p style=\"text-align: justify\"><strong><em>Los del Betis Balompi\u00e9 hacen 2 saques de esquinas muy bien colocados, el primero despejado por Ruiz, y el segundo, con\u00a0 la cabeza, Melchor. El \u00faltimo termina con un buen tiro del interior ARANDA y una magn\u00edfica parada del cancerbero Fern\u00e1ndez.<\/em><\/strong><\/p>\n<p style=\"text-align: justify\"><em><strong>Con el resultado de 0-2 goles a favor del Campe\u00f3n de Andaluc\u00eda termina el primer tiempo.<\/strong><\/em><\/p>\n<p style=\"text-align: justify\"><em><strong>Tras el descanso reglamentario, la l\u00ednea delantera b\u00e9tica emplea un juego de combinaci\u00f3n, desconocido en Melilla, que obliga a la Selecci\u00f3n a concentrarse en su campo para defender su marco.<\/strong><\/em><\/p>\n<p style=\"text-align: justify\"><em><strong>Aunque por el esfuerzo realizado por los seleccionados, dan muestras de cansancio, el dominio no es total, pues los avances de su delantera son frecuentes, y en ellos se revela como extremo de gran val\u00eda el peque\u00f1o Gasc\u00f3. Hasta el \u00faltimo momento, este jugador con sus valientes y decididas escapadas nos hace abrigar la esperanza de que no ha de terminar el encuentro sin que le veamos perforar la puerta sevillana. Y as\u00ed hubiera sucedido, de no oponerse con sus admirables aptitudes los defensas JIM\u00c9NEZ y TENORIO.<\/strong><\/em><\/p>\n<p style=\"text-align: center\"><img data-recalc-dims=\"1\" loading=\"lazy\" decoding=\"async\" class=\"aligncenter size-thumbnail wp-image-50592\" src=\"https:\/\/i0.wp.com\/www.manquepierda.com\/historiarealbetis\/files\/2012\/10\/Andr%C3%A9s-ARANDA-Guti%C3%A9rrez.1.jpg?resize=139%2C220&#038;ssl=1\" alt=\"Andr\u00e9s ARANDA Guti\u00e9rrez.1\" width=\"139\" height=\"220\" srcset=\"https:\/\/i0.wp.com\/www.manquepierda.com\/historiarealbetis\/files\/2012\/10\/Andr%C3%A9s-ARANDA-Guti%C3%A9rrez.1.jpg?resize=139%2C220&amp;ssl=1 139w, https:\/\/i0.wp.com\/www.manquepierda.com\/historiarealbetis\/files\/2012\/10\/Andr%C3%A9s-ARANDA-Guti%C3%A9rrez.1.jpg?resize=378%2C600&amp;ssl=1 378w, https:\/\/i0.wp.com\/www.manquepierda.com\/historiarealbetis\/files\/2012\/10\/Andr%C3%A9s-ARANDA-Guti%C3%A9rrez.1.jpg?resize=441%2C700&amp;ssl=1 441w, https:\/\/i0.wp.com\/www.manquepierda.com\/historiarealbetis\/files\/2012\/10\/Andr%C3%A9s-ARANDA-Guti%C3%A9rrez.1.jpg?w=454&amp;ssl=1 454w\" sizes=\"auto, (max-width: 139px) 100vw, 139px\" \/><\/p>\n<p style=\"text-align: justify\"><em><strong>Andr\u00e9s ARANDA GUTI\u00c9RREZ, que consigue destacarse en muchos momentos, marca el 0-3.-Poco despu\u00e9s este jugador se lesiona al dar un salto. Sufre una distensi\u00f3n de los ligamentos de la articulaci\u00f3n del pie izquierdo, que le impide continuar la lucha, por lo que es retirado por el entrenador del Betis, se\u00f1or Reyes.<\/strong><\/em><\/p>\n<p style=\"text-align: justify\"><em><strong>Para terminar. El Campe\u00f3n de Andaluc\u00eda se revel\u00f3 a la altura de su nombre. El numeroso p\u00fablico que invad\u00eda localidades y vallas, le acogi\u00f3 con aplausos y con aplausos le despidi\u00f3. En el\u00a0 transcurso de la lucha, los entusiastas e inteligentes que en dicho encuentro eran muchos, se incorporaron m\u00e1s de una vez para testimoniarle su admiraci\u00f3n y simpat\u00eda.<\/strong><\/em><\/p>\n<p style=\"text-align: justify\"><em><strong>El p\u00fablico, en general, dio pruebas de una gran correcci\u00f3n al conocer las resoluciones, favorables o adversas, para los sevillanos, del \u00e1rbitro, el entusiasta aficionado se\u00f1or Alenda.<\/strong><\/em><\/p>\n<p style=\"text-align: justify\">Extracto cr\u00f3nica de \u00abOILIME\u00bb-\u00abEL TELEGRAMA DEL RIF\u00bb-diario apol\u00edtico defensor de los intereses de Espa\u00f1a en Marruecos-Melilla 19280814-Martes.<\/p>\n<hr \/>\n<p style=\"text-align: center\"><em><strong>\u00abPIADOSO RECUERDO\u00bb<\/strong><\/em><\/p>\n<p style=\"text-align: justify\"><em><strong>En la ma\u00f1ana del lunes 13 de Agosto de 1928, y en autom\u00f3viles cedidos galantemente por el Comandante General, Manuel Gonz\u00e1lez Carrasco, se trasladaron los equipiers del Real Betis Balompi\u00e9 a \u00abMONTE ARRUIT\u00bb, con objeto de depositar una soberbia corona de flores naturales en el cementerio en donde descansan los h\u00e9roes de la campa\u00f1a.<\/strong><\/em><\/p>\n<p style=\"text-align: center\"><img data-recalc-dims=\"1\" loading=\"lazy\" decoding=\"async\" class=\"aligncenter size-full wp-image-50593\" src=\"https:\/\/i0.wp.com\/www.manquepierda.com\/historiarealbetis\/files\/2012\/10\/montearruit-1.jpg?resize=300%2C218&#038;ssl=1\" alt=\"montearruit\" width=\"300\" height=\"218\" srcset=\"https:\/\/i0.wp.com\/www.manquepierda.com\/historiarealbetis\/files\/2012\/10\/montearruit-1.jpg?w=300&amp;ssl=1 300w, https:\/\/i0.wp.com\/www.manquepierda.com\/historiarealbetis\/files\/2012\/10\/montearruit-1.jpg?resize=220%2C160&amp;ssl=1 220w\" sizes=\"auto, (max-width: 300px) 100vw, 300px\" \/><\/p>\n<p style=\"text-align: justify\"><em><strong>Acompa\u00f1aban a los jugadores sevillanos, el presidente accidental de la Asociaci\u00f3n de la Prensa se\u00f1or Tur, el reportero gr\u00e1fico se\u00f1or Zarco, y nuestro compa\u00f1ero se\u00f1or Gonz\u00e1lez. <\/strong><\/em><\/p>\n<p style=\"text-align: justify\"><em><strong>Al ser depositada la corona, el se\u00f1or Tur pronunci\u00f3 unas breves palabras para enaltecer el rasgo del equipo Real Betis Balompi\u00e9, que consideraba&#8211;dijo&#8211;un homenaje de todos los futbolistas espa\u00f1oles a la memoria de los que sucumbieron por la Patria.<\/strong><\/em><\/p>\n<p style=\"text-align: justify\"><em><strong>Tambi\u00e9n habl\u00f3 el representante del equipo se\u00f1or Medel, haci\u00e9ndolo en sentidos t\u00e9rminos.<\/strong><\/em><\/p>\n<p style=\"text-align: center\"><img data-recalc-dims=\"1\" loading=\"lazy\" decoding=\"async\" class=\"aligncenter size-large wp-image-50588\" src=\"https:\/\/i0.wp.com\/www.manquepierda.com\/historiarealbetis\/files\/2012\/10\/19280813Monte-Arruit.jpg?resize=938%2C700&#038;ssl=1\" alt=\"19280813Monte Arruit\" width=\"938\" height=\"700\" srcset=\"https:\/\/i0.wp.com\/www.manquepierda.com\/historiarealbetis\/files\/2012\/10\/19280813Monte-Arruit.jpg?resize=938%2C700&amp;ssl=1 938w, https:\/\/i0.wp.com\/www.manquepierda.com\/historiarealbetis\/files\/2012\/10\/19280813Monte-Arruit.jpg?resize=220%2C164&amp;ssl=1 220w, https:\/\/i0.wp.com\/www.manquepierda.com\/historiarealbetis\/files\/2012\/10\/19280813Monte-Arruit.jpg?resize=680%2C507&amp;ssl=1 680w, https:\/\/i0.wp.com\/www.manquepierda.com\/historiarealbetis\/files\/2012\/10\/19280813Monte-Arruit.jpg?resize=768%2C573&amp;ssl=1 768w, https:\/\/i0.wp.com\/www.manquepierda.com\/historiarealbetis\/files\/2012\/10\/19280813Monte-Arruit.jpg?w=1008&amp;ssl=1 1008w\" sizes=\"auto, (max-width: 938px) 100vw, 938px\" \/><\/p>\n<p style=\"text-align: justify\"><em><strong>La hermosa corona de flores lleva la siguiente dedicatoria: \u00abEl REAL BETIS BALOMPI\u00c9 a los h\u00e9roes de la campa\u00f1a\u00bb.<\/strong><\/em><\/p>\n<p style=\"text-align: center\"><em><strong>Pr\u00f3ximamente a las 14 horas de la tarde regresaron los excursionistas a la plaza\u00bb. <\/strong><\/em><\/p>\n<hr \/>\n<p style=\"text-align: center\"><em><strong>\u00abMARCHA DEL BETIS BALOMPI\u00c9\u00bb<\/strong><\/em><\/p>\n<p style=\"text-align: justify\"><em><strong>En el vapor correo, en la tarde del lunes 13 de Agosto, marcharon a M\u00e1laga, desde donde seguir\u00e1n a Sevilla, los notables jugadores del Real Betis Balompi\u00e9, acompa\u00f1ados del delegado material deportivo Ram\u00f3n Medel y del entrenador C\u00e9sar Miguel De los Reyes.<\/strong><\/em><\/p>\n<p style=\"text-align: justify\"><em><strong>A despedirles acudi\u00f3 una comisi\u00f3n de la directiva de la Asociaci\u00f3n de la Prensa, integrada por el vicepresidente segundo se\u00f1or Ferr\u00edn; el tesorero se\u00f1or Cerisola; secretario se\u00f1or Segado; vocales se\u00f1ores Mart\u00ednez Abad y Aranda (don Mateo) y el miembro de la comisi\u00f3n de fiestas Emilio Ferr\u00edn.<br \/>\n<\/strong><\/em><\/p>\n<p style=\"text-align: justify\"><em><strong>Los jugadores sevillanos se mostraban muy agradecidos a las atenciones que les han dispensados las autoridades, entidades y p\u00fablico de Melilla, haci\u00e9ndolo en sentidas frases el se\u00f1or Medel\u00bb.<\/strong><\/em><\/p>\n<p style=\"text-align: center\"><img data-recalc-dims=\"1\" loading=\"lazy\" decoding=\"async\" class=\"aligncenter size-full wp-image-60989\" src=\"https:\/\/i0.wp.com\/www.manquepierda.com\/historiarealbetis\/files\/2012\/10\/Selecci%C3%B3n-de-Melilla-Betis-Amistoso-1928-NMP-La-Uni%C3%B3n-15-08-1928.jpg?resize=680%2C435&#038;ssl=1\" alt=\"\" width=\"680\" height=\"435\" srcset=\"https:\/\/i0.wp.com\/www.manquepierda.com\/historiarealbetis\/files\/2012\/10\/Selecci%C3%B3n-de-Melilla-Betis-Amistoso-1928-NMP-La-Uni%C3%B3n-15-08-1928.jpg?w=680&amp;ssl=1 680w, https:\/\/i0.wp.com\/www.manquepierda.com\/historiarealbetis\/files\/2012\/10\/Selecci%C3%B3n-de-Melilla-Betis-Amistoso-1928-NMP-La-Uni%C3%B3n-15-08-1928.jpg?resize=220%2C141&amp;ssl=1 220w\" sizes=\"auto, (max-width: 680px) 100vw, 680px\" \/><\/p>\n<p style=\"text-align: justify\"><em>\u00a0<\/em><\/p>\n<p style=\"text-align: justify\"><em><strong>\u00a0<\/strong><\/em><\/p>\n<p>&nbsp;<\/p>\n<p>&nbsp;<\/p>\n<p>&nbsp;<\/p>\n<p>&nbsp;<\/p>\n<p>&nbsp;<\/p>\n<p>&nbsp;<\/p>\n<p style=\"text-align: left\"><strong>\u00a0<\/strong><\/p>\n<p>&nbsp;<\/p>\n<p>&nbsp;<\/p>\n<p>&nbsp;<\/p>\n<p>&nbsp;<\/p>\n<p>&nbsp;<\/p>\n<p>&nbsp;<\/p>\n","protected":false},"excerpt":{"rendered":"<p>\u00abEstaba descontado que el festival deportivo organizado por la Asociaci\u00f3n de la Prensa de Melilla a beneficio de su Caja de Socorro, hab\u00eda de constituir un se\u00f1alado \u00e9xito; la Asociaci\u00f3n de la Prensa decidi\u00f3 llevar a cabo tan sensacional acontecimiento deportivo como supon\u00eda el hecho de traer un equipo de tanto y merecido renombre como&#8230;<\/p>\n","protected":false},"author":48,"featured_media":50585,"comment_status":"open","ping_status":"open","sticky":false,"template":"","format":"standard","meta":{"_kad_post_transparent":"","_kad_post_title":"","_kad_post_layout":"","_kad_post_sidebar_id":"","_kad_post_content_style":"","_kad_post_vertical_padding":"","_kad_post_feature":"","_kad_post_feature_position":"","_kad_post_header":false,"_kad_post_footer":false,"_kad_post_classname":"","_jetpack_memberships_contains_paid_content":false,"footnotes":"","jetpack_publicize_message":"","jetpack_publicize_feature_enabled":true,"jetpack_social_post_already_shared":false,"jetpack_social_options":{"image_generator_settings":{"template":"highway","default_image_id":0,"font":"","enabled":false},"version":2}},"categories":[898,906,1,2064],"tags":[2499,16250,14445],"class_list":["post-22379","post","type-post","status-publish","format-standard","has-post-thumbnail","hentry","category-1920-1929","category-investigacion-temas","category-portada","category-trofeos-de-verano","tag-2499","tag-asociacion-de-la-prensa-de-melilla","tag-copa-omnibus-automoviles-melilla-sdad-anonima"],"jetpack_publicize_connections":[],"jetpack_featured_media_url":"https:\/\/i0.wp.com\/www.manquepierda.com\/historiarealbetis\/files\/2012\/10\/22276_477.jpg?fit=1600%2C1052&ssl=1","jetpack_sharing_enabled":true,"jetpack_shortlink":"https:\/\/wp.me\/p1ij08-5OX","jetpack-related-posts":[],"_links":{"self":[{"href":"https:\/\/www.manquepierda.com\/historiarealbetis\/wp-json\/wp\/v2\/posts\/22379","targetHints":{"allow":["GET"]}}],"collection":[{"href":"https:\/\/www.manquepierda.com\/historiarealbetis\/wp-json\/wp\/v2\/posts"}],"about":[{"href":"https:\/\/www.manquepierda.com\/historiarealbetis\/wp-json\/wp\/v2\/types\/post"}],"author":[{"embeddable":true,"href":"https:\/\/www.manquepierda.com\/historiarealbetis\/wp-json\/wp\/v2\/users\/48"}],"replies":[{"embeddable":true,"href":"https:\/\/www.manquepierda.com\/historiarealbetis\/wp-json\/wp\/v2\/comments?post=22379"}],"version-history":[{"count":1,"href":"https:\/\/www.manquepierda.com\/historiarealbetis\/wp-json\/wp\/v2\/posts\/22379\/revisions"}],"predecessor-version":[{"id":95576,"href":"https:\/\/www.manquepierda.com\/historiarealbetis\/wp-json\/wp\/v2\/posts\/22379\/revisions\/95576"}],"wp:featuredmedia":[{"embeddable":true,"href":"https:\/\/www.manquepierda.com\/historiarealbetis\/wp-json\/wp\/v2\/media\/50585"}],"wp:attachment":[{"href":"https:\/\/www.manquepierda.com\/historiarealbetis\/wp-json\/wp\/v2\/media?parent=22379"}],"wp:term":[{"taxonomy":"category","embeddable":true,"href":"https:\/\/www.manquepierda.com\/historiarealbetis\/wp-json\/wp\/v2\/categories?post=22379"},{"taxonomy":"post_tag","embeddable":true,"href":"https:\/\/www.manquepierda.com\/historiarealbetis\/wp-json\/wp\/v2\/tags?post=22379"}],"curies":[{"name":"wp","href":"https:\/\/api.w.org\/{rel}","templated":true}]}}