{"id":22434,"date":"2012-10-11T12:15:34","date_gmt":"2012-10-11T11:15:34","guid":{"rendered":"http:\/\/www.manquepierda.com\/historiarealbetis\/?p=22434"},"modified":"2024-08-11T13:07:43","modified_gmt":"2024-08-11T11:07:43","slug":"1939-octubre-12-regional-betis-balompie-7-onuba-fc-1","status":"publish","type":"post","link":"https:\/\/www.manquepierda.com\/historiarealbetis\/1939-octubre-12-regional-betis-balompie-7-onuba-fc-1\/","title":{"rendered":"1939-Octubre 12-Regional: Betis Balompi\u00e9-7 Onuba FC-1"},"content":{"rendered":"<p><a href=\"https:\/\/i0.wp.com\/www.manquepierda.com\/historiarealbetis\/files\/2012\/10\/1932-RBB4.jpg?ssl=1\"><img data-recalc-dims=\"1\" loading=\"lazy\" decoding=\"async\" class=\"alignleft size-full wp-image-22436\" src=\"https:\/\/i0.wp.com\/www.manquepierda.com\/historiarealbetis\/files\/2012\/10\/1932-RBB4.jpg?resize=154%2C154&#038;ssl=1\" alt=\"\" width=\"154\" height=\"154\" srcset=\"https:\/\/i0.wp.com\/www.manquepierda.com\/historiarealbetis\/files\/2012\/10\/1932-RBB4.jpg?w=154&amp;ssl=1 154w, https:\/\/i0.wp.com\/www.manquepierda.com\/historiarealbetis\/files\/2012\/10\/1932-RBB4.jpg?resize=150%2C150&amp;ssl=1 150w, https:\/\/i0.wp.com\/www.manquepierda.com\/historiarealbetis\/files\/2012\/10\/1932-RBB4.jpg?resize=50%2C50&amp;ssl=1 50w\" sizes=\"auto, (max-width: 154px) 100vw, 154px\" \/><\/a><\/p>\n<p><strong>\u00ab1939-Octubre 12-Jueves \u00abD\u00eda de las Razas\u00bb en Sevilla-Estadio Municipal de HELI\u00d3POLIS-15&#8217;30 Horas.-Campeonato Regional-Andaluc\u00eda.<\/strong><\/p>\n<p><strong><\/strong><strong>Arbitr\u00f3 \u00cd\u00f1iguez.<\/strong><\/p>\n<p><strong><\/strong><strong>BETIS BALOMPI\u00c9-7 GOLES.<\/strong><\/p>\n<p><strong>Guardameta.-Francisco SU\u00c1REZ Ant\u00fanez.<\/strong><\/p>\n<p><strong><\/strong><strong>Zagueros.-PERAL-Jos\u00e9 Su\u00e1rez Gonz\u00e1lez (Lateral diestro) y Antonio CORNEJO Soria (Lateral zurdo).<\/strong><\/p>\n<p><strong><\/strong><strong>Medios.-TOMAS\u00cdN-Rafael Holgu\u00edn Guill\u00e9n (Diestro),\u00a0 Antonio FERN\u00c1NDEZ Jim\u00e9nez (Centro)\u00a0 y\u00a0 AURELIO Navarro Salguero (Zurdo).<\/strong><\/p>\n<p><strong><\/strong><strong>Delanteros.-SARO-\u00c1ngel Mart\u00edn Rodr\u00edguez (Extremo diestro),\u00a0 Jos\u00e9 Gonz\u00e1lez CABALLERO (Interior zurdo),\u00a0 PAQUIRRI-Francisco Gonz\u00e1lez Rodr\u00edguez (ARIETE),\u00a0 Lutgardo PRIETO Oliver (Interior zurdo)\u00a0 y\u00a0 Jos\u00e9 VALERA Nocera (Extremo zurdo).<\/strong><\/p>\n<p><strong><\/strong><strong>MARCARON:\u00a0 CABALLERO;\u00a0 3-PAQUIRRI;\u00a0 2-SARO;\u00a0 PRIETO\u00bb.<br \/>\n<\/strong><\/p>\n<p><strong><\/strong><strong>Entrenador:\u00a0 Andr\u00e9s ARANDA Guti\u00e9rrez.<\/strong><\/p>\n<p><strong><\/strong><strong>25\u00ba Presidente BETIS BALOMPI\u00c9,\u00a0 don Antonio MORENO Sevillano.<\/strong><\/p>\n<p><a href=\"https:\/\/i0.wp.com\/www.manquepierda.com\/historiarealbetis\/files\/2012\/10\/onubafc.jpg?ssl=1\"><img data-recalc-dims=\"1\" loading=\"lazy\" decoding=\"async\" class=\"alignleft size-medium wp-image-22437\" src=\"https:\/\/i0.wp.com\/www.manquepierda.com\/historiarealbetis\/files\/2012\/10\/onubafc.jpg?resize=225%2C300&#038;ssl=1\" alt=\"\" width=\"225\" height=\"300\" srcset=\"https:\/\/i0.wp.com\/www.manquepierda.com\/historiarealbetis\/files\/2012\/10\/onubafc.jpg?resize=225%2C300&amp;ssl=1 225w, https:\/\/i0.wp.com\/www.manquepierda.com\/historiarealbetis\/files\/2012\/10\/onubafc.jpg?w=249&amp;ssl=1 249w\" sizes=\"auto, (max-width: 225px) 100vw, 225px\" \/><\/a><\/p>\n<p>VS.<\/p>\n<p>ONUBA F\u00daTBOL CLUB-1 Tanto.<\/p>\n<p>\u00abF\u00daTBOL.-Esta tarde BETIS-ONUBA:<\/p>\n<p>A las tres y media de esta tarde en el campo de Heli\u00f3polis,\u00a0 contender\u00e1n el flamante Onuba, reci\u00e9n vencedor en campo contrario,\u00a0 de C\u00f3rdoba; y el Betis Balompi\u00e9.<\/p>\n<p>Entre las figuras del equipo que hoy no visita, figura el guardameta Allosa, muchacho de gran porvenir y base de su equipo.<\/p>\n<p>Allosa tuvo en C\u00f3rdoba una tarde magn\u00edfica,\u00a0 que coron\u00f3 parando un \u00abpenalty\u00bb.<\/p>\n<p>El p\u00fablico sevillano espera con extraordinario inter\u00e9s la actuaci\u00f3n de los jugadores de Huelva.<\/p>\n<p>Frente a ellos el Betis opondr\u00e1 el siguiente equipo: Su\u00e1rez;\u00a0 Peral\u00a0 y\u00a0 Angelito;\u00a0 Aurelio,\u00a0 Fern\u00e1ndez\u00a0 y\u00a0 Tomas\u00edn;\u00a0 Saro,\u00a0 Caballero,\u00a0 Paquirri,\u00a0 Prieto\u00a0 y\u00a0 Valera.<\/p>\n<p>Antes,\u00a0 el equipo del Betis Balompi\u00e9-Aficionados jugar\u00e1 un partido amistoso con el Deportivo de Gines\u00bb.-(ABC-Edici\u00f3n de Andaluc\u00eda-Martes 12-10-1939).<\/p>\n<p><strong>-\u00abNoticia y trasiego de jugadores:\u00a0 GARC\u00cdA DE LA PUERTA (a) \u00abMaravilla\u00bb,\u00a0 el d\u00edscolo y genial jugador del Murcia,\u00a0 del Betis Balompi\u00e9,\u00a0 <\/strong><strong>del Madrid\u00a0 y\u00a0 de\u00a0 tantos otros clubes,\u00a0 parece que por fin ha entrado en carril.\u00a0 Est\u00e1 jugando en la Ferroviaria&#8230;(ABC-Sevilla 12-10-1939-Martes).<\/strong><\/p>\n<p><strong>-RESULTADOS CAMPEONATO REGIONAL ANDALUC\u00cdA:<\/strong><\/p>\n<p><strong><\/strong><strong>Racing C\u00f3rdoba-3 vs. CD Malacitano-4.<\/strong><\/p>\n<p><strong><\/strong><strong>Recreativo Granada-2 vs. Sevilla FbC-3.<\/strong><\/p>\n<p><strong><\/strong><strong>BETIS BALOMPI\u00c9-7 VS. ONUBA DE HUELVA-1.<\/strong><\/p>\n<p>ABC-Madrid.<\/p>\n","protected":false},"excerpt":{"rendered":"<p>\u00ab1939-Octubre 12-Jueves \u00abD\u00eda de las Razas\u00bb en Sevilla-Estadio Municipal de HELI\u00d3POLIS-15&#8217;30 Horas.-Campeonato Regional-Andaluc\u00eda. Arbitr\u00f3 \u00cd\u00f1iguez. BETIS BALOMPI\u00c9-7 GOLES. Guardameta.-Francisco SU\u00c1REZ Ant\u00fanez. Zagueros.-PERAL-Jos\u00e9 Su\u00e1rez Gonz\u00e1lez (Lateral diestro) y Antonio CORNEJO Soria (Lateral zurdo). Medios.-TOMAS\u00cdN-Rafael Holgu\u00edn Guill\u00e9n (Diestro),\u00a0 Antonio FERN\u00c1NDEZ Jim\u00e9nez (Centro)\u00a0 y\u00a0 AURELIO Navarro Salguero (Zurdo). Delanteros.-SARO-\u00c1ngel Mart\u00edn Rodr\u00edguez (Extremo diestro),\u00a0 Jos\u00e9 Gonz\u00e1lez CABALLERO (Interior zurdo),\u00a0&#8230;<\/p>\n","protected":false},"author":48,"featured_media":22436,"comment_status":"open","ping_status":"open","sticky":false,"template":"","format":"standard","meta":{"_kad_post_transparent":"","_kad_post_title":"","_kad_post_layout":"","_kad_post_sidebar_id":"","_kad_post_content_style":"","_kad_post_vertical_padding":"","_kad_post_feature":"","_kad_post_feature_position":"","_kad_post_header":false,"_kad_post_footer":false,"_kad_post_classname":"","_jetpack_memberships_contains_paid_content":false,"footnotes":"","jetpack_publicize_message":"","jetpack_publicize_feature_enabled":true,"jetpack_social_post_already_shared":false,"jetpack_social_options":{"image_generator_settings":{"template":"highway","default_image_id":0,"font":"","enabled":false},"version":2}},"categories":[899,1],"tags":[47,2476,17875,16980,2038],"class_list":["post-22434","post","type-post","status-publish","format-standard","has-post-thumbnail","hentry","category-1930-1939","category-portada","tag-47","tag-1939-40","tag-campeonato-de-andalucia-1939-40","tag-onuba","tag-real-club-recreativo-de-huelva"],"jetpack_publicize_connections":[],"jetpack_featured_media_url":"https:\/\/i0.wp.com\/www.manquepierda.com\/historiarealbetis\/files\/2012\/10\/1932-RBB4.jpg?fit=154%2C154&ssl=1","jetpack_sharing_enabled":true,"jetpack_shortlink":"https:\/\/wp.me\/p1ij08-5PQ","jetpack-related-posts":[],"_links":{"self":[{"href":"https:\/\/www.manquepierda.com\/historiarealbetis\/wp-json\/wp\/v2\/posts\/22434","targetHints":{"allow":["GET"]}}],"collection":[{"href":"https:\/\/www.manquepierda.com\/historiarealbetis\/wp-json\/wp\/v2\/posts"}],"about":[{"href":"https:\/\/www.manquepierda.com\/historiarealbetis\/wp-json\/wp\/v2\/types\/post"}],"author":[{"embeddable":true,"href":"https:\/\/www.manquepierda.com\/historiarealbetis\/wp-json\/wp\/v2\/users\/48"}],"replies":[{"embeddable":true,"href":"https:\/\/www.manquepierda.com\/historiarealbetis\/wp-json\/wp\/v2\/comments?post=22434"}],"version-history":[{"count":1,"href":"https:\/\/www.manquepierda.com\/historiarealbetis\/wp-json\/wp\/v2\/posts\/22434\/revisions"}],"predecessor-version":[{"id":96091,"href":"https:\/\/www.manquepierda.com\/historiarealbetis\/wp-json\/wp\/v2\/posts\/22434\/revisions\/96091"}],"wp:featuredmedia":[{"embeddable":true,"href":"https:\/\/www.manquepierda.com\/historiarealbetis\/wp-json\/wp\/v2\/media\/22436"}],"wp:attachment":[{"href":"https:\/\/www.manquepierda.com\/historiarealbetis\/wp-json\/wp\/v2\/media?parent=22434"}],"wp:term":[{"taxonomy":"category","embeddable":true,"href":"https:\/\/www.manquepierda.com\/historiarealbetis\/wp-json\/wp\/v2\/categories?post=22434"},{"taxonomy":"post_tag","embeddable":true,"href":"https:\/\/www.manquepierda.com\/historiarealbetis\/wp-json\/wp\/v2\/tags?post=22434"}],"curies":[{"name":"wp","href":"https:\/\/api.w.org\/{rel}","templated":true}]}}