{"id":22515,"date":"2012-10-13T13:42:16","date_gmt":"2012-10-13T12:42:16","guid":{"rendered":"http:\/\/www.manquepierda.com\/historiarealbetis\/?p=22515"},"modified":"2024-08-12T17:17:41","modified_gmt":"2024-08-12T15:17:41","slug":"1935-octubre-13-superregional-cd-malacitano-2-betis-balompie-0","status":"publish","type":"post","link":"https:\/\/www.manquepierda.com\/historiarealbetis\/1935-octubre-13-superregional-cd-malacitano-2-betis-balompie-0\/","title":{"rendered":"1935-Octubre 13-Superregional: CD Malacitano-2 Betis Balompi\u00e9-0"},"content":{"rendered":"<p><a href=\"https:\/\/i0.wp.com\/www.manquepierda.com\/historiarealbetis\/files\/2012\/10\/1932-RBB5.jpg?ssl=1\"><img data-recalc-dims=\"1\" loading=\"lazy\" decoding=\"async\" class=\"alignleft size-full wp-image-22516\" src=\"https:\/\/i0.wp.com\/www.manquepierda.com\/historiarealbetis\/files\/2012\/10\/1932-RBB5.jpg?resize=154%2C154&#038;ssl=1\" alt=\"\" width=\"154\" height=\"154\" srcset=\"https:\/\/i0.wp.com\/www.manquepierda.com\/historiarealbetis\/files\/2012\/10\/1932-RBB5.jpg?w=154&amp;ssl=1 154w, https:\/\/i0.wp.com\/www.manquepierda.com\/historiarealbetis\/files\/2012\/10\/1932-RBB5.jpg?resize=150%2C150&amp;ssl=1 150w, https:\/\/i0.wp.com\/www.manquepierda.com\/historiarealbetis\/files\/2012\/10\/1932-RBB5.jpg?resize=50%2C50&amp;ssl=1 50w\" sizes=\"auto, (max-width: 154px) 100vw, 154px\" \/><\/a><\/p>\n<p><strong>1935-Octubre 13-Domingo en M\u00e1laga.-Campeonato Superregional-Andaluc\u00eda 1935-1936.-07\u00aa Jornada en \u00abLa Rosaleda\u00bb.<\/strong><\/p>\n<p><strong><\/strong><strong>Arbitr\u00f3 Mu\u00f1iz, bien.<\/strong><\/p>\n<p>Aline\u00f3 a:<\/p>\n<p><strong>Joaqu\u00edn URQUIAGA Legarburu.-Guardameta.<\/strong><\/p>\n<p><strong><\/strong><strong>CAPESTO-Modesto Gonz\u00e1lez Blanco (Lateral diestro)-Seraf\u00edn AEDO Renieblas (Lateral zurdo).-Zagueros.<\/strong><\/p>\n<p><strong><\/strong><strong>PERAL-Jos\u00e9 Su\u00e1rez Gonz\u00e1lez (Diestro)-Francisco G\u00d3MEZ Vicente (Centro)-Rufino Fern\u00e1ndez de LARRINOA Magunaurrekoetxea (Zurdo).-Medios.<\/strong><\/p>\n<p><strong><\/strong><strong>SARO-\u00c1ngel Mart\u00edn Rodr\u00edguez (Extremo diestro)-ADOLFO Mart\u00edn Gonz\u00e1lez (Interior diestro)-Victorio UNAMUNO Ibarzabal (Ariete)-Jos\u00e9 RANCEL Toledo (Interior zurdo)\u00a0 y\u00a0 Jos\u00e9 Gonz\u00e1lez CABALLERO (Extremo zurdo).<\/strong><\/p>\n<p><strong><\/strong>Andr\u00e9s ARANDA Guti\u00e9rrez.-Entrenador.<\/p>\n<p>Francisco NAVARRO L\u00f3pez.-26\u00ba Presidente BETIS BALOMPI\u00c9.<\/p>\n<p style=\"text-align: center\"><a href=\"https:\/\/i0.wp.com\/www.manquepierda.com\/historiarealbetis\/files\/2012\/10\/images1.jpeg?ssl=1\"><img data-recalc-dims=\"1\" loading=\"lazy\" decoding=\"async\" class=\"alignleft size-full wp-image-22523\" src=\"https:\/\/i0.wp.com\/www.manquepierda.com\/historiarealbetis\/files\/2012\/10\/images1.jpeg?resize=194%2C260&#038;ssl=1\" alt=\"\" width=\"194\" height=\"260\" \/><\/a>VS.<\/p>\n<p style=\"text-align: center\">CLUB DEPORTIVO MALACITANO-2 Tantos.<\/p>\n<p style=\"text-align: center\">Desde la Temporada 1933-1934 hasta la de 1940-1941, ambas inclusive.<\/p>\n<p style=\"text-align: center\">RAMOS.-Portero.<\/p>\n<p style=\"text-align: center\">CHALE\u00a0 y\u00a0 CORRAL.-Defensas.<\/p>\n<p style=\"text-align: center\">VALENT\u00cdN-CASTILLO-ALONSO.-Medios.<\/p>\n<p style=\"text-align: center\">ARTOLA-TOMAS\u00cdN-LANGARITA-CRESPO-MERI.-Delanteros.<\/p>\n<p style=\"text-align: left\">1-0,\u00a0 24 minutos:\u00a0 LANGARITA.<\/p>\n<p style=\"text-align: left\">2-0, 85 minutos:\u00a0 LANGARITA.<\/p>\n<p style=\"text-align: left\"><strong>RESULTADOS DE LA S\u00c9PTIMA JORNADA CAMPEONATO SUPERREGIONAL-ANDALUC\u00cdA.-CLASIFICACI\u00d3N GENERAL POR EQUIPOS.<\/strong><\/p>\n<p style=\"text-align: left\"><strong><\/strong>Sevilla-1 vs. Granada-1.<\/p>\n<p style=\"text-align: left\">Malacitano-2 vs. Betis Balompi\u00e9-0.<\/p>\n<p style=\"text-align: left\">Jerez-1 vs. Mirandilla de C\u00e1diz-1.<\/p>\n<p style=\"text-align: left\"><strong>01\u00ba.-Sevilla FbC-13 Puntos.-6G-1E-0P.-21-04 Goles Favor-Contra.<\/strong><\/p>\n<p style=\"text-align: left\"><strong>02\u00ba.-Xerez FbC-08 Puntos.-3G-2E-2P.-14-09 Tantos Favor-Contra.<\/strong><\/p>\n<p style=\"text-align: left\"><strong><\/strong><strong>03\u00ba.-Recreativo de Granada-06 Puntos.-1G-4E-2P.-09-11 Goles F-C.<\/strong><\/p>\n<p style=\"text-align: left\"><strong><\/strong><strong>04\u00ba.-SCD Mirandilla FC-06 Puntos.-2G-2E-3P.-08-12 Tantos F-C.<\/strong><\/p>\n<p style=\"text-align: left\"><strong>05\u00ba.-BETIS BALOMPI\u00c9-5 PUNTOS.-1-GANADO,\u00a0 3-EMPATADOS,\u00a0 3-PERDIDOS.-09 GOLES A FAVOR\u00a0 Y\u00a0 11 TANTOS\u00a0 EN CONTRA.<\/strong><\/p>\n<p style=\"text-align: left\"><strong><\/strong><strong>06\u00ba.-Club Deportivo Malacitano-4 Puntos.-2G-0E-5P.-08-22 Goles Favor-Contra.<\/strong><\/p>\n","protected":false},"excerpt":{"rendered":"<p>1935-Octubre 13-Domingo en M\u00e1laga.-Campeonato Superregional-Andaluc\u00eda 1935-1936.-07\u00aa Jornada en \u00abLa Rosaleda\u00bb. Arbitr\u00f3 Mu\u00f1iz, bien. Aline\u00f3 a: Joaqu\u00edn URQUIAGA Legarburu.-Guardameta. CAPESTO-Modesto Gonz\u00e1lez Blanco (Lateral diestro)-Seraf\u00edn AEDO Renieblas (Lateral zurdo).-Zagueros. PERAL-Jos\u00e9 Su\u00e1rez Gonz\u00e1lez (Diestro)-Francisco G\u00d3MEZ Vicente (Centro)-Rufino Fern\u00e1ndez de LARRINOA Magunaurrekoetxea (Zurdo).-Medios. SARO-\u00c1ngel Mart\u00edn Rodr\u00edguez (Extremo diestro)-ADOLFO Mart\u00edn Gonz\u00e1lez (Interior diestro)-Victorio UNAMUNO Ibarzabal (Ariete)-Jos\u00e9 RANCEL Toledo (Interior zurdo)\u00a0&#8230;<\/p>\n","protected":false},"author":48,"featured_media":22516,"comment_status":"open","ping_status":"open","sticky":false,"template":"","format":"standard","meta":{"_kad_post_transparent":"","_kad_post_title":"","_kad_post_layout":"","_kad_post_sidebar_id":"","_kad_post_content_style":"","_kad_post_vertical_padding":"","_kad_post_feature":"","_kad_post_feature_position":"","_kad_post_header":false,"_kad_post_footer":false,"_kad_post_classname":"","_jetpack_memberships_contains_paid_content":false,"footnotes":"","jetpack_publicize_message":"","jetpack_publicize_feature_enabled":true,"jetpack_social_post_already_shared":false,"jetpack_social_options":{"image_generator_settings":{"template":"highway","default_image_id":0,"font":"","enabled":false},"version":2}},"categories":[899,1],"tags":[45,3710,18012,16969],"class_list":["post-22515","post","type-post","status-publish","format-standard","has-post-thumbnail","hentry","category-1930-1939","category-portada","tag-45","tag-1935-36","tag-campeonato-de-andalucia-1935-36","tag-cd-malacitano"],"jetpack_publicize_connections":[],"jetpack_featured_media_url":"https:\/\/i0.wp.com\/www.manquepierda.com\/historiarealbetis\/files\/2012\/10\/1932-RBB5.jpg?fit=154%2C154&ssl=1","jetpack_sharing_enabled":true,"jetpack_shortlink":"https:\/\/wp.me\/p1ij08-5R9","jetpack-related-posts":[],"_links":{"self":[{"href":"https:\/\/www.manquepierda.com\/historiarealbetis\/wp-json\/wp\/v2\/posts\/22515","targetHints":{"allow":["GET"]}}],"collection":[{"href":"https:\/\/www.manquepierda.com\/historiarealbetis\/wp-json\/wp\/v2\/posts"}],"about":[{"href":"https:\/\/www.manquepierda.com\/historiarealbetis\/wp-json\/wp\/v2\/types\/post"}],"author":[{"embeddable":true,"href":"https:\/\/www.manquepierda.com\/historiarealbetis\/wp-json\/wp\/v2\/users\/48"}],"replies":[{"embeddable":true,"href":"https:\/\/www.manquepierda.com\/historiarealbetis\/wp-json\/wp\/v2\/comments?post=22515"}],"version-history":[{"count":1,"href":"https:\/\/www.manquepierda.com\/historiarealbetis\/wp-json\/wp\/v2\/posts\/22515\/revisions"}],"predecessor-version":[{"id":96354,"href":"https:\/\/www.manquepierda.com\/historiarealbetis\/wp-json\/wp\/v2\/posts\/22515\/revisions\/96354"}],"wp:featuredmedia":[{"embeddable":true,"href":"https:\/\/www.manquepierda.com\/historiarealbetis\/wp-json\/wp\/v2\/media\/22516"}],"wp:attachment":[{"href":"https:\/\/www.manquepierda.com\/historiarealbetis\/wp-json\/wp\/v2\/media?parent=22515"}],"wp:term":[{"taxonomy":"category","embeddable":true,"href":"https:\/\/www.manquepierda.com\/historiarealbetis\/wp-json\/wp\/v2\/categories?post=22515"},{"taxonomy":"post_tag","embeddable":true,"href":"https:\/\/www.manquepierda.com\/historiarealbetis\/wp-json\/wp\/v2\/tags?post=22515"}],"curies":[{"name":"wp","href":"https:\/\/api.w.org\/{rel}","templated":true}]}}