{"id":22547,"date":"2015-07-24T10:00:02","date_gmt":"2015-07-24T08:00:02","guid":{"rendered":"http:\/\/www.manquepierda.com\/historiarealbetis\/?p=22547"},"modified":"2021-06-20T15:27:24","modified_gmt":"2021-06-20T13:27:24","slug":"triana-balompie-tercera-division-y-aficionados-1970","status":"publish","type":"post","link":"https:\/\/www.manquepierda.com\/historiarealbetis\/triana-balompie-tercera-division-y-aficionados-1970\/","title":{"rendered":"Triana Balompi\u00e9: Tercera Divisi\u00f3n y Aficionados, 1970"},"content":{"rendered":"<figure id=\"attachment_22548\" aria-describedby=\"caption-attachment-22548\" style=\"width: 516px\" class=\"wp-caption aligncenter\"><a href=\"https:\/\/i0.wp.com\/www.manquepierda.com\/historiarealbetis\/files\/2012\/10\/Octubre-16-Triana-Balompi%C3%A9-1970-ABC-2-9-1970-2.jpg?ssl=1\"><img data-recalc-dims=\"1\" loading=\"lazy\" decoding=\"async\" class=\"size-full wp-image-22548\" src=\"https:\/\/i0.wp.com\/www.manquepierda.com\/historiarealbetis\/files\/2012\/10\/Octubre-16-Triana-Balompi%C3%A9-1970-ABC-2-9-1970-2.jpg?resize=516%2C765&#038;ssl=1\" alt=\"\" width=\"516\" height=\"765\" srcset=\"https:\/\/i0.wp.com\/www.manquepierda.com\/historiarealbetis\/files\/2012\/10\/Octubre-16-Triana-Balompi%C3%A9-1970-ABC-2-9-1970-2.jpg?w=516&amp;ssl=1 516w, https:\/\/i0.wp.com\/www.manquepierda.com\/historiarealbetis\/files\/2012\/10\/Octubre-16-Triana-Balompi%C3%A9-1970-ABC-2-9-1970-2.jpg?resize=202%2C300&amp;ssl=1 202w\" sizes=\"auto, (max-width: 516px) 100vw, 516px\" \/><\/a><figcaption id=\"caption-attachment-22548\" class=\"wp-caption-text\">Fuente: El Correo de Andaluc\u00eda 18 de septiembre de 1970<\/figcaption><\/figure>\n<p>&nbsp;<\/p>\n<p>En 1970 el Triana Balompi\u00e9 estaba dirigido por Esteban Areta. Militaba en la Tercera Divisi\u00f3n en el grupo VII y hab\u00eda finalizado el sexto en la temporada anterior. Era un equipo que cumpl\u00eda su principal cometido: nutrir de jugadores al primer equipo.<\/p>\n<p>Antonio Pallar\u00e9s era el entrenador del Triana Balompi\u00e9 Aficionados, que surt\u00eda de jugadores al primer filial verdiblanco, militando en categor\u00eda regional.<\/p>\n<p>En la primera imagen los siguientes jugadores:&nbsp; Celu, Serrano, Torilo, C\u00e1rdenas, M\u00e9ndez, Molina, Guill\u00e9n, Rubeo, Cristo II, Cruz, Sivianes, Sivianes II, Cuqui, Puerta, Rom\u00e1n, Fino, Vilches, Garrido, Cano, Ram\u00edrez, Alabanda, Calero, Hierro, Silva y Franco.<\/p>\n<p>&nbsp;<\/p>\n<p>En esta temporada el equipo finaliz\u00f3 en s\u00e9ptima posici\u00f3n en la Liga, mientras que en la Copa fue eliminado en la primera ronda por el CD Tenerife.<\/p>\n<figure id=\"attachment_22549\" aria-describedby=\"caption-attachment-22549\" style=\"width: 541px\" class=\"wp-caption aligncenter\"><a href=\"https:\/\/i0.wp.com\/www.manquepierda.com\/historiarealbetis\/files\/2012\/10\/Octubre-16-Triana-Balompi%C3%A9-1970-ABC-2-9-1970-1.jpg?ssl=1\"><img data-recalc-dims=\"1\" loading=\"lazy\" decoding=\"async\" class=\"size-full wp-image-22549\" src=\"https:\/\/i0.wp.com\/www.manquepierda.com\/historiarealbetis\/files\/2012\/10\/Octubre-16-Triana-Balompi%C3%A9-1970-ABC-2-9-1970-1.jpg?resize=541%2C757&#038;ssl=1\" alt=\"\" width=\"541\" height=\"757\" srcset=\"https:\/\/i0.wp.com\/www.manquepierda.com\/historiarealbetis\/files\/2012\/10\/Octubre-16-Triana-Balompi%C3%A9-1970-ABC-2-9-1970-1.jpg?w=541&amp;ssl=1 541w, https:\/\/i0.wp.com\/www.manquepierda.com\/historiarealbetis\/files\/2012\/10\/Octubre-16-Triana-Balompi%C3%A9-1970-ABC-2-9-1970-1.jpg?resize=214%2C300&amp;ssl=1 214w\" sizes=\"auto, (max-width: 541px) 100vw, 541px\" \/><\/a><figcaption id=\"caption-attachment-22549\" class=\"wp-caption-text\">Fuente: El Correo de Andaluc\u00eda 18 de septiembre de 1970<\/figcaption><\/figure>\n<p>&nbsp;<\/p>\n<p>En la imagen: Juanjo, Calero, Nuevo, Cristino, Viana, Mora, Lobo, Partida, Bizcocho, Coradino, Cobos, Carrasco, Luque, Coco, V\u00e1zquez, Nicol\u00e1s, Trigueros y Arnao.<\/p>\n<p>&nbsp;<\/p>\n<p>Alabanda, Bizcocho, Puerta, Coradino y Trigueros ser\u00e1n los jugadores que alcanzar\u00e1n el primer equipo.<\/p>\n","protected":false},"excerpt":{"rendered":"<p>&nbsp; En 1970 el Triana Balompi\u00e9 estaba dirigido por Esteban Areta. Militaba en la Tercera Divisi\u00f3n en el grupo VII y hab\u00eda finalizado el sexto en la temporada anterior. Era un equipo que cumpl\u00eda su principal cometido: nutrir de jugadores al primer equipo. Antonio Pallar\u00e9s era el entrenador del Triana Balompi\u00e9 Aficionados, que surt\u00eda de&#8230;<\/p>\n","protected":false},"author":5,"featured_media":22548,"comment_status":"open","ping_status":"open","sticky":false,"template":"","format":"standard","meta":{"_kad_post_transparent":"","_kad_post_title":"","_kad_post_layout":"","_kad_post_sidebar_id":"","_kad_post_content_style":"","_kad_post_vertical_padding":"","_kad_post_feature":"","_kad_post_feature_position":"","_kad_post_header":false,"_kad_post_footer":false,"_kad_post_classname":"","_jetpack_memberships_contains_paid_content":false,"footnotes":"","jetpack_publicize_message":"","jetpack_publicize_feature_enabled":true,"jetpack_social_post_already_shared":true,"jetpack_social_options":{"image_generator_settings":{"template":"highway","default_image_id":0,"font":"","enabled":false},"version":2}},"categories":[903,17191,1],"tags":[4639,2225,3159,4002,1437,1410,1317,1245,1164,2211],"class_list":["post-22547","post","type-post","status-publish","format-standard","has-post-thumbnail","hentry","category-1970-1979","category-cantera","category-portada","tag-4639","tag-1970-71","tag-antonio-pallares","tag-antonio-puerta-anono","tag-antonio-trigueros","tag-coradino-de-la-vega","tag-esteban-areta","tag-francisco-bizcocho","tag-sebastian-alabanda","tag-triana-balompie"],"jetpack_publicize_connections":[],"jetpack_featured_media_url":"https:\/\/i0.wp.com\/www.manquepierda.com\/historiarealbetis\/files\/2012\/10\/Octubre-16-Triana-Balompi%C3%A9-1970-ABC-2-9-1970-2.jpg?fit=516%2C765&ssl=1","jetpack_sharing_enabled":true,"jetpack_shortlink":"https:\/\/wp.me\/p1ij08-5RF","jetpack-related-posts":[],"_links":{"self":[{"href":"https:\/\/www.manquepierda.com\/historiarealbetis\/wp-json\/wp\/v2\/posts\/22547","targetHints":{"allow":["GET"]}}],"collection":[{"href":"https:\/\/www.manquepierda.com\/historiarealbetis\/wp-json\/wp\/v2\/posts"}],"about":[{"href":"https:\/\/www.manquepierda.com\/historiarealbetis\/wp-json\/wp\/v2\/types\/post"}],"author":[{"embeddable":true,"href":"https:\/\/www.manquepierda.com\/historiarealbetis\/wp-json\/wp\/v2\/users\/5"}],"replies":[{"embeddable":true,"href":"https:\/\/www.manquepierda.com\/historiarealbetis\/wp-json\/wp\/v2\/comments?post=22547"}],"version-history":[{"count":0,"href":"https:\/\/www.manquepierda.com\/historiarealbetis\/wp-json\/wp\/v2\/posts\/22547\/revisions"}],"wp:featuredmedia":[{"embeddable":true,"href":"https:\/\/www.manquepierda.com\/historiarealbetis\/wp-json\/wp\/v2\/media\/22548"}],"wp:attachment":[{"href":"https:\/\/www.manquepierda.com\/historiarealbetis\/wp-json\/wp\/v2\/media?parent=22547"}],"wp:term":[{"taxonomy":"category","embeddable":true,"href":"https:\/\/www.manquepierda.com\/historiarealbetis\/wp-json\/wp\/v2\/categories?post=22547"},{"taxonomy":"post_tag","embeddable":true,"href":"https:\/\/www.manquepierda.com\/historiarealbetis\/wp-json\/wp\/v2\/tags?post=22547"}],"curies":[{"name":"wp","href":"https:\/\/api.w.org\/{rel}","templated":true}]}}