{"id":22668,"date":"2012-10-18T12:54:31","date_gmt":"2012-10-18T11:54:31","guid":{"rendered":"http:\/\/www.manquepierda.com\/historiarealbetis\/?p=22668"},"modified":"2024-08-26T20:59:54","modified_gmt":"2024-08-26T18:59:54","slug":"1941-octubre-19-2d3g-real-betis-balompie-2-club-deportivo-malaga-2","status":"publish","type":"post","link":"https:\/\/www.manquepierda.com\/historiarealbetis\/1941-octubre-19-2d3g-real-betis-balompie-2-club-deportivo-malaga-2\/","title":{"rendered":"1941-Octubre 19-2D3G.-Real Betis Balompi\u00e9-2 Club Deportivo M\u00e1laga-2.-75Aniversario."},"content":{"rendered":"<p style=\"text-align: justify\">XI EDICI\u00d3N-CAMPEONATO NACIONAL LIGA SEGUNDA DIVISI\u00d3N-GREUPO III-TEMPORADA 1941-1942 DESDE DOMINGO 28 SEPTIEMBRE 1941 HASTA DOMINGO 4 DE ENERO 1942.-FASE ASCENSO A PRIMERA DIVISI\u00d3N DESDE DOMINGO 25 ENERO HASTA DOMINGO 5 ABRIL 1942.-AMBAS FECHAS INCLUSIVE.<\/p>\n<figure id=\"attachment_53509\" aria-describedby=\"caption-attachment-53509\" style=\"width: 713px\" class=\"wp-caption aligncenter\"><img data-recalc-dims=\"1\" loading=\"lazy\" decoding=\"async\" class=\"size-full wp-image-53509\" src=\"https:\/\/i0.wp.com\/www.manquepierda.com\/historiarealbetis\/files\/2012\/10\/19411019ABCSE.jpg?resize=713%2C892&#038;ssl=1\" alt=\"Informaciones Deportivas-ABC-Sevilla 19411019-Domingo.\" width=\"713\" height=\"892\" srcset=\"https:\/\/i0.wp.com\/www.manquepierda.com\/historiarealbetis\/files\/2012\/10\/19411019ABCSE.jpg?w=713&amp;ssl=1 713w, https:\/\/i0.wp.com\/www.manquepierda.com\/historiarealbetis\/files\/2012\/10\/19411019ABCSE.jpg?resize=176%2C220&amp;ssl=1 176w, https:\/\/i0.wp.com\/www.manquepierda.com\/historiarealbetis\/files\/2012\/10\/19411019ABCSE.jpg?resize=480%2C600&amp;ssl=1 480w, https:\/\/i0.wp.com\/www.manquepierda.com\/historiarealbetis\/files\/2012\/10\/19411019ABCSE.jpg?resize=560%2C700&amp;ssl=1 560w\" sizes=\"auto, (max-width: 713px) 100vw, 713px\" \/><figcaption id=\"caption-attachment-53509\" class=\"wp-caption-text\">Informaciones Deportivas-ABC-Sevilla 19411019-Domingo.<\/figcaption><\/figure>\n<p style=\"text-align: center\"><img data-recalc-dims=\"1\" loading=\"lazy\" decoding=\"async\" class=\"aligncenter size-full wp-image-53508\" src=\"https:\/\/i0.wp.com\/www.manquepierda.com\/historiarealbetis\/files\/2012\/10\/ESTADIO-MUNICIPAL-HELI%C3%93POLIS-1948.1.jpg?resize=684%2C402&#038;ssl=1\" alt=\"estadio-municipal-heliopolis-1948-1\" width=\"684\" height=\"402\" srcset=\"https:\/\/i0.wp.com\/www.manquepierda.com\/historiarealbetis\/files\/2012\/10\/ESTADIO-MUNICIPAL-HELI%C3%93POLIS-1948.1.jpg?w=684&amp;ssl=1 684w, https:\/\/i0.wp.com\/www.manquepierda.com\/historiarealbetis\/files\/2012\/10\/ESTADIO-MUNICIPAL-HELI%C3%93POLIS-1948.1.jpg?resize=220%2C129&amp;ssl=1 220w, https:\/\/i0.wp.com\/www.manquepierda.com\/historiarealbetis\/files\/2012\/10\/ESTADIO-MUNICIPAL-HELI%C3%93POLIS-1948.1.jpg?resize=680%2C400&amp;ssl=1 680w\" sizes=\"auto, (max-width: 684px) 100vw, 684px\" \/><\/p>\n<p style=\"text-align: justify\"><strong>1941-OCTURE 19-DOMINGO EN LA \u00abCIUDAD DEL SOL\u00bb-ESTADIO MUNICIPAL \u00abHELI\u00d3POLIS\u00bb-CUARTA JORNADA.<\/strong><\/p>\n<p style=\"text-align: justify\">Arbitr\u00f3 Colegiado del Centro, Pl\u00e1cido GONZ\u00c1LEZ D\u00edaz (36 a\u00f1os+3 meses+15 d\u00edas)-Natural de Bilbao (Vizcaya), martes 4 de Julio de 1905.<\/p>\n<p style=\"text-align: justify\"><em>\u00abFue bueno su arbitraje con el defecto de no cortar con energ\u00eda y rapidez el juego violento. Tuvo en el juez de l\u00ednea, Jos\u00e9 Guerra Prieto, un deficiente colaborador\u00bb.<\/em><\/p>\n<p style=\"text-align: center\"><img data-recalc-dims=\"1\" loading=\"lazy\" decoding=\"async\" class=\"aligncenter size-thumbnail wp-image-53510\" src=\"https:\/\/i0.wp.com\/www.manquepierda.com\/historiarealbetis\/files\/2012\/10\/PGD.jpg?resize=171%2C220&#038;ssl=1\" alt=\"pgd\" width=\"171\" height=\"220\" srcset=\"https:\/\/i0.wp.com\/www.manquepierda.com\/historiarealbetis\/files\/2012\/10\/PGD.jpg?resize=171%2C220&amp;ssl=1 171w, https:\/\/i0.wp.com\/www.manquepierda.com\/historiarealbetis\/files\/2012\/10\/PGD.jpg?w=175&amp;ssl=1 175w\" sizes=\"auto, (max-width: 171px) 100vw, 171px\" \/><\/p>\n<p style=\"text-align: center\"><strong>AMBAS ESCUADRAS SE ALINEARON DE LA FORMA SIGUIENTE:<br \/>\n<\/strong><\/p>\n<p style=\"text-align: justify\"><strong><span style=\"color: #008000\"><em><img data-recalc-dims=\"1\" loading=\"lazy\" decoding=\"async\" class=\"alignleft size-thumbnail wp-image-53512\" src=\"https:\/\/i0.wp.com\/www.manquepierda.com\/historiarealbetis\/files\/2012\/10\/Antonio-POL-ROMA-Hijos-de.jpeg?resize=220%2C109&#038;ssl=1\" alt=\"antonio-pol-roma-hijos-de\" width=\"220\" height=\"109\" srcset=\"https:\/\/i0.wp.com\/www.manquepierda.com\/historiarealbetis\/files\/2012\/10\/Antonio-POL-ROMA-Hijos-de.jpeg?resize=220%2C109&amp;ssl=1 220w, https:\/\/i0.wp.com\/www.manquepierda.com\/historiarealbetis\/files\/2012\/10\/Antonio-POL-ROMA-Hijos-de.jpeg?w=240&amp;ssl=1 240w\" sizes=\"auto, (max-width: 220px) 100vw, 220px\" \/>1941-1942 Presidente Real Betis Balompi\u00e9, don Ram\u00f3n POL CARBONELL, industrial (41 a\u00f1os+9 meses+3 <img data-recalc-dims=\"1\" loading=\"lazy\" decoding=\"async\" class=\"alignright size-thumbnail wp-image-53511\" src=\"https:\/\/i0.wp.com\/www.manquepierda.com\/historiarealbetis\/files\/2012\/10\/Ram%C3%B3n-POL-CARBONELL-1954.jpg?resize=163%2C220&#038;ssl=1\" alt=\"ramon-pol-carbonell-1954\" width=\"163\" height=\"220\" srcset=\"https:\/\/i0.wp.com\/www.manquepierda.com\/historiarealbetis\/files\/2012\/10\/Ram%C3%B3n-POL-CARBONELL-1954.jpg?resize=163%2C220&amp;ssl=1 163w, https:\/\/i0.wp.com\/www.manquepierda.com\/historiarealbetis\/files\/2012\/10\/Ram%C3%B3n-POL-CARBONELL-1954.jpg?resize=444%2C600&amp;ssl=1 444w, https:\/\/i0.wp.com\/www.manquepierda.com\/historiarealbetis\/files\/2012\/10\/Ram%C3%B3n-POL-CARBONELL-1954.jpg?w=460&amp;ssl=1 460w\" sizes=\"auto, (max-width: 163px) 100vw, 163px\" \/>d\u00edas)-Natural de Barcelona, martes 16 de Enero de 1900.<\/em><\/span><\/strong><\/p>\n<p><strong><span style=\"color: #008000\"><em>Obituario en Sevilla, viernes 8 de Abril de 1977 (77 A\u00f1os+3 meses menos 8 d\u00edas) D. E. P.<\/em><\/span><br \/>\n<\/strong><\/p>\n<p style=\"text-align: justify\"><span style=\"color: #008000\"><strong><img data-recalc-dims=\"1\" loading=\"lazy\" decoding=\"async\" class=\"alignleft size-thumbnail wp-image-53513\" src=\"https:\/\/i0.wp.com\/www.manquepierda.com\/historiarealbetis\/files\/2012\/10\/Patrick-Joseph-OCONNELL-02.jpg?resize=128%2C220&#038;ssl=1\" alt=\"patrick-joseph-oconnell-02\" width=\"128\" height=\"220\" srcset=\"https:\/\/i0.wp.com\/www.manquepierda.com\/historiarealbetis\/files\/2012\/10\/Patrick-Joseph-OCONNELL-02.jpg?resize=128%2C220&amp;ssl=1 128w, https:\/\/i0.wp.com\/www.manquepierda.com\/historiarealbetis\/files\/2012\/10\/Patrick-Joseph-OCONNELL-02.jpg?resize=350%2C600&amp;ssl=1 350w, https:\/\/i0.wp.com\/www.manquepierda.com\/historiarealbetis\/files\/2012\/10\/Patrick-Joseph-OCONNELL-02.jpg?resize=768%2C1316&amp;ssl=1 768w, https:\/\/i0.wp.com\/www.manquepierda.com\/historiarealbetis\/files\/2012\/10\/Patrick-Joseph-OCONNELL-02.jpg?resize=409%2C700&amp;ssl=1 409w, https:\/\/i0.wp.com\/www.manquepierda.com\/historiarealbetis\/files\/2012\/10\/Patrick-Joseph-OCONNELL-02.jpg?w=1157&amp;ssl=1 1157w\" sizes=\"auto, (max-width: 128px) 100vw, 128px\" \/>Entrenador Mr. Patrick Joseph O&#8217;CONNELL (54 a\u00f1os+7 meses+11 d\u00edas)-Natural de Drucomdra-Dublin (Republic of Ireland), martes 8 de Marzo de 1887.-Obituario en St Pancras-Condado Cavem-Cementery Distrito Kilburn-London (England), viernes 27 de Febrero de 1959 (71 A\u00f1os+11 meses+19 d\u00edas) D. E. P.<\/strong><\/span><\/p>\n<figure id=\"attachment_53514\" aria-describedby=\"caption-attachment-53514\" style=\"width: 220px\" class=\"wp-caption aligncenter\"><img data-recalc-dims=\"1\" loading=\"lazy\" decoding=\"async\" class=\"size-thumbnail wp-image-53514\" src=\"https:\/\/i0.wp.com\/www.manquepierda.com\/historiarealbetis\/files\/2012\/10\/1931-RBB-coronado.jpg?resize=220%2C193&#038;ssl=1\" alt=\"REAL BETIS BALOMPI\u00c9-2 GOLES.\" width=\"220\" height=\"193\" srcset=\"https:\/\/i0.wp.com\/www.manquepierda.com\/historiarealbetis\/files\/2012\/10\/1931-RBB-coronado.jpg?resize=220%2C193&amp;ssl=1 220w, https:\/\/i0.wp.com\/www.manquepierda.com\/historiarealbetis\/files\/2012\/10\/1931-RBB-coronado.jpg?w=360&amp;ssl=1 360w\" sizes=\"auto, (max-width: 220px) 100vw, 220px\" \/><figcaption id=\"caption-attachment-53514\" class=\"wp-caption-text\">REAL BETIS BALOMPI\u00c9-2 GOLES.<\/figcaption><\/figure>\n<p style=\"text-align: justify\"><strong>TERCER CLASIFICADO CON 5 PUNTOS (2-GANADOS+1-EMPATADO+1-PERDIDO) 7-GOLES A FAVOR Y 6-TANTOS EN CONTRA.<\/strong><\/p>\n<p style=\"text-align: center\">Guardameta:<\/p>\n<p style=\"text-align: center\"><img data-recalc-dims=\"1\" loading=\"lazy\" decoding=\"async\" class=\"aligncenter size-thumbnail wp-image-53515\" src=\"https:\/\/i0.wp.com\/www.manquepierda.com\/historiarealbetis\/files\/2012\/10\/PAQUILLO-Francisco-Carmona-Reina.png?resize=188%2C220&#038;ssl=1\" alt=\"paquillo-francisco-carmona-reina\" width=\"188\" height=\"220\" srcset=\"https:\/\/i0.wp.com\/www.manquepierda.com\/historiarealbetis\/files\/2012\/10\/PAQUILLO-Francisco-Carmona-Reina.png?resize=188%2C220&amp;ssl=1 188w, https:\/\/i0.wp.com\/www.manquepierda.com\/historiarealbetis\/files\/2012\/10\/PAQUILLO-Francisco-Carmona-Reina.png?w=191&amp;ssl=1 191w\" sizes=\"auto, (max-width: 188px) 100vw, 188px\" \/><\/p>\n<p style=\"text-align: justify\"><strong>1-(2 tantos encajados)-Francisco CARMONA Reina (a) \u00abPAQUILLO\u00bb (19 a\u00f1os+3 meses+9 d\u00edas)-Natural de Sevilla, lunes 10 Julio 1922.-\u00cddem, 00-Enero 1987 (64 A\u00f1os) D. E. P.<\/strong><\/p>\n<p style=\"text-align: center\">Zagueros:<\/p>\n<p style=\"text-align: center\"><img data-recalc-dims=\"1\" loading=\"lazy\" decoding=\"async\" class=\"aligncenter size-thumbnail wp-image-53527\" src=\"https:\/\/i0.wp.com\/www.manquepierda.com\/historiarealbetis\/files\/2012\/10\/Jos%C3%A9-PARDO-Montoya.png?resize=188%2C220&#038;ssl=1\" alt=\"jose-pardo-montoya\" width=\"188\" height=\"220\" srcset=\"https:\/\/i0.wp.com\/www.manquepierda.com\/historiarealbetis\/files\/2012\/10\/Jos%C3%A9-PARDO-Montoya.png?resize=188%2C220&amp;ssl=1 188w, https:\/\/i0.wp.com\/www.manquepierda.com\/historiarealbetis\/files\/2012\/10\/Jos%C3%A9-PARDO-Montoya.png?w=191&amp;ssl=1 191w\" sizes=\"auto, (max-width: 188px) 100vw, 188px\" \/><\/p>\n<p style=\"text-align: center\"><strong>2-Lateral Diestro.-Jos\u00e9 PARDO Montoya.<\/strong><\/p>\n<p style=\"text-align: center\"><img data-recalc-dims=\"1\" loading=\"lazy\" decoding=\"async\" class=\"aligncenter size-thumbnail wp-image-53528\" src=\"https:\/\/i0.wp.com\/www.manquepierda.com\/historiarealbetis\/files\/2012\/10\/MARIANO-S%C3%A1enz-Cristiano.jpg?resize=137%2C220&#038;ssl=1\" alt=\"mariano-saenz-cristiano\" width=\"137\" height=\"220\" srcset=\"https:\/\/i0.wp.com\/www.manquepierda.com\/historiarealbetis\/files\/2012\/10\/MARIANO-S%C3%A1enz-Cristiano.jpg?resize=137%2C220&amp;ssl=1 137w, https:\/\/i0.wp.com\/www.manquepierda.com\/historiarealbetis\/files\/2012\/10\/MARIANO-S%C3%A1enz-Cristiano.jpg?w=206&amp;ssl=1 206w\" sizes=\"auto, (max-width: 137px) 100vw, 137px\" \/><\/p>\n<p style=\"text-align: center\"><strong>3-Lateral Zurdo.-MARIANO S\u00e1enz Cristiano.<\/strong><\/p>\n<p style=\"text-align: center\">Medios:<\/p>\n<p style=\"text-align: center\"><img data-recalc-dims=\"1\" loading=\"lazy\" decoding=\"async\" class=\"aligncenter size-thumbnail wp-image-53529\" src=\"https:\/\/i0.wp.com\/www.manquepierda.com\/historiarealbetis\/files\/2012\/10\/PERAL-Jos%C3%A9-Su%C3%A1rez-Gonz%C3%A1lez-01.jpg?resize=136%2C220&#038;ssl=1\" alt=\"peral-jose-suarez-gonzalez-01\" width=\"136\" height=\"220\"><\/p>\n<p style=\"text-align: center\"><strong>4-Diestro.-Jos\u00e9 Su\u00e1rez Gonz\u00e1lez (a) \u00abPERAL\u00bb.<\/strong><\/p>\n<p style=\"text-align: center\"><img data-recalc-dims=\"1\" loading=\"lazy\" decoding=\"async\" class=\"aligncenter size-full wp-image-53530\" src=\"https:\/\/i0.wp.com\/www.manquepierda.com\/historiarealbetis\/files\/2012\/10\/Francisco-G%C3%93MEZ-Vicente.jpg?resize=135%2C200&#038;ssl=1\" alt=\"francisco-gomez-vicente\" width=\"135\" height=\"200\"><\/p>\n<p style=\"text-align: center\"><strong>5-Centro.-Francisco G\u00d3MEZ Vicente.<\/strong><\/p>\n<p style=\"text-align: center\"><img data-recalc-dims=\"1\" loading=\"lazy\" decoding=\"async\" class=\"aligncenter size-full wp-image-53531\" src=\"https:\/\/i0.wp.com\/www.manquepierda.com\/historiarealbetis\/files\/2012\/10\/Jos%C3%A9-Garc%C3%ADa-DUARTE.jpg?resize=86%2C134&#038;ssl=1\" alt=\"jose-garcia-duarte\" width=\"86\" height=\"134\"><\/p>\n<p style=\"text-align: justify\"><strong>6-Zurdo.-Jos\u00e9 Garc\u00eda DUARTE (26 a\u00f1os+8 meses+10 d\u00edas)-Natural de Camas (Sevilla), martes 9 de Febrero de 1915.-Obituario en Sevilla, lunes 26 de Noviembre de 1973 (58 A\u00f1os+9 meses+17 d\u00edas) D. E. P.<br \/>\n<\/strong><\/p>\n<p style=\"text-align: center\">Delanteros:<\/p>\n<p style=\"text-align: center\"><img data-recalc-dims=\"1\" loading=\"lazy\" decoding=\"async\" class=\"aligncenter size-full wp-image-53522\" src=\"https:\/\/i0.wp.com\/www.manquepierda.com\/historiarealbetis\/files\/2012\/10\/SARO-%C3%81ngel-Mart%C3%ADn-Rodr%C3%ADguez-03.jpg?resize=150%2C200&#038;ssl=1\" alt=\"saro-angel-martin-rodriguez-03\" width=\"150\" height=\"200\"><\/p>\n<p style=\"text-align: justify\"><span style=\"color: #008000\"><em><strong>*1-0.-20 minutos.-\u00abUn pase de Ben\u00edtez a \u00abPitilo\u00bb, lo alcanz\u00f3 \u00c1ngel Dom\u00ednguez con rapidez y su centro, templado y largo, lo recepcion\u00f3 \u00c1ngel Mart\u00edn para chutar el bal\u00f3n batiendo al cancerbero Mendaro\u00bb*<\/strong><\/em><\/span><\/p>\n<p style=\"text-align: justify\"><strong>7-Extremo Diestro.-\u00c1ngel Mart\u00edn Rodr\u00edguez (a) \u00abSARO\u00bb (32 a\u00f1os+7 meses+18 d\u00edas)-Natural de Valladolid, lunes 1\u00ba de Marzo de 1909.-Obituario, lunes 13 de Enero de 1975 (65 A\u00f1os+10 meses+12 d\u00edas) D. E. P.<\/strong><\/p>\n<p style=\"text-align: center\"><img data-recalc-dims=\"1\" loading=\"lazy\" decoding=\"async\" class=\"aligncenter size-thumbnail wp-image-53532\" src=\"https:\/\/i0.wp.com\/www.manquepierda.com\/historiarealbetis\/files\/2012\/10\/Enrique-BESC%C3%93S-Mambrona.png?resize=188%2C220&#038;ssl=1\" alt=\"enrique-bescos-mambrona\" width=\"188\" height=\"220\" srcset=\"https:\/\/i0.wp.com\/www.manquepierda.com\/historiarealbetis\/files\/2012\/10\/Enrique-BESC%C3%93S-Mambrona.png?resize=188%2C220&amp;ssl=1 188w, https:\/\/i0.wp.com\/www.manquepierda.com\/historiarealbetis\/files\/2012\/10\/Enrique-BESC%C3%93S-Mambrona.png?w=191&amp;ssl=1 191w\" sizes=\"auto, (max-width: 188px) 100vw, 188px\" \/><\/p>\n<p style=\"text-align: center\"><strong>8-Interior Diestro.-Enrique BESC\u00d3S Mambrona.<\/strong><\/p>\n<p style=\"text-align: justify\"><span style=\"color: #008000\"><em><strong>*2-2.-65 minutos.-\u00abUn pase de Besc\u00f3s \u00e1 \u00abSaro\u00bb, permiti\u00f3 a \u00e9ste centrar el cuero que es recogido por Francisco Gonz\u00e1lez, chuta r\u00e1pido y de cabeza consigui\u00f3 un archisuperior tanto al fusilar a Ram\u00f3n D\u00edaz Mendaro*<\/strong><\/em><\/span><\/p>\n<p style=\"text-align: center\"><img data-recalc-dims=\"1\" loading=\"lazy\" decoding=\"async\" class=\"aligncenter size-full wp-image-53526\" src=\"https:\/\/i0.wp.com\/www.manquepierda.com\/historiarealbetis\/files\/2012\/10\/PAQUIRRI-Francisco-Gonz%C3%A1lez-Rodr%C3%ADguez-02.jpg?resize=191%2C220&#038;ssl=1\" alt=\"paquirri-francisco-gonzalez-rodriguez-02\" width=\"191\" height=\"220\"><\/p>\n<p style=\"text-align: justify\"><strong>9-Centro Delantero-Ariete.-Francisco Gonz\u00e1lez Rodr\u00edguez (a) \u00abPAQUIRRI\u00bb (28 a\u00f1os+2 meses+6 d\u00edas)-Natural de Sevilla, mi\u00e9rcoles 13 de Agosto de 1913.-\u00cddem, jueves 11 de Noviembre de 1982 (69 A\u00f1os+3 meses menos 2 d\u00edas) D. E. P.<br \/>\n<\/strong><\/p>\n<p style=\"text-align: center\"><img data-recalc-dims=\"1\" loading=\"lazy\" decoding=\"async\" class=\"aligncenter size-thumbnail wp-image-53533\" src=\"https:\/\/i0.wp.com\/www.manquepierda.com\/historiarealbetis\/files\/2012\/10\/Rogelio-BEN%C3%8DTEZ-Moreno.jpg?resize=119%2C220&#038;ssl=1\" alt=\"rogelio-benitez-moreno\" width=\"119\" height=\"220\" srcset=\"https:\/\/i0.wp.com\/www.manquepierda.com\/historiarealbetis\/files\/2012\/10\/Rogelio-BEN%C3%8DTEZ-Moreno.jpg?resize=119%2C220&amp;ssl=1 119w, https:\/\/i0.wp.com\/www.manquepierda.com\/historiarealbetis\/files\/2012\/10\/Rogelio-BEN%C3%8DTEZ-Moreno.jpg?resize=326%2C600&amp;ssl=1 326w, https:\/\/i0.wp.com\/www.manquepierda.com\/historiarealbetis\/files\/2012\/10\/Rogelio-BEN%C3%8DTEZ-Moreno.jpg?w=353&amp;ssl=1 353w\" sizes=\"auto, (max-width: 119px) 100vw, 119px\" \/><\/p>\n<p style=\"text-align: center\"><strong>10-Interior Zurdo.-Rogelio BEN\u00cdTEZ Moreno.<\/strong><\/p>\n<p style=\"text-align: center\"><img data-recalc-dims=\"1\" loading=\"lazy\" decoding=\"async\" class=\"aligncenter size-thumbnail wp-image-53534\" src=\"https:\/\/i0.wp.com\/www.manquepierda.com\/historiarealbetis\/files\/2012\/10\/PITILO-%C3%81ngel-Dom%C3%ADnguez-Esteban-01.jpg?resize=165%2C220&#038;ssl=1\" alt=\"pitilo-angel-dominguez-esteban-01\" width=\"165\" height=\"220\" srcset=\"https:\/\/i0.wp.com\/www.manquepierda.com\/historiarealbetis\/files\/2012\/10\/PITILO-%C3%81ngel-Dom%C3%ADnguez-Esteban-01.jpg?resize=165%2C220&amp;ssl=1 165w, https:\/\/i0.wp.com\/www.manquepierda.com\/historiarealbetis\/files\/2012\/10\/PITILO-%C3%81ngel-Dom%C3%ADnguez-Esteban-01.jpg?w=329&amp;ssl=1 329w\" sizes=\"auto, (max-width: 165px) 100vw, 165px\" \/><\/p>\n<p style=\"text-align: center\"><strong>11-Extremo Zurdo.-\u00c1ngel Dom\u00ednguez Esteban (a) \u00abPITILO\u00bb.<\/strong><\/p>\n<hr>\n<p style=\"text-align: justify\"><em>\u00abEl partido se lleva con mucho br\u00edo y emoci\u00f3n. <\/em><\/p>\n<p style=\"text-align: justify\"><em>La defensa malague\u00f1a se muestra muy segura. <\/em><\/p>\n<p style=\"text-align: justify\"><em><strong>El ataque b\u00e9tico profundiza mucho.<br \/>\n<\/strong><\/em><\/p>\n<p style=\"text-align: justify\"><em>Despu\u00e9s del 1-2 la delantera malaguista se crece y tira bastante a gol, <strong>pero la defensa b\u00e9tica juega muy segura y muy compenetrada. Con 1-2 termina el primer tiempo.<\/strong><\/em><\/p>\n<p style=\"text-align: justify\"><em>En la segunda mitad, ambas escuadras se emplean con codicia. <strong>Tras el 2-2 hay momentos de gran agobio para la porter\u00eda malaguista\u00bb.<\/strong><\/em><\/p>\n<hr>\n<p style=\"text-align: center\">VS.<\/p>\n<p style=\"text-align: justify\"><em>\u00abLa sociedad malague\u00f1a se denominaba as\u00ed desde Septiembre de 1941. En 1933 naci\u00f3 el Malacitano, embri\u00f3n de dicha entidad deportiva\u00bb.<\/em><\/p>\n<p style=\"text-align: center\">Desde s\u00e1bado 7-VI-1941 hasta lunes 16-II-1942 presidente don Lu\u00eds RAM\u00cdREZ Rodr\u00edguez.<\/p>\n<p style=\"text-align: center\"><img data-recalc-dims=\"1\" loading=\"lazy\" decoding=\"async\" class=\"aligncenter size-thumbnail wp-image-53517\" src=\"https:\/\/i0.wp.com\/www.manquepierda.com\/historiarealbetis\/files\/2012\/10\/cristobalmartibatalla.jpg?resize=153%2C220&#038;ssl=1\" alt=\"cristobalmartibatalla\" width=\"153\" height=\"220\" srcset=\"https:\/\/i0.wp.com\/www.manquepierda.com\/historiarealbetis\/files\/2012\/10\/cristobalmartibatalla.jpg?resize=153%2C220&amp;ssl=1 153w, https:\/\/i0.wp.com\/www.manquepierda.com\/historiarealbetis\/files\/2012\/10\/cristobalmartibatalla.jpg?w=215&amp;ssl=1 215w\" sizes=\"auto, (max-width: 153px) 100vw, 153px\" \/><\/p>\n<p style=\"text-align: justify\">1941-1942.-Crist\u00f3bal MART\u00cd Batalla (38 a\u00f1os+8 meses+17 d\u00edas)-Natural de Granollers (Barcelona), lunes 2 de Febrero de 1903.<\/p>\n<figure id=\"attachment_53518\" aria-describedby=\"caption-attachment-53518\" style=\"width: 153px\" class=\"wp-caption aligncenter\"><img data-recalc-dims=\"1\" loading=\"lazy\" decoding=\"async\" class=\"size-full wp-image-53518\" src=\"https:\/\/i0.wp.com\/www.manquepierda.com\/historiarealbetis\/files\/2012\/10\/escudocdmalaga.jpg?resize=153%2C193&#038;ssl=1\" alt=\"CLUD DEPORTIVO M\u00c1LAGA-2 TANTOS.\" width=\"153\" height=\"193\"><figcaption id=\"caption-attachment-53518\" class=\"wp-caption-text\">CLUD DEPORTIVO M\u00c1LAGA-2 TANTOS.<\/figcaption><\/figure>\n<p style=\"text-align: center\"><strong>2\u00ba CLASIFICADO CON 5 PUNTOS (2ganados+1empatado+1perdido) 11-6 Tantos Favor-Contra.<br \/>\n<\/strong><\/p>\n<p style=\"text-align: center\"><img data-recalc-dims=\"1\" loading=\"lazy\" decoding=\"async\" class=\"aligncenter size-thumbnail wp-image-53523\" src=\"https:\/\/i0.wp.com\/www.manquepierda.com\/historiarealbetis\/files\/2012\/10\/mendaro.jpg?resize=170%2C220&#038;ssl=1\" alt=\"mendaro\" width=\"170\" height=\"220\" srcset=\"https:\/\/i0.wp.com\/www.manquepierda.com\/historiarealbetis\/files\/2012\/10\/mendaro.jpg?resize=170%2C220&amp;ssl=1 170w, https:\/\/i0.wp.com\/www.manquepierda.com\/historiarealbetis\/files\/2012\/10\/mendaro.jpg?w=242&amp;ssl=1 242w\" sizes=\"auto, (max-width: 170px) 100vw, 170px\" \/><\/p>\n<p style=\"text-align: justify\">1-<strong>(2 goles encajados).-Destac\u00f3 <\/strong>Ram\u00f3n D\u00edaz MENDARO (25 a\u00f1os+8 meses menos 2 d\u00edas)-Natural de La Carolina (Ja\u00e9n), lunes 21 de Febrero de 1916.-<\/p>\n<p style=\"text-align: center\">2-Antonio Iznata Urbano (a) \u00abCHALES\u00bb.-3-Lu\u00eds Garc\u00eda MONTORO.<\/p>\n<p style=\"text-align: justify\">4-Jos\u00e9 JUNCO Torres <strong>(destac\u00f3)<\/strong>.-5-Francisco SALAZAR Navarro.-6-Juan Mesa Castellano (a) \u00abMESITA\u00bb<strong> (destac\u00f3).<br \/>\n<\/strong><\/p>\n<p style=\"text-align: center\"><img data-recalc-dims=\"1\" loading=\"lazy\" decoding=\"async\" class=\"aligncenter size-thumbnail wp-image-53520\" src=\"https:\/\/i0.wp.com\/www.manquepierda.com\/historiarealbetis\/files\/2012\/10\/JDM.jpg?resize=139%2C220&#038;ssl=1\" alt=\"jdm\" width=\"139\" height=\"220\" srcset=\"https:\/\/i0.wp.com\/www.manquepierda.com\/historiarealbetis\/files\/2012\/10\/JDM.jpg?resize=139%2C220&amp;ssl=1 139w, https:\/\/i0.wp.com\/www.manquepierda.com\/historiarealbetis\/files\/2012\/10\/JDM.jpg?w=199&amp;ssl=1 199w\" sizes=\"auto, (max-width: 139px) 100vw, 139px\" \/><\/p>\n<p style=\"text-align: justify\">7-Jaime DOMENECH Roca (27 a\u00f1os+8 meses+3 d\u00edas)-Natural de Villadecans (Barcelona), lunes 16 de Febrero de 1914 <strong>(1-2.-30 minutos)*<\/strong><\/p>\n<p style=\"text-align: center\">8-Francisco Garc\u00eda D\u00cdAZ.<\/p>\n<p style=\"text-align: center\">9-Manuel OLIVARES Lape\u00f1a.<\/p>\n<p style=\"text-align: center\"><img data-recalc-dims=\"1\" loading=\"lazy\" decoding=\"async\" class=\"aligncenter size-full wp-image-53521\" src=\"https:\/\/i0.wp.com\/www.manquepierda.com\/historiarealbetis\/files\/2012\/10\/MFC.jpg?resize=71%2C115&#038;ssl=1\" alt=\"mfc\" width=\"71\" height=\"115\"><\/p>\n<p style=\"text-align: justify\">10-<strong>Destac\u00f3 <\/strong>Manuel FUENTES Campesino (28 a\u00f1os+6 meses menos 1 d\u00eda)-Natural de Pe\u00f1acastillo (Cantabria), domingo 20 de Abril de 1913 <strong>(1-1.-25 minutos)*<\/strong><\/p>\n<p style=\"text-align: center\">11-<strong>Destac\u00f3 <\/strong>Francisco M\u00e9rida Ponce (a) \u00abMERI\u00bb.<\/p>\n<p style=\"text-align: center\">Fuente.-Cortes\u00eda de amigosmalaguistas.es.tl\/<\/p>\n<p style=\"text-align: center\"><img data-recalc-dims=\"1\" loading=\"lazy\" decoding=\"async\" class=\"aligncenter size-full wp-image-53525\" src=\"https:\/\/i0.wp.com\/www.manquepierda.com\/historiarealbetis\/files\/2012\/10\/Resultados-Clasificaci%C3%B3n19411019.jpg?resize=422%2C317&#038;ssl=1\" alt=\"resultados-clasificacion19411019\" width=\"422\" height=\"317\" srcset=\"https:\/\/i0.wp.com\/www.manquepierda.com\/historiarealbetis\/files\/2012\/10\/Resultados-Clasificaci%C3%B3n19411019.jpg?w=422&amp;ssl=1 422w, https:\/\/i0.wp.com\/www.manquepierda.com\/historiarealbetis\/files\/2012\/10\/Resultados-Clasificaci%C3%B3n19411019.jpg?resize=220%2C165&amp;ssl=1 220w\" sizes=\"auto, (max-width: 422px) 100vw, 422px\" \/><\/p>\n<p style=\"text-align: justify\"><strong>&nbsp;<\/strong><\/p>\n","protected":false},"excerpt":{"rendered":"<p>XI EDICI\u00d3N-CAMPEONATO NACIONAL LIGA SEGUNDA DIVISI\u00d3N-GREUPO III-TEMPORADA 1941-1942 DESDE DOMINGO 28 SEPTIEMBRE 1941 HASTA DOMINGO 4 DE ENERO 1942.-FASE ASCENSO A PRIMERA DIVISI\u00d3N DESDE DOMINGO 25 ENERO HASTA DOMINGO 5 ABRIL 1942.-AMBAS FECHAS INCLUSIVE. 1941-OCTURE 19-DOMINGO EN LA \u00abCIUDAD DEL SOL\u00bb-ESTADIO MUNICIPAL \u00abHELI\u00d3POLIS\u00bb-CUARTA JORNADA. Arbitr\u00f3 Colegiado del Centro, Pl\u00e1cido GONZ\u00c1LEZ D\u00edaz (36 a\u00f1os+3 meses+15 d\u00edas)-Natural&#8230;<\/p>\n","protected":false},"author":48,"featured_media":53508,"comment_status":"open","ping_status":"open","sticky":false,"template":"","format":"standard","meta":{"_kad_post_transparent":"","_kad_post_title":"","_kad_post_layout":"","_kad_post_sidebar_id":"","_kad_post_content_style":"","_kad_post_vertical_padding":"","_kad_post_feature":"","_kad_post_feature_position":"","_kad_post_header":false,"_kad_post_footer":false,"_kad_post_classname":"","_jetpack_memberships_contains_paid_content":false,"footnotes":"","jetpack_publicize_message":"","jetpack_publicize_feature_enabled":true,"jetpack_social_post_already_shared":false,"jetpack_social_options":{"image_generator_settings":{"template":"highway","default_image_id":0,"font":"","enabled":false},"version":2}},"categories":[900,1],"tags":[49,2222,1497,17934],"class_list":["post-22668","post","type-post","status-publish","format-standard","has-post-thumbnail","hentry","category-1940-1949","category-portada","tag-49","tag-1941-42","tag-cd-malaga","tag-liga-segunda-1941-42"],"jetpack_publicize_connections":[],"jetpack_featured_media_url":"https:\/\/i0.wp.com\/www.manquepierda.com\/historiarealbetis\/files\/2012\/10\/ESTADIO-MUNICIPAL-HELI%C3%93POLIS-1948.1.jpg?fit=684%2C402&ssl=1","jetpack_sharing_enabled":true,"jetpack_shortlink":"https:\/\/wp.me\/p1ij08-5TC","jetpack-related-posts":[],"_links":{"self":[{"href":"https:\/\/www.manquepierda.com\/historiarealbetis\/wp-json\/wp\/v2\/posts\/22668","targetHints":{"allow":["GET"]}}],"collection":[{"href":"https:\/\/www.manquepierda.com\/historiarealbetis\/wp-json\/wp\/v2\/posts"}],"about":[{"href":"https:\/\/www.manquepierda.com\/historiarealbetis\/wp-json\/wp\/v2\/types\/post"}],"author":[{"embeddable":true,"href":"https:\/\/www.manquepierda.com\/historiarealbetis\/wp-json\/wp\/v2\/users\/48"}],"replies":[{"embeddable":true,"href":"https:\/\/www.manquepierda.com\/historiarealbetis\/wp-json\/wp\/v2\/comments?post=22668"}],"version-history":[{"count":1,"href":"https:\/\/www.manquepierda.com\/historiarealbetis\/wp-json\/wp\/v2\/posts\/22668\/revisions"}],"predecessor-version":[{"id":90025,"href":"https:\/\/www.manquepierda.com\/historiarealbetis\/wp-json\/wp\/v2\/posts\/22668\/revisions\/90025"}],"wp:featuredmedia":[{"embeddable":true,"href":"https:\/\/www.manquepierda.com\/historiarealbetis\/wp-json\/wp\/v2\/media\/53508"}],"wp:attachment":[{"href":"https:\/\/www.manquepierda.com\/historiarealbetis\/wp-json\/wp\/v2\/media?parent=22668"}],"wp:term":[{"taxonomy":"category","embeddable":true,"href":"https:\/\/www.manquepierda.com\/historiarealbetis\/wp-json\/wp\/v2\/categories?post=22668"},{"taxonomy":"post_tag","embeddable":true,"href":"https:\/\/www.manquepierda.com\/historiarealbetis\/wp-json\/wp\/v2\/tags?post=22668"}],"curies":[{"name":"wp","href":"https:\/\/api.w.org\/{rel}","templated":true}]}}