{"id":22792,"date":"2012-10-22T14:55:35","date_gmt":"2012-10-22T13:55:35","guid":{"rendered":"http:\/\/www.manquepierda.com\/historiarealbetis\/?p=22792"},"modified":"2024-08-11T13:06:24","modified_gmt":"2024-08-11T11:06:24","slug":"1939-octubre-22-regional-racing-fc-cordoba-3-betis-balompie-7","status":"publish","type":"post","link":"https:\/\/www.manquepierda.com\/historiarealbetis\/1939-octubre-22-regional-racing-fc-cordoba-3-betis-balompie-7\/","title":{"rendered":"1939-Octubre 22-Regional: Racing FC C\u00f3rdoba-3 Betis Balompi\u00e9-7."},"content":{"rendered":"<p><a href=\"https:\/\/i0.wp.com\/www.manquepierda.com\/historiarealbetis\/files\/2012\/10\/1932-RBB11.jpg?ssl=1\"><img data-recalc-dims=\"1\" loading=\"lazy\" decoding=\"async\" class=\"alignleft size-full wp-image-22799\" src=\"https:\/\/i0.wp.com\/www.manquepierda.com\/historiarealbetis\/files\/2012\/10\/1932-RBB11.jpg?resize=154%2C154&#038;ssl=1\" alt=\"\" width=\"154\" height=\"154\" srcset=\"https:\/\/i0.wp.com\/www.manquepierda.com\/historiarealbetis\/files\/2012\/10\/1932-RBB11.jpg?w=154&amp;ssl=1 154w, https:\/\/i0.wp.com\/www.manquepierda.com\/historiarealbetis\/files\/2012\/10\/1932-RBB11.jpg?resize=150%2C150&amp;ssl=1 150w, https:\/\/i0.wp.com\/www.manquepierda.com\/historiarealbetis\/files\/2012\/10\/1932-RBB11.jpg?resize=50%2C50&amp;ssl=1 50w\" sizes=\"auto, (max-width: 154px) 100vw, 154px\" \/><\/a><strong>1939-Octubre 22-Domingo en C\u00f3rdoba: 07\u00aa Jornada Campeonato Regional-Andaluc\u00eda Temporada 1939-1940.<\/strong><\/p>\n<p><strong>Arbitr\u00f3 Hidalgo Medina.<\/strong><\/p>\n<p><strong>Aline\u00f3 \u00e1:<\/strong><\/p>\n<p><strong>BETIS BALOMPI\u00c9-7 GOLES.<\/strong><\/p>\n<p>Francisco SU\u00c1REZ ANT\u00daNEZ.-Guardameta.<\/p>\n<p>Antonio TELECH\u00cdA Calvo (Lateral Diestro),&nbsp; ANGELITO-\u00c1ngel Belmonte (Lateral Zurdo).-Zagueros.<\/p>\n<p>PERAL-Jos\u00e9 Su\u00e1rez Gonz\u00e1lez (Diestro),&nbsp; TOMAS\u00cdN-Rafael Holgu\u00edn Guill\u00e9 (Centro),&nbsp; AURELIO Navarro Salguero (Zurdo).-Medios.<\/p>\n<p>SARO-\u00c1ngel Mart\u00edn Rodr\u00edguez (Extremo Diestro),&nbsp; LE\u00d3N (Interior Diestro),&nbsp; PAQUIRRI-Francisco Gonz\u00e1lez Rodr\u00edguez (Ariete),&nbsp; Mariano P\u00e9rez RETAMAR (Interior Zurdo),&nbsp; Jos\u00e9 VALERA Nocera (Extremo Zurdo).-Delanteros.<\/p>\n<p style=\"text-align: center\">MARCARON:<\/p>\n<p style=\"text-align: left\">3-PAQUIRRI (26 a\u00f1os).<\/p>\n<p style=\"text-align: left\">2-RETAMAR (20 a\u00f1os).<\/p>\n<p style=\"text-align: left\">1-LE\u00d3N.<\/p>\n<p style=\"text-align: left\">1-VARELA (23 a\u00f1os).<\/p>\n<p style=\"text-align: left\">Andr\u00e9z ARANDA Guti\u00e9rrez (34 a\u00f1os).-Entrenador.<\/p>\n<p style=\"text-align: left\">Don Antonio MORENO Sevillano (38 a\u00f1os).-25\u00ba Presidente BETIS BALOMPI\u00c9.<\/p>\n<p style=\"text-align: left\"><a href=\"https:\/\/i0.wp.com\/www.manquepierda.com\/historiarealbetis\/files\/2012\/10\/images5.jpeg?ssl=1\"><img data-recalc-dims=\"1\" loading=\"lazy\" decoding=\"async\" class=\"alignleft size-full wp-image-22795\" src=\"https:\/\/i0.wp.com\/www.manquepierda.com\/historiarealbetis\/files\/2012\/10\/images5.jpeg?resize=191%2C256&#038;ssl=1\" alt=\"\" width=\"191\" height=\"256\"><\/a>VS.<\/p>\n<p style=\"text-align: left\">R\u00c1CING CLUB DE F\u00daTBOL-C\u00d3RDOBA-3 Tantos.<\/p>\n<p style=\"text-align: left\">RESULTADOS 07\u00ba JORNADA DEL CAMPEONATO REGIONAL-ANDALUC\u00cdA.-CLASIFICACI\u00d3N GENERAL POR EQUIPOS.<\/p>\n<p style=\"text-align: left\">Sevilla-6 Malacitano-0.<\/p>\n<p style=\"text-align: left\">Racing C\u00f3rdoba-3 Betis Balompi\u00e9-7.<\/p>\n<p style=\"text-align: left\">Recreativo Granada-1 Xerez-2.<\/p>\n<p style=\"text-align: left\">C\u00e1diz-5 Onuba-0.<\/p>\n<p style=\"text-align: left\">01\u00ba.-Sevilla Club de F\u00fatbol-14 Puntos.-7G-0E-0P.-34-04 Goles Favor-Contra.<\/p>\n<p style=\"text-align: left\">02\u00ba.-BETIS BALOMPI\u00c9-11 PUNTOS.-5-GANADOS,&nbsp; 1-EMPATADO,&nbsp; 1-PERDIDO.-25-GOLES A FAVOR&nbsp; Y&nbsp; 12-TANTOS EN CONTRA.<\/p>\n<p style=\"text-align: left\">03\u00ba.-C\u00e1diz Club de F\u00fatbol-10 Puntos.-5G-0E-2P.-16-09 Tantos Favor-Contra.<\/p>\n<p style=\"text-align: left\">04\u00ba.-Club Deportivo Malacitano-08 Puntos.-4G-2E-1P.-21-18 Goles F-C.<\/p>\n<p style=\"text-align: left\">05\u00ba.-Xerez Club de F\u00fatbol-06 Puntos.-3G-0E-4P.-10-21 Tantos F-C.<\/p>\n<p style=\"text-align: left\">06\u00ba.-Racing F\u00fatbol Club de C\u00f3rdoba-03 Puntos.-1G-1E-5P.-13-28 Goles F-C.<\/p>\n<p style=\"text-align: left\">07\u00ba.-Club Recreativo de Granada-02 Puntos.-1G-0E-6P.-09-18 Tantos F-C.<\/p>\n<p style=\"text-align: left\">08\u00ba.-Onuba F\u00fatbol Club-02 Puntos.-1G-0E-6P.-04-22 Goles Favor-Contra.<\/p>\n","protected":false},"excerpt":{"rendered":"<p>1939-Octubre 22-Domingo en C\u00f3rdoba: 07\u00aa Jornada Campeonato Regional-Andaluc\u00eda Temporada 1939-1940. Arbitr\u00f3 Hidalgo Medina. Aline\u00f3 \u00e1: BETIS BALOMPI\u00c9-7 GOLES. Francisco SU\u00c1REZ ANT\u00daNEZ.-Guardameta. Antonio TELECH\u00cdA Calvo (Lateral Diestro),&nbsp; ANGELITO-\u00c1ngel Belmonte (Lateral Zurdo).-Zagueros. PERAL-Jos\u00e9 Su\u00e1rez Gonz\u00e1lez (Diestro),&nbsp; TOMAS\u00cdN-Rafael Holgu\u00edn Guill\u00e9 (Centro),&nbsp; AURELIO Navarro Salguero (Zurdo).-Medios. SARO-\u00c1ngel Mart\u00edn Rodr\u00edguez (Extremo Diestro),&nbsp; LE\u00d3N (Interior Diestro),&nbsp; PAQUIRRI-Francisco Gonz\u00e1lez Rodr\u00edguez (Ariete),&nbsp; Mariano&#8230;<\/p>\n","protected":false},"author":48,"featured_media":22799,"comment_status":"open","ping_status":"open","sticky":false,"template":"","format":"standard","meta":{"_kad_post_transparent":"","_kad_post_title":"","_kad_post_layout":"","_kad_post_sidebar_id":"","_kad_post_content_style":"","_kad_post_vertical_padding":"","_kad_post_feature":"","_kad_post_feature_position":"","_kad_post_header":false,"_kad_post_footer":false,"_kad_post_classname":"","_jetpack_memberships_contains_paid_content":false,"footnotes":"","jetpack_publicize_message":"","jetpack_publicize_feature_enabled":true,"jetpack_social_post_already_shared":false,"jetpack_social_options":{"image_generator_settings":{"template":"highway","default_image_id":0,"font":"","enabled":false},"version":2}},"categories":[899,1],"tags":[47,2476,17875,17733],"class_list":["post-22792","post","type-post","status-publish","format-standard","has-post-thumbnail","hentry","category-1930-1939","category-portada","tag-47","tag-1939-40","tag-campeonato-de-andalucia-1939-40","tag-racing-club-cordoba"],"jetpack_publicize_connections":[],"jetpack_featured_media_url":"https:\/\/i0.wp.com\/www.manquepierda.com\/historiarealbetis\/files\/2012\/10\/1932-RBB11.jpg?fit=154%2C154&ssl=1","jetpack_sharing_enabled":true,"jetpack_shortlink":"https:\/\/wp.me\/p1ij08-5VC","jetpack-related-posts":[],"_links":{"self":[{"href":"https:\/\/www.manquepierda.com\/historiarealbetis\/wp-json\/wp\/v2\/posts\/22792","targetHints":{"allow":["GET"]}}],"collection":[{"href":"https:\/\/www.manquepierda.com\/historiarealbetis\/wp-json\/wp\/v2\/posts"}],"about":[{"href":"https:\/\/www.manquepierda.com\/historiarealbetis\/wp-json\/wp\/v2\/types\/post"}],"author":[{"embeddable":true,"href":"https:\/\/www.manquepierda.com\/historiarealbetis\/wp-json\/wp\/v2\/users\/48"}],"replies":[{"embeddable":true,"href":"https:\/\/www.manquepierda.com\/historiarealbetis\/wp-json\/wp\/v2\/comments?post=22792"}],"version-history":[{"count":1,"href":"https:\/\/www.manquepierda.com\/historiarealbetis\/wp-json\/wp\/v2\/posts\/22792\/revisions"}],"predecessor-version":[{"id":90104,"href":"https:\/\/www.manquepierda.com\/historiarealbetis\/wp-json\/wp\/v2\/posts\/22792\/revisions\/90104"}],"wp:featuredmedia":[{"embeddable":true,"href":"https:\/\/www.manquepierda.com\/historiarealbetis\/wp-json\/wp\/v2\/media\/22799"}],"wp:attachment":[{"href":"https:\/\/www.manquepierda.com\/historiarealbetis\/wp-json\/wp\/v2\/media?parent=22792"}],"wp:term":[{"taxonomy":"category","embeddable":true,"href":"https:\/\/www.manquepierda.com\/historiarealbetis\/wp-json\/wp\/v2\/categories?post=22792"},{"taxonomy":"post_tag","embeddable":true,"href":"https:\/\/www.manquepierda.com\/historiarealbetis\/wp-json\/wp\/v2\/tags?post=22792"}],"curies":[{"name":"wp","href":"https:\/\/api.w.org\/{rel}","templated":true}]}}