{"id":22980,"date":"2012-10-31T08:11:08","date_gmt":"2012-10-31T07:11:08","guid":{"rendered":"http:\/\/www.manquepierda.com\/historiarealbetis\/?p=22980"},"modified":"2024-10-11T07:31:53","modified_gmt":"2024-10-11T05:31:53","slug":"boxeo-betis-benfica-1962","status":"publish","type":"post","link":"https:\/\/www.manquepierda.com\/historiarealbetis\/boxeo-betis-benfica-1962\/","title":{"rendered":"Boxeo Betis-Benfica 1962"},"content":{"rendered":"<figure id=\"attachment_65298\" aria-describedby=\"caption-attachment-65298\" style=\"width: 680px\" class=\"wp-caption aligncenter\"><a href=\"https:\/\/i0.wp.com\/www.manquepierda.com\/historiarealbetis\/files\/2012\/10\/Boxeo-Betis-Benfica-1962-NMP-Sevilla-18-12-1962.jpg?ssl=1\"><img data-recalc-dims=\"1\" loading=\"lazy\" decoding=\"async\" class=\"size-medium wp-image-65298\" src=\"https:\/\/i0.wp.com\/www.manquepierda.com\/historiarealbetis\/files\/2012\/10\/Boxeo-Betis-Benfica-1962-NMP-Sevilla-18-12-1962.jpg?resize=680%2C391&#038;ssl=1\" alt=\"\" width=\"680\" height=\"391\" srcset=\"https:\/\/i0.wp.com\/www.manquepierda.com\/historiarealbetis\/files\/2012\/10\/Boxeo-Betis-Benfica-1962-NMP-Sevilla-18-12-1962.jpg?resize=680%2C391&amp;ssl=1 680w, https:\/\/i0.wp.com\/www.manquepierda.com\/historiarealbetis\/files\/2012\/10\/Boxeo-Betis-Benfica-1962-NMP-Sevilla-18-12-1962.jpg?resize=220%2C126&amp;ssl=1 220w, https:\/\/i0.wp.com\/www.manquepierda.com\/historiarealbetis\/files\/2012\/10\/Boxeo-Betis-Benfica-1962-NMP-Sevilla-18-12-1962.jpg?resize=768%2C441&amp;ssl=1 768w, https:\/\/i0.wp.com\/www.manquepierda.com\/historiarealbetis\/files\/2012\/10\/Boxeo-Betis-Benfica-1962-NMP-Sevilla-18-12-1962.jpg?resize=960%2C552&amp;ssl=1 960w, https:\/\/i0.wp.com\/www.manquepierda.com\/historiarealbetis\/files\/2012\/10\/Boxeo-Betis-Benfica-1962-NMP-Sevilla-18-12-1962.jpg?w=1042&amp;ssl=1 1042w\" sizes=\"auto, (max-width: 680px) 100vw, 680px\" \/><\/a><figcaption id=\"caption-attachment-65298\" class=\"wp-caption-text\">El equipo de boxeo del Betis: Hidalgo, Romanco, Aznar, Alvarez y Carvajal<\/figcaption><\/figure>\n<p style=\"text-align: center\">El 16 de diciembre de 1962 se celebr\u00f3 en el trianero cine Evangelista una velada de boxeo, auspiciada por la Federaci\u00f3n Andaluza de Boxeo, y en la que se enfrentaron los p\u00fagiles del Real Betis Balompi\u00e9 con los del Sport Lisboa e Benfica<\/p>\n<p style=\"text-align: center\">Esta es la cr\u00f3nica que el diario Sevilla reflej\u00f3 el 18 de diciembre de la velada:<\/p>\n<p style=\"text-align: center\">\u00bb <em>El Cine Evangelista registr\u00f3 una crecida entrada. Ello demuestra que existen grandes posibilidades de montar reuniones de mayor categor\u00eda e incluir en ellas combates de profesionales. Los pugilistas b\u00e9ticos tuvieron lucida actuaci\u00f3n frente a los lusitanos.<\/em><\/p>\n<p style=\"text-align: center\"><em>En el primer \u00abmatch\u00bb internacional el portugu\u00e9s Antunes caz\u00f3 con un fuerte de izquierda en el ment\u00f3n al b\u00e9tico Alvarez, tumb\u00e1ndole por la cuenta reglamentaria. Este fue el \u00fanico K.O. registrado en el programa.<\/em><\/p>\n<p style=\"text-align: center\"><em>El onubense Aznar, sustituto de Yanklo I y campe\u00f3n andaluz de los mediano ligeros, se enfrent\u00f3 seguidamente al lusitano Nu\u00f1es. Durante el primer \u00abround\u00bb qued\u00f3 patentizada la superioridad del portugu\u00e9s. En el segundo asalto fue amonestado por golpear en la nuca. Cuando ten\u00eda \u00abgroggy\u00bb a Aznar volvi\u00f3 a repetir el golpe prohibido, por lo que fue descalificado.<\/em><\/p>\n<p style=\"text-align: center\"><em>Romanco hizo una buena pelea frente a Tavares. Durante los dos primeros asaltos acumul\u00f3 puntos suficientes para lograr la victoria, que justamente le ser\u00eda concedida al final del \u00faltimo \u00abround\u00bb, en el que la reacci\u00f3n del portugu\u00e9s estuvo a punto de permitirle el resultado de nulo.<\/em><\/p>\n<p style=\"text-align: center\"><em>Hidalgo sustituy\u00f3 a Yanklo II en el combate de semifondo. Peleador poco experimentado para Martinheira. Este, con muchas horas de \u00abring\u00bb, exhibi\u00f3 una superioridad aplastante. En el segundo asalto, tras haber sido derribado Hidalgo por la cuenta de ocho, su cuidador lanz\u00f3 la toalla, acertadamente, para evitar el duro castigo de su p\u00fagil.<\/em><\/p>\n<p style=\"text-align: center\"><em>Carvajal, aqu\u00ed hay madera de gran boxeador, hizo una brillante pelea ante el portugu\u00e9s Costa. L\u00e1stima que el muchacho no posea mayor \u00abpunch\u00bb. La fina esgrima, adobada con desplantes a lo Galiana, del sevillano entusiasm\u00f3 a los boxeadores, Carvajal pega con extraordinaria soltura, y Costa recibi\u00f3 un duro castigo. La victoria de Carvajal, por ampl\u00edsimo margen de puntos, fue acogida con verdadero j\u00fabilo por los espectadores.<\/em><\/p>\n<p style=\"text-align: center\"><em>Fue una l\u00e1stima que la ausencia de los Yanklo, ambos con pulmon\u00eda, impidiera al Betis presentar un m\u00e1s potente equipo. La reuni\u00f3n ha servido para demostrar que existe afici\u00f3n al boxeo en Sevilla y que el p\u00fablico seguir\u00e1 acudiendo siempre que le ofrezcan programaciones intersantes, como la del domingo.\u00bb<\/em><\/p>\n<p style=\"text-align: center\">\n","protected":false},"excerpt":{"rendered":"<p>El 16 de diciembre de 1962 se celebr\u00f3 en el trianero cine Evangelista una velada de boxeo, auspiciada por la Federaci\u00f3n Andaluza de Boxeo, y en la que se enfrentaron los p\u00fagiles del Real Betis Balompi\u00e9 con los del Sport Lisboa e Benfica Esta es la cr\u00f3nica que el diario Sevilla reflej\u00f3 el 18 de&#8230;<\/p>\n","protected":false},"author":5,"featured_media":65298,"comment_status":"open","ping_status":"open","sticky":false,"template":"","format":"standard","meta":{"_kad_post_transparent":"","_kad_post_title":"","_kad_post_layout":"","_kad_post_sidebar_id":"","_kad_post_content_style":"","_kad_post_vertical_padding":"","_kad_post_feature":"","_kad_post_feature_position":"","_kad_post_header":false,"_kad_post_footer":false,"_kad_post_classname":"","_jetpack_memberships_contains_paid_content":false,"footnotes":"","jetpack_publicize_message":"","jetpack_publicize_feature_enabled":true,"jetpack_social_post_already_shared":false,"jetpack_social_options":{"image_generator_settings":{"template":"highway","default_image_id":0,"font":"","enabled":false},"version":2}},"categories":[902,1],"tags":[5369,6312,4229,4168],"class_list":["post-22980","post","type-post","status-publish","format-standard","has-post-thumbnail","hentry","category-1960-1969","category-portada","tag-5369","tag-boxeo","tag-secciones-deportivas-real-betis","tag-sport-lisboa-e-benfica"],"jetpack_publicize_connections":[],"jetpack_featured_media_url":"https:\/\/i0.wp.com\/www.manquepierda.com\/historiarealbetis\/files\/2012\/10\/Boxeo-Betis-Benfica-1962-NMP-Sevilla-18-12-1962.jpg?fit=1042%2C599&ssl=1","jetpack_sharing_enabled":true,"jetpack_shortlink":"https:\/\/wp.me\/p1ij08-5YE","jetpack-related-posts":[],"_links":{"self":[{"href":"https:\/\/www.manquepierda.com\/historiarealbetis\/wp-json\/wp\/v2\/posts\/22980","targetHints":{"allow":["GET"]}}],"collection":[{"href":"https:\/\/www.manquepierda.com\/historiarealbetis\/wp-json\/wp\/v2\/posts"}],"about":[{"href":"https:\/\/www.manquepierda.com\/historiarealbetis\/wp-json\/wp\/v2\/types\/post"}],"author":[{"embeddable":true,"href":"https:\/\/www.manquepierda.com\/historiarealbetis\/wp-json\/wp\/v2\/users\/5"}],"replies":[{"embeddable":true,"href":"https:\/\/www.manquepierda.com\/historiarealbetis\/wp-json\/wp\/v2\/comments?post=22980"}],"version-history":[{"count":1,"href":"https:\/\/www.manquepierda.com\/historiarealbetis\/wp-json\/wp\/v2\/posts\/22980\/revisions"}],"predecessor-version":[{"id":98185,"href":"https:\/\/www.manquepierda.com\/historiarealbetis\/wp-json\/wp\/v2\/posts\/22980\/revisions\/98185"}],"wp:featuredmedia":[{"embeddable":true,"href":"https:\/\/www.manquepierda.com\/historiarealbetis\/wp-json\/wp\/v2\/media\/65298"}],"wp:attachment":[{"href":"https:\/\/www.manquepierda.com\/historiarealbetis\/wp-json\/wp\/v2\/media?parent=22980"}],"wp:term":[{"taxonomy":"category","embeddable":true,"href":"https:\/\/www.manquepierda.com\/historiarealbetis\/wp-json\/wp\/v2\/categories?post=22980"},{"taxonomy":"post_tag","embeddable":true,"href":"https:\/\/www.manquepierda.com\/historiarealbetis\/wp-json\/wp\/v2\/tags?post=22980"}],"curies":[{"name":"wp","href":"https:\/\/api.w.org\/{rel}","templated":true}]}}