{"id":23047,"date":"2012-10-31T13:33:25","date_gmt":"2012-10-31T12:33:25","guid":{"rendered":"http:\/\/www.manquepierda.com\/historiarealbetis\/?p=23047"},"modified":"2024-08-08T20:48:37","modified_gmt":"2024-08-08T18:48:37","slug":"1948-octubre-31-3d6g-real-betis-balompie-2-rc-recreativo-huelva-2","status":"publish","type":"post","link":"https:\/\/www.manquepierda.com\/historiarealbetis\/1948-octubre-31-3d6g-real-betis-balompie-2-rc-recreativo-huelva-2\/","title":{"rendered":"1948-Octubre 31-3D6G: Real Betis Balompi\u00e9-2 RC Recreativo Huelva-2.-67Aniversario."},"content":{"rendered":"<p><a href=\"https:\/\/i0.wp.com\/www.manquepierda.com\/historiarealbetis\/files\/2012\/10\/1941-RBB46.jpg?ssl=1\"><img data-recalc-dims=\"1\" loading=\"lazy\" decoding=\"async\" class=\"alignleft size-full wp-image-23048\" src=\"https:\/\/i0.wp.com\/www.manquepierda.com\/historiarealbetis\/files\/2012\/10\/1941-RBB46.jpg?resize=154%2C154&#038;ssl=1\" alt=\"\" width=\"154\" height=\"154\" srcset=\"https:\/\/i0.wp.com\/www.manquepierda.com\/historiarealbetis\/files\/2012\/10\/1941-RBB46.jpg?w=154&amp;ssl=1 154w, https:\/\/i0.wp.com\/www.manquepierda.com\/historiarealbetis\/files\/2012\/10\/1941-RBB46.jpg?resize=150%2C150&amp;ssl=1 150w, https:\/\/i0.wp.com\/www.manquepierda.com\/historiarealbetis\/files\/2012\/10\/1941-RBB46.jpg?resize=50%2C50&amp;ssl=1 50w\" sizes=\"auto, (max-width: 154px) 100vw, 154px\" \/><\/a>1948-Octubre 31.-Domingo en Sevilla-Estadio Municipal de HELI\u00d3POLIS-Buena entrada:\u00a0 08\u00aa Jornada Liga Tercera Divisi\u00f3n-Grupo VI.-Temporada 1948-1949.<\/p>\n<p>Arbitr\u00f3 Polo, del Centro.<\/p>\n<p>Anul\u00f3 un gol legal al b\u00e9tico Pinillas (seg\u00fan versi\u00f3n de un juez de l\u00ednea: fuera de juego),\u00a0 y no concedi\u00f3 un penalti clar\u00edsimo.<\/p>\n<p style=\"text-align: center\">Aline\u00f3 \u00e1:<\/p>\n<p style=\"text-align: center\">REAL BETIS BALOMPI\u00c9-2 GOLES.<\/p>\n<p style=\"text-align: center\">MARC\u00d3:<\/p>\n<p style=\"text-align: center\"><a href=\"https:\/\/www.manquepierda.com\/historiarealbetis\/23047-1948-octubre-31-3d6g-real-betis-balompie-2-rc-recreativo-huelva-2\/maximobenitovelasco-11\/\" rel=\"attachment wp-att-44306\"><img data-recalc-dims=\"1\" loading=\"lazy\" decoding=\"async\" class=\"aligncenter size-thumbnail wp-image-44306\" src=\"https:\/\/i0.wp.com\/www.manquepierda.com\/historiarealbetis\/files\/2012\/10\/M%C3%A1ximoBenitoVelasco.jpg?resize=161%2C220&#038;ssl=1\" alt=\"M\u00e1ximoBenitoVelasco\" width=\"161\" height=\"220\" srcset=\"https:\/\/i0.wp.com\/www.manquepierda.com\/historiarealbetis\/files\/2012\/10\/M%C3%A1ximoBenitoVelasco.jpg?resize=161%2C220&amp;ssl=1 161w, https:\/\/i0.wp.com\/www.manquepierda.com\/historiarealbetis\/files\/2012\/10\/M%C3%A1ximoBenitoVelasco.jpg?w=400&amp;ssl=1 400w\" sizes=\"auto, (max-width: 161px) 100vw, 161px\" \/><\/a>M\u00c1XIMO:\u00a0 1-2 y el 2-2 antes de los 65 minutos de juego.<\/p>\n<p>Joaqu\u00edn CALLER Lombera (31 A\u00f1os).-Guardameta.<\/p>\n<p>FAUSTO Vals Valencia (23 A\u00f1os.-Lateral Diestro), PULIDO-Jos\u00e9 Garc\u00eda Pulido (26 A\u00f1os.-Central),\u00a0 M\u00c1XIMO Benito Velasco (28 A\u00f1os.-Lateral Zurdo).-Zagueros.<\/p>\n<p>Antonio ARRAZOLA Zueco (28 A\u00f1os.-Diestro),\u00a0 Guillermo COLL Munar (29 A\u00f1os.-Zurdo).-Medios.<\/p>\n<p>PINILLAS (Extremo Diestro),\u00a0 PAQUIRRINI-Francisco Gil Gamero (34 A\u00f1os.-Interior Diestro),\u00a0 Jos\u00e9 CABRERA Baz\u00e1n (20 A\u00f1os.-Ariete),\u00a0 BOR\u00cdN-Salvador Hern\u00e1ndez Sargu\u00e9s (29 A\u00f1os.-Interior Zurdo),\u00a0 ERASMO Fern\u00e1ndez Marcos (27 A\u00f1os.-Extremo Zurdo).-Delanteros.<\/p>\n<p>PERAL-Jos\u00e9 Su\u00e1rez Gonz\u00e1lez (37 A\u00f1os).-Entrenador.<\/p>\n<p>Don Filomeno DE ASPE Mart\u00ednez (38 A\u00f1os.-Industrial: \u00abNaviera Comercial Aspe\u00bb).-34\u00ba Presidente REAL BETIS BALOMPI\u00c9.<\/p>\n<p><a href=\"https:\/\/i0.wp.com\/www.manquepierda.com\/historiarealbetis\/files\/2012\/10\/images9.jpeg?ssl=1\"><img data-recalc-dims=\"1\" loading=\"lazy\" decoding=\"async\" class=\"alignleft size-full wp-image-23049\" src=\"https:\/\/i0.wp.com\/www.manquepierda.com\/historiarealbetis\/files\/2012\/10\/images9.jpeg?resize=115%2C115&#038;ssl=1\" alt=\"\" width=\"115\" height=\"115\" srcset=\"https:\/\/i0.wp.com\/www.manquepierda.com\/historiarealbetis\/files\/2012\/10\/images9.jpeg?w=115&amp;ssl=1 115w, https:\/\/i0.wp.com\/www.manquepierda.com\/historiarealbetis\/files\/2012\/10\/images9.jpeg?resize=50%2C50&amp;ssl=1 50w\" sizes=\"auto, (max-width: 115px) 100vw, 115px\" \/><\/a>VS.<\/p>\n<p>REAL CLUB RECREATIVO DE HUELVA-2 TANTOS (0-1, primer tiempo: SANABRIA;\u00a0 0-2: DOM\u00cdNGUEZ).<\/p>\n<p>Jos\u00e9 SALINAS Temprano (Portero).-MARIO-GARC\u00cdA MORA-CABELLO (Defensas).-LEBR\u00d3N-CARRE\u00d1O (Medios).-RODR\u00cdGUEZ-PEPILLO-DOM\u00cdNGUEZ-ZUPPO-SANABRIA (Delanteros).<\/p>\n<p>Entrenador,\u00a0 Andr\u00e9s ARANDA Guti\u00e9rrez (43 A\u00f1os).<\/p>\n<p>Presidente,\u00a0 don Jer\u00f3nimo Rodi Garc\u00eda-Soria.<\/p>\n<p>RESULTADOS DE LA OCTAVA JORNADA LIGA DE TERCERA DIVISI\u00d3N-GRUPO SEXTO TEMPORADA 1948-1949.-CLASIFICACI\u00d3N GENERAL POR EQUIPOS.<\/p>\n<p>Ceuta-3 vs. Melilla-1.<\/p>\n<p>Ja\u00e9n-1 vs. Electromec\u00e1nicas C\u00f3rdoba-2.<\/p>\n<p>Larache-2 vs. Espa\u00f1a T\u00e1nger-2.<\/p>\n<p>Linense-7 vs. Iliturgi-2.<\/p>\n<p>C\u00e1diz-5 vs. Algeciras-1.<\/p>\n<p>REAL BETIS BALOMPI\u00c9-2 vs. Recreativo Huelva-2.<\/p>\n<p>C\u00f3rdoba-3 vs. Atl\u00e9tico Tetu\u00e1n-1.<\/p>\n<p>01\u00ba.-Real Balomp\u00e9dica Linense-12 Puntos.-6g-0e-2p.-24-12 Goles Favor-Contra.<\/p>\n<p>02\u00ba.-C\u00e1diz Club de F\u00fatbol-11 Puntos.-5g-1e-2p.-19-12 Tantos Favor-Contra.<\/p>\n<p>03\u00ba.-Real Club Recreativo de Huelva-11 Puntos.-5g-1e-2p.-16-14 Goles F-C.<\/p>\n<p>04\u00ba.-Real Club Deportivo C\u00f3rdoba-10 Puntos.-4g-2e-2p.-21-09 Tantos F-C.<\/p>\n<p>05\u00ba.-Club Atl\u00e9tico de Tetu\u00e1n-10 Puntos.-5g-0e-3p.-18-18 Goles F-C.<\/p>\n<p>06\u00ba.-Uni\u00f3n Deportiva Espa\u00f1a de T\u00e1nger-10 Puntos.-4g-2e-2p.-21-18 Tantos F-C.<\/p>\n<p>07\u00ba.-Sociedad Deportiva Ceuta-08 Puntos.-4g-0e-4p.-18-19 Goles F-C.<\/p>\n<p>08\u00ba.-Club Deportivo Iliturgi-08 Puntos.-4g-0e-4p.-22-26 Tantos F-C.<\/p>\n<p>09\u00ba.-Sociedad Deportiva Electromec\u00e1nicas de C\u00f3rdoba-07 Puntos.-3g-1e-4p.-15-16 Goles F-C.<\/p>\n<p><strong>10\u00ba.-REAL BETIS BALOMPI\u00c9-07 PUNTOS.-2-GANADOS,\u00a0 3-EMPATADOS,\u00a0 3-PERDIDOS.-09 GOLES A FAVOR\u00a0 Y\u00a0 10-TANTOS EN CONTRA.<\/strong><\/p>\n<p>11\u00ba.-Real Ja\u00e9n Club de F\u00fatbol-06 Puntos.-3g-0e-5p.-16-17 Tantos F-C.<\/p>\n<p>12\u00ba.-Algeciras Club de F\u00fatbol-06 Puntos.-3g-0e-5p.-18-29 Goles F-C.<\/p>\n<p>13\u00ba.-Uni\u00f3n Deportiva Melilla-05 Puntos.-1g-3e-4p.-10-16 Tantos F-C.<\/p>\n<p>14\u00ba.-Larache Club de F\u00fatbol-01 Punto.-0g-1e-7p.-09-25 Goles Favor-\u00c7ontra.<\/p>\n","protected":false},"excerpt":{"rendered":"<p>1948-Octubre 31.-Domingo en Sevilla-Estadio Municipal de HELI\u00d3POLIS-Buena entrada:\u00a0 08\u00aa Jornada Liga Tercera Divisi\u00f3n-Grupo VI.-Temporada 1948-1949. Arbitr\u00f3 Polo, del Centro. Anul\u00f3 un gol legal al b\u00e9tico Pinillas (seg\u00fan versi\u00f3n de un juez de l\u00ednea: fuera de juego),\u00a0 y no concedi\u00f3 un penalti clar\u00edsimo. Aline\u00f3 \u00e1: REAL BETIS BALOMPI\u00c9-2 GOLES. MARC\u00d3: M\u00c1XIMO:\u00a0 1-2 y el 2-2 antes&#8230;<\/p>\n","protected":false},"author":48,"featured_media":23048,"comment_status":"open","ping_status":"open","sticky":false,"template":"","format":"standard","meta":{"_kad_post_transparent":"","_kad_post_title":"","_kad_post_layout":"","_kad_post_sidebar_id":"","_kad_post_content_style":"","_kad_post_vertical_padding":"","_kad_post_feature":"","_kad_post_feature_position":"","_kad_post_header":false,"_kad_post_footer":false,"_kad_post_classname":"","_jetpack_memberships_contains_paid_content":false,"footnotes":"","jetpack_publicize_message":"","jetpack_publicize_feature_enabled":true,"jetpack_social_post_already_shared":false,"jetpack_social_options":{"image_generator_settings":{"template":"highway","default_image_id":0,"font":"","enabled":false},"version":2}},"categories":[900,1],"tags":[995,2535,17782,2038],"class_list":["post-23047","post","type-post","status-publish","format-standard","has-post-thumbnail","hentry","category-1940-1949","category-portada","tag-995","tag-1948-49","tag-liga-tercera-1948-49","tag-real-club-recreativo-de-huelva"],"jetpack_publicize_connections":[],"jetpack_featured_media_url":"https:\/\/i0.wp.com\/www.manquepierda.com\/historiarealbetis\/files\/2012\/10\/1941-RBB46.jpg?fit=154%2C154&ssl=1","jetpack_sharing_enabled":true,"jetpack_shortlink":"https:\/\/wp.me\/p1ij08-5ZJ","jetpack-related-posts":[],"_links":{"self":[{"href":"https:\/\/www.manquepierda.com\/historiarealbetis\/wp-json\/wp\/v2\/posts\/23047","targetHints":{"allow":["GET"]}}],"collection":[{"href":"https:\/\/www.manquepierda.com\/historiarealbetis\/wp-json\/wp\/v2\/posts"}],"about":[{"href":"https:\/\/www.manquepierda.com\/historiarealbetis\/wp-json\/wp\/v2\/types\/post"}],"author":[{"embeddable":true,"href":"https:\/\/www.manquepierda.com\/historiarealbetis\/wp-json\/wp\/v2\/users\/48"}],"replies":[{"embeddable":true,"href":"https:\/\/www.manquepierda.com\/historiarealbetis\/wp-json\/wp\/v2\/comments?post=23047"}],"version-history":[{"count":1,"href":"https:\/\/www.manquepierda.com\/historiarealbetis\/wp-json\/wp\/v2\/posts\/23047\/revisions"}],"predecessor-version":[{"id":93341,"href":"https:\/\/www.manquepierda.com\/historiarealbetis\/wp-json\/wp\/v2\/posts\/23047\/revisions\/93341"}],"wp:featuredmedia":[{"embeddable":true,"href":"https:\/\/www.manquepierda.com\/historiarealbetis\/wp-json\/wp\/v2\/media\/23048"}],"wp:attachment":[{"href":"https:\/\/www.manquepierda.com\/historiarealbetis\/wp-json\/wp\/v2\/media?parent=23047"}],"wp:term":[{"taxonomy":"category","embeddable":true,"href":"https:\/\/www.manquepierda.com\/historiarealbetis\/wp-json\/wp\/v2\/categories?post=23047"},{"taxonomy":"post_tag","embeddable":true,"href":"https:\/\/www.manquepierda.com\/historiarealbetis\/wp-json\/wp\/v2\/tags?post=23047"}],"curies":[{"name":"wp","href":"https:\/\/api.w.org\/{rel}","templated":true}]}}