{"id":23156,"date":"2012-11-03T18:02:44","date_gmt":"2012-11-03T17:02:44","guid":{"rendered":"http:\/\/www.manquepierda.com\/historiarealbetis\/?p=23156"},"modified":"2024-08-22T12:13:42","modified_gmt":"2024-08-22T10:13:42","slug":"1947-noviembre-02-3d6g-real-betis-balompie-3-vs-cd-manchego-0","status":"publish","type":"post","link":"https:\/\/www.manquepierda.com\/historiarealbetis\/1947-noviembre-02-3d6g-real-betis-balompie-3-vs-cd-manchego-0\/","title":{"rendered":"1947-Noviembre 02-Tercera Divisi\u00f3n-Grupo VI.-Real Betis Balompi\u00e9-3 vs. CD Manchego-0."},"content":{"rendered":"<p><a href=\"https:\/\/i0.wp.com\/www.manquepierda.com\/historiarealbetis\/files\/2012\/11\/1941-RBB4.jpg?ssl=1\"><img data-recalc-dims=\"1\" loading=\"lazy\" decoding=\"async\" class=\"alignleft size-full wp-image-23157\" src=\"https:\/\/i0.wp.com\/www.manquepierda.com\/historiarealbetis\/files\/2012\/11\/1941-RBB4.jpg?resize=154%2C154&#038;ssl=1\" alt=\"\" width=\"154\" height=\"154\" srcset=\"https:\/\/i0.wp.com\/www.manquepierda.com\/historiarealbetis\/files\/2012\/11\/1941-RBB4.jpg?w=154&amp;ssl=1 154w, https:\/\/i0.wp.com\/www.manquepierda.com\/historiarealbetis\/files\/2012\/11\/1941-RBB4.jpg?resize=150%2C150&amp;ssl=1 150w, https:\/\/i0.wp.com\/www.manquepierda.com\/historiarealbetis\/files\/2012\/11\/1941-RBB4.jpg?resize=50%2C50&amp;ssl=1 50w\" sizes=\"auto, (max-width: 154px) 100vw, 154px\" \/><\/a>1947-Noviembre 02.-Domingo en Sevilla-Estadio Municipal de HELI\u00d3POLIS: 06\u00aa Jornada Liga Tercera Divisi\u00f3n-Grupo VI-Temporada 1947-1948.<\/p>\n<p>Arbitr\u00f3 D\u00edaz, del Colegio Sur.<\/p>\n<p>Aline\u00f3 \u00e1:<\/p>\n<p>REAL BETIS BALOMPI\u00c9-3 GOLES.<\/p>\n<p style=\"text-align: center\">MARCARON:<\/p>\n<p style=\"text-align: left\">2-PE\u00d1A:\u00a0 1-0, de penalti cometido por Mena sobre BOR\u00cdN, primer tiempo; 2-0,\u00a0 tras el descanso reglamentario,\u00a0 magn\u00edfica jugada iniciada por COLL-CABRERA y ch\u00fa archisuperior del extremo derecho verdiblanco).<\/p>\n<p style=\"text-align: left\">1-Mart\u00edn BALLESTER:\u00a0 3-0, de volea tras pase de BOR\u00cdN.<\/p>\n<p style=\"text-align: left\">Joaqu\u00edn CALLER Lombera (30 A\u00f1os).-Guardameta.<\/p>\n<p style=\"text-align: left\">Manuel CALA Valiente (29 A\u00f1os.-Lateral Diestro),\u00a0 PULIDO-Jos\u00e9 Garc\u00eda Pulido (25 A\u00f1os.-Lateral Zurdo).-Zagueros.<\/p>\n<p style=\"text-align: left\">M\u00c1XIMO Benito Velasco (27 A\u00f1os.-Diestro),\u00a0 MAR\u00cdN (Centro),\u00a0 Guillermo COLL Munar (28 A\u00f1os.-Zurdo).-Medios.<\/p>\n<p style=\"text-align: left\">Antonio PE\u00d1A Romero (24 A\u00f1os.-Extremo Diestro),\u00a0 BOR\u00cdN-Salvador Hern\u00e1ndez Sargu\u00e9s (28 A\u00f1os.-Interior Diestro),\u00a0 Juan Mart\u00edn BALLESTER (Ariete),\u00a0 Jos\u00e9 CABRERA Baz\u00e1n (19 A\u00f1os.-Interior Zurdo),\u00a0 ERASMO Fern\u00e1ndez Marcos (26 A\u00f1os.-Extremo Zurdo).-Delanteros.<\/p>\n<p style=\"text-align: left\">Jos\u00e9 QUIRANTE Pineda (64 A\u00f1os).-Entrenador.<\/p>\n<p style=\"text-align: left\">Don Filomeno DE ASPE Mart\u00ednez (37 A\u00f1os.-Agente de Aduanas-Consignatario de Buques.-Naviera Comercial Aspe Sociedad An\u00f3nima sita en Ciudad del Betis:\u00a0 calle Santo Tom\u00e1s N\u00ba 17.-Tel\u00e9fonos: 25466-27516-25889).-34\u00ba Presidente REAL BETIS BALOMPI\u00c9.<\/p>\n<p style=\"text-align: left\"><a href=\"https:\/\/i0.wp.com\/www.manquepierda.com\/historiarealbetis\/files\/2012\/11\/ciu_Manchego_CD2.gif?ssl=1\"><img data-recalc-dims=\"1\" loading=\"lazy\" decoding=\"async\" class=\"alignleft size-medium wp-image-23159\" src=\"https:\/\/i0.wp.com\/www.manquepierda.com\/historiarealbetis\/files\/2012\/11\/ciu_Manchego_CD2.gif?resize=210%2C300&#038;ssl=1\" alt=\"\" width=\"210\" height=\"300\" srcset=\"https:\/\/i0.wp.com\/www.manquepierda.com\/historiarealbetis\/files\/2012\/11\/ciu_Manchego_CD2.gif?resize=210%2C300&amp;ssl=1 210w, https:\/\/i0.wp.com\/www.manquepierda.com\/historiarealbetis\/files\/2012\/11\/ciu_Manchego_CD2.gif?w=281&amp;ssl=1 281w\" sizes=\"auto, (max-width: 210px) 100vw, 210px\" \/><\/a>VS.<\/p>\n<p style=\"text-align: left\">CLUB DEPORTIVO MANCHEGO de Ciudad Real-0 Tantos.<\/p>\n<p style=\"text-align: left\">JANINI.-Portero.<\/p>\n<p style=\"text-align: left\">CLAVIJO-MENA.-Defensas.<\/p>\n<p style=\"text-align: left\">MARCHENA-SOLANA-POBLETE.-Medios.<\/p>\n<p style=\"text-align: left\">BEDMAR-DOM\u00cdNGUEZ-D\u00cdAZ-H\u00c9RIZ (Jos\u00e9 Ruiz Valenzuela.-23 A\u00f1os)-TORIBIO.-Delanteros.<\/p>\n<p style=\"text-align: left\">RESULTADOS DE LA SEXTA JORNADA LIGA TERCERA DIVISI\u00d3N-GRUPO VI-TEMPORADA 1947-1948.-CLASIFICACI\u00d3N GENERAL POR EQUIPOS.<\/p>\n<p style=\"text-align: left\">Tomelloso-5 vs. Talavera-1.<\/p>\n<p style=\"text-align: left\">Salamanca-6 vs. Cacere\u00f1o-1.<\/p>\n<p style=\"text-align: left\">Segoviana-7 vs. Ferroviaria-2.<\/p>\n<p style=\"text-align: left\">Toledo-6 vs. \u00c1vila-2.<\/p>\n<p style=\"text-align: left\">BETIS BALOMPI\u00c9-3 vs. CD Manchego-0.<\/p>\n<p style=\"text-align: left\">Plus Ultra-5 vs. Chamber\u00ed-0.<\/p>\n<p style=\"text-align: left\">Badajoz-8 vs. Alc\u00e1zar-1.<\/p>\n<p style=\"text-align: left\">01\u00ba.-Uni\u00f3n Deportiva Salamanca-11 Puntos.-5g-1e-1p.-19-01 Goles Favor-Contra.<\/p>\n<p style=\"text-align: left\">02\u00ba.-Club Deportivo Toledo-09 Puntos.-4g-1e-1p.-16-09 Tantos Favor-Contra.<\/p>\n<p style=\"text-align: left\">03\u00ba.-Club Deportivo Cacere\u00f1o-09 Puntos.-4g-1e-1p.-17-13 Goles F-C.<\/p>\n<p style=\"text-align: left\"><strong>04\u00ba.-REAL BETIS BALOMPI\u00c9-08 PUNTOS.-4-GANADOS,\u00a0 0-EMPATADO,\u00a0 2-PERDIDOS.-12-GOLES A FAVOR\u00a0 Y\u00a0 07-TANTOS EN CONTRA.<\/strong><\/p>\n<p style=\"text-align: left\">05\u00ba.-Club Deportivo Badajoz-07 Puntos.-3g-1e-2p.-19-11 Tantos F-C.<\/p>\n<p style=\"text-align: left\">06\u00ba.-\u00c1vila Club de F\u00fatbol-06 Puntos.-3g-0e-3p.-17-15 Goles F-C.<\/p>\n<p style=\"text-align: left\">07\u00ba.-Tomelloso Club de F\u00fatbol-06 Puntos.-3g-0e-3p.-16-15 Tantos F-C.<\/p>\n<p style=\"text-align: left\">08\u00ba.-Club Deportivo Talavera-06 Puntos.-3g-0e-3p.-13-16 Goles F-C.<\/p>\n<p style=\"text-align: left\">09\u00ba.-Club de F\u00fatbol Gimn\u00e1stico Alc\u00e1zar de San Juan (Ciudad Real)-06 Puntos.-3g-0e-3p.-10-18 Tantos F-C.<\/p>\n<p style=\"text-align: left\">10\u00ba.-Agrupaci\u00f3n Deportiva Plus Ultra (Madrid)-05 Puntos.-2g-1e-3p.-15-10 Goles F-C.<\/p>\n<p style=\"text-align: left\">11\u00ba.-Sociedad Deportiva Gimn\u00e1stica Segoviana-05 Puntos.-2g-1e-3p.-17-15 Tantos F-C.<\/p>\n<p style=\"text-align: left\">12\u00ba.-Agrupaci\u00f3n Recreativa Chamber\u00ed (Madrid)-05 Puntos.-2g-1e-3p.-06-16 Goles F-C.<\/p>\n<p style=\"text-align: left\">13\u00ba.-Agrupaci\u00f3n Deportiva Ferroviaria (Madrid)-1 Punto.-0g-1e-5p.-07-23 Tantos F-C.<\/p>\n<p style=\"text-align: left\">14\u00ba.-Club Deportivo Manchego (Ciudad Real)-0 Puntos.-0g-0e-6p.-06-18 Goles Favor-Contra.<\/p>\n","protected":false},"excerpt":{"rendered":"<p>1947-Noviembre 02.-Domingo en Sevilla-Estadio Municipal de HELI\u00d3POLIS: 06\u00aa Jornada Liga Tercera Divisi\u00f3n-Grupo VI-Temporada 1947-1948. Arbitr\u00f3 D\u00edaz, del Colegio Sur. Aline\u00f3 \u00e1: REAL BETIS BALOMPI\u00c9-3 GOLES. MARCARON: 2-PE\u00d1A:\u00a0 1-0, de penalti cometido por Mena sobre BOR\u00cdN, primer tiempo; 2-0,\u00a0 tras el descanso reglamentario,\u00a0 magn\u00edfica jugada iniciada por COLL-CABRERA y ch\u00fa archisuperior del extremo derecho verdiblanco). 1-Mart\u00edn&#8230;<\/p>\n","protected":false},"author":48,"featured_media":23157,"comment_status":"open","ping_status":"open","sticky":false,"template":"","format":"standard","meta":{"_kad_post_transparent":"","_kad_post_title":"","_kad_post_layout":"","_kad_post_sidebar_id":"","_kad_post_content_style":"","_kad_post_vertical_padding":"","_kad_post_feature":"","_kad_post_feature_position":"","_kad_post_header":false,"_kad_post_footer":false,"_kad_post_classname":"","_jetpack_memberships_contains_paid_content":false,"footnotes":"","jetpack_publicize_message":"","jetpack_publicize_feature_enabled":true,"jetpack_social_post_already_shared":false,"jetpack_social_options":{"image_generator_settings":{"template":"highway","default_image_id":0,"font":"","enabled":false},"version":2}},"categories":[900,1],"tags":[52,10150,16477,17781],"class_list":["post-23156","post","type-post","status-publish","format-standard","has-post-thumbnail","hentry","category-1940-1949","category-portada","tag-52","tag-1947-48","tag-cd-manchego","tag-liga-tercera-1947-48"],"jetpack_publicize_connections":[],"jetpack_featured_media_url":"https:\/\/i0.wp.com\/www.manquepierda.com\/historiarealbetis\/files\/2012\/11\/1941-RBB4.jpg?fit=154%2C154&ssl=1","jetpack_sharing_enabled":true,"jetpack_shortlink":"https:\/\/wp.me\/p1ij08-61u","jetpack-related-posts":[],"_links":{"self":[{"href":"https:\/\/www.manquepierda.com\/historiarealbetis\/wp-json\/wp\/v2\/posts\/23156","targetHints":{"allow":["GET"]}}],"collection":[{"href":"https:\/\/www.manquepierda.com\/historiarealbetis\/wp-json\/wp\/v2\/posts"}],"about":[{"href":"https:\/\/www.manquepierda.com\/historiarealbetis\/wp-json\/wp\/v2\/types\/post"}],"author":[{"embeddable":true,"href":"https:\/\/www.manquepierda.com\/historiarealbetis\/wp-json\/wp\/v2\/users\/48"}],"replies":[{"embeddable":true,"href":"https:\/\/www.manquepierda.com\/historiarealbetis\/wp-json\/wp\/v2\/comments?post=23156"}],"version-history":[{"count":1,"href":"https:\/\/www.manquepierda.com\/historiarealbetis\/wp-json\/wp\/v2\/posts\/23156\/revisions"}],"predecessor-version":[{"id":97545,"href":"https:\/\/www.manquepierda.com\/historiarealbetis\/wp-json\/wp\/v2\/posts\/23156\/revisions\/97545"}],"wp:featuredmedia":[{"embeddable":true,"href":"https:\/\/www.manquepierda.com\/historiarealbetis\/wp-json\/wp\/v2\/media\/23157"}],"wp:attachment":[{"href":"https:\/\/www.manquepierda.com\/historiarealbetis\/wp-json\/wp\/v2\/media?parent=23156"}],"wp:term":[{"taxonomy":"category","embeddable":true,"href":"https:\/\/www.manquepierda.com\/historiarealbetis\/wp-json\/wp\/v2\/categories?post=23156"},{"taxonomy":"post_tag","embeddable":true,"href":"https:\/\/www.manquepierda.com\/historiarealbetis\/wp-json\/wp\/v2\/tags?post=23156"}],"curies":[{"name":"wp","href":"https:\/\/api.w.org\/{rel}","templated":true}]}}