{"id":23177,"date":"2012-11-04T12:34:15","date_gmt":"2012-11-04T11:34:15","guid":{"rendered":"http:\/\/www.manquepierda.com\/historiarealbetis\/?p=23177"},"modified":"2024-08-09T17:28:55","modified_gmt":"2024-08-09T15:28:55","slug":"1946-noviembre-03-2d-real-betis-balompie-3-vs-club-baracaldo-2","status":"publish","type":"post","link":"https:\/\/www.manquepierda.com\/historiarealbetis\/1946-noviembre-03-2d-real-betis-balompie-3-vs-club-baracaldo-2\/","title":{"rendered":"1946-Noviembre 03-2Divisi\u00f3n.-Real Betis Balompi\u00e9-3 CD Barakaldo-Altos Hornos-2.-Recortes Prensa."},"content":{"rendered":"<p style=\"text-align: justify\">XVI EDICI\u00d3N-CAMPEONATO NACIONAL SEGUNDA DIVISI\u00d3N-TEMPORADA 1946-1947 DESDE DOMINGO 22 SEPTIEMBRE 1946 HASTA DOMINGO 13 ABRIL 1947-AMBAS FECHAS INCLUSIVE.<\/p>\n<p style=\"text-align: center\">RECORTES DE PRENSA-ABC: 3 (domingo)<\/p>\n<p style=\"text-align: center\"><img data-recalc-dims=\"1\" loading=\"lazy\" decoding=\"async\" class=\"aligncenter size-full wp-image-54071\" src=\"https:\/\/i0.wp.com\/www.manquepierda.com\/historiarealbetis\/files\/2012\/11\/19461103ABCse1.jpg?resize=716%2C363&#038;ssl=1\" alt=\"19461103abcse1\" width=\"716\" height=\"363\" srcset=\"https:\/\/i0.wp.com\/www.manquepierda.com\/historiarealbetis\/files\/2012\/11\/19461103ABCse1.jpg?w=716&amp;ssl=1 716w, https:\/\/i0.wp.com\/www.manquepierda.com\/historiarealbetis\/files\/2012\/11\/19461103ABCse1.jpg?resize=220%2C112&amp;ssl=1 220w, https:\/\/i0.wp.com\/www.manquepierda.com\/historiarealbetis\/files\/2012\/11\/19461103ABCse1.jpg?resize=680%2C345&amp;ssl=1 680w\" sizes=\"auto, (max-width: 716px) 100vw, 716px\" \/><\/p>\n<p style=\"text-align: center\"><img data-recalc-dims=\"1\" loading=\"lazy\" decoding=\"async\" class=\"aligncenter size-full wp-image-54072\" src=\"https:\/\/i0.wp.com\/www.manquepierda.com\/historiarealbetis\/files\/2012\/11\/19461103ABCse2.jpg?resize=692%2C1028&#038;ssl=1\" alt=\"19461103abcse2\" width=\"692\" height=\"1028\" srcset=\"https:\/\/i0.wp.com\/www.manquepierda.com\/historiarealbetis\/files\/2012\/11\/19461103ABCse2.jpg?w=692&amp;ssl=1 692w, https:\/\/i0.wp.com\/www.manquepierda.com\/historiarealbetis\/files\/2012\/11\/19461103ABCse2.jpg?resize=148%2C220&amp;ssl=1 148w, https:\/\/i0.wp.com\/www.manquepierda.com\/historiarealbetis\/files\/2012\/11\/19461103ABCse2.jpg?resize=404%2C600&amp;ssl=1 404w, https:\/\/i0.wp.com\/www.manquepierda.com\/historiarealbetis\/files\/2012\/11\/19461103ABCse2.jpg?resize=471%2C700&amp;ssl=1 471w\" sizes=\"auto, (max-width: 692px) 100vw, 692px\" \/><\/p>\n<hr \/>\n<p style=\"text-align: center\"><img data-recalc-dims=\"1\" loading=\"lazy\" decoding=\"async\" class=\"aligncenter size-full wp-image-54070\" src=\"https:\/\/i0.wp.com\/www.manquepierda.com\/historiarealbetis\/files\/2012\/11\/Discobolo-1-1.jpg?resize=640%2C453&#038;ssl=1\" alt=\"discobolo-1\" width=\"640\" height=\"453\" srcset=\"https:\/\/i0.wp.com\/www.manquepierda.com\/historiarealbetis\/files\/2012\/11\/Discobolo-1-1.jpg?w=640&amp;ssl=1 640w, https:\/\/i0.wp.com\/www.manquepierda.com\/historiarealbetis\/files\/2012\/11\/Discobolo-1-1.jpg?resize=220%2C156&amp;ssl=1 220w\" sizes=\"auto, (max-width: 640px) 100vw, 640px\" \/><\/p>\n<p style=\"text-align: justify\"><strong>1946-NOVIEMBRE 03-DOMINGO EN LA \u00abCIUDAD DEL SOL\u00bb-ESTADIO MUNICIPAL \u00abHELI\u00d3POLIS\u00bb-S\u00c9PTIMA JORNADA.-<em>\u00abAsisti\u00f3 mucho p\u00fablico\u00bb.<br \/>\n<\/em><\/strong><\/p>\n<p><img data-recalc-dims=\"1\" loading=\"lazy\" decoding=\"async\" class=\"alignleft size-full wp-image-54073\" src=\"https:\/\/i0.wp.com\/www.manquepierda.com\/historiarealbetis\/files\/2012\/11\/JAS.jpg?resize=139%2C200&#038;ssl=1\" alt=\"jas\" width=\"139\" height=\"200\" \/>Arbitr\u00f3 el Colegiado del Centro, Juli\u00e1n \u00c1LVAREZ Santullano (43 a\u00f1os)-Natural de Oviedo (Asturias)-1903.<\/p>\n<p><em><span style=\"color: #333333\">\u00abBuena labor aunque no le ayudasen en las bandas. Pero si le ayudaron los equipos, que hicieron un encuentro brioso, pero correcto, salvo aisladas brusquedades vizca\u00ednas, para cortar&#8211;ya que no se pod\u00eda de otra manera&#8211;los avances de Pineda.<\/span><\/em><\/p>\n<p style=\"text-align: left\">AMBAS ESCUADRAS SE ALINEARON DE LA FORMA SIGUIENTE:<\/p>\n<p style=\"text-align: center\"><img data-recalc-dims=\"1\" loading=\"lazy\" decoding=\"async\" class=\"aligncenter size-full wp-image-54074\" src=\"https:\/\/i0.wp.com\/www.manquepierda.com\/historiarealbetis\/files\/2012\/11\/Manuel-ALONSO-CUELI.jpg?resize=211%2C220&#038;ssl=1\" alt=\"manuel-alonso-cueli\" width=\"211\" height=\"220\" \/><\/p>\n<p style=\"text-align: justify\"><span style=\"color: #008000\"><em><strong>1946-1947 Presidente accidental Real Betis Balompi\u00e9, industrial, don Manuel ALONSO CUELI (50 a\u00f1os)-Natural de Sevilla-1898.-\u00cddem, domingo 10 Mayo de 1970 (74 A\u00f1os) D. E. P.<\/strong><\/em><\/span><\/p>\n<p style=\"text-align: justify\"><span style=\"color: #008000\"><strong><img data-recalc-dims=\"1\" loading=\"lazy\" decoding=\"async\" class=\"alignleft size-thumbnail wp-image-54075\" src=\"https:\/\/i0.wp.com\/www.manquepierda.com\/historiarealbetis\/files\/2012\/11\/Patrick-Joseph-OCONNELL-07.jpg?resize=157%2C220&#038;ssl=1\" alt=\"patrick-joseph-oconnell-07\" width=\"157\" height=\"220\" srcset=\"https:\/\/i0.wp.com\/www.manquepierda.com\/historiarealbetis\/files\/2012\/11\/Patrick-Joseph-OCONNELL-07.jpg?resize=157%2C220&amp;ssl=1 157w, https:\/\/i0.wp.com\/www.manquepierda.com\/historiarealbetis\/files\/2012\/11\/Patrick-Joseph-OCONNELL-07.jpg?resize=429%2C600&amp;ssl=1 429w, https:\/\/i0.wp.com\/www.manquepierda.com\/historiarealbetis\/files\/2012\/11\/Patrick-Joseph-OCONNELL-07.jpg?w=440&amp;ssl=1 440w\" sizes=\"auto, (max-width: 157px) 100vw, 157px\" \/>1-2 Entrenador (01-25 jornadas, ambas inclusive) Mr. Patrick Joseph O&#8217;CONNELL (59 a\u00f1os+8 meses menos 5 d\u00edas)-Natural de Drucomdra-Dublin (Republic of Ireland), martes 8 Marzo de 1887.-Obituario en St Pancras-Condado Cavem-Cementery Distrito Kilburn-London (England), viernes 27 Febrero de 1959 (71 A\u00f1os+11 meses+19 d\u00edas) D. E. P.<\/strong><\/span><\/p>\n<figure id=\"attachment_54076\" aria-describedby=\"caption-attachment-54076\" style=\"width: 220px\" class=\"wp-caption aligncenter\"><img data-recalc-dims=\"1\" loading=\"lazy\" decoding=\"async\" class=\"size-thumbnail wp-image-54076\" src=\"https:\/\/i0.wp.com\/www.manquepierda.com\/historiarealbetis\/files\/2012\/11\/1931-RBB-coronado.jpg?resize=220%2C193&#038;ssl=1\" alt=\"REAL BETIS BALOMPI\u00c9-3 GOLES.\" width=\"220\" height=\"193\" srcset=\"https:\/\/i0.wp.com\/www.manquepierda.com\/historiarealbetis\/files\/2012\/11\/1931-RBB-coronado.jpg?resize=220%2C193&amp;ssl=1 220w, https:\/\/i0.wp.com\/www.manquepierda.com\/historiarealbetis\/files\/2012\/11\/1931-RBB-coronado.jpg?w=360&amp;ssl=1 360w\" sizes=\"auto, (max-width: 220px) 100vw, 220px\" \/><figcaption id=\"caption-attachment-54076\" class=\"wp-caption-text\">REAL BETIS BALOMPI\u00c9-3 GOLES.<\/figcaption><\/figure>\n<p style=\"text-align: justify\"><span style=\"color: #008000\"><strong>5\u00ba CLASIFICADO CON 8 PUNTOS (3-GANADOS+2-EMPATADOS+2-PERDIDOS) 14-GOLES A FAVOR Y 10-TANTOS EN CONTRA.<\/strong><\/span><\/p>\n<p style=\"text-align: left\">Guardameta:<\/p>\n<p style=\"text-align: center\"><img data-recalc-dims=\"1\" loading=\"lazy\" decoding=\"async\" class=\"aligncenter size-thumbnail wp-image-54077\" src=\"https:\/\/i0.wp.com\/www.manquepierda.com\/historiarealbetis\/files\/2012\/11\/Isidoro-IBARRA-Echevarr%C3%ADa-1.jpg?resize=137%2C220&#038;ssl=1\" alt=\"isidoro-ibarra-echevarria-1\" width=\"137\" height=\"220\" srcset=\"https:\/\/i0.wp.com\/www.manquepierda.com\/historiarealbetis\/files\/2012\/11\/Isidoro-IBARRA-Echevarr%C3%ADa-1.jpg?resize=137%2C220&amp;ssl=1 137w, https:\/\/i0.wp.com\/www.manquepierda.com\/historiarealbetis\/files\/2012\/11\/Isidoro-IBARRA-Echevarr%C3%ADa-1.jpg?resize=375%2C600&amp;ssl=1 375w, https:\/\/i0.wp.com\/www.manquepierda.com\/historiarealbetis\/files\/2012\/11\/Isidoro-IBARRA-Echevarr%C3%ADa-1.jpg?resize=437%2C700&amp;ssl=1 437w, https:\/\/i0.wp.com\/www.manquepierda.com\/historiarealbetis\/files\/2012\/11\/Isidoro-IBARRA-Echevarr%C3%ADa-1.jpg?w=703&amp;ssl=1 703w\" sizes=\"auto, (max-width: 137px) 100vw, 137px\" \/><\/p>\n<p style=\"text-align: justify\"><strong>1-(2 tantos encajados).-Isidoro IBARRA Echevarr\u00eda (23 a\u00f1os+7 meses menos 4 d\u00edas).<br \/>\n<\/strong><\/p>\n<p style=\"text-align: center\">Zagueros:<\/p>\n<p style=\"text-align: center\"><img data-recalc-dims=\"1\" loading=\"lazy\" decoding=\"async\" class=\"aligncenter size-thumbnail wp-image-54078\" src=\"https:\/\/i0.wp.com\/www.manquepierda.com\/historiarealbetis\/files\/2012\/11\/MARIANO-S%C3%A1enz-Cristiano-2.jpg?resize=165%2C220&#038;ssl=1\" alt=\"mariano-saenz-cristiano-2\" width=\"165\" height=\"220\" srcset=\"https:\/\/i0.wp.com\/www.manquepierda.com\/historiarealbetis\/files\/2012\/11\/MARIANO-S%C3%A1enz-Cristiano-2.jpg?resize=165%2C220&amp;ssl=1 165w, https:\/\/i0.wp.com\/www.manquepierda.com\/historiarealbetis\/files\/2012\/11\/MARIANO-S%C3%A1enz-Cristiano-2.jpg?w=368&amp;ssl=1 368w\" sizes=\"auto, (max-width: 165px) 100vw, 165px\" \/><\/p>\n<p style=\"text-align: left\"><strong>2-Lateral Diestro.-MARIANO S\u00e1enz Cristiano.<\/strong><\/p>\n<p style=\"text-align: center\"><img data-recalc-dims=\"1\" loading=\"lazy\" decoding=\"async\" class=\"aligncenter size-thumbnail wp-image-54079\" src=\"https:\/\/i0.wp.com\/www.manquepierda.com\/historiarealbetis\/files\/2012\/11\/Jos%C3%A9-Garc%C3%ADa-PULIDO.jpg?resize=150%2C220&#038;ssl=1\" alt=\"jose-garcia-pulido\" width=\"150\" height=\"220\" srcset=\"https:\/\/i0.wp.com\/www.manquepierda.com\/historiarealbetis\/files\/2012\/11\/Jos%C3%A9-Garc%C3%ADa-PULIDO.jpg?resize=150%2C220&amp;ssl=1 150w, https:\/\/i0.wp.com\/www.manquepierda.com\/historiarealbetis\/files\/2012\/11\/Jos%C3%A9-Garc%C3%ADa-PULIDO.jpg?w=189&amp;ssl=1 189w\" sizes=\"auto, (max-width: 150px) 100vw, 150px\" \/><\/p>\n<p style=\"text-align: left\"><strong>3-Lateral Zurdo.-Jos\u00e9 Gar\u00eda PULIDO.<\/strong><\/p>\n<p style=\"text-align: left\">Medios:<\/p>\n<p style=\"text-align: center\"><img data-recalc-dims=\"1\" loading=\"lazy\" decoding=\"async\" class=\"aligncenter size-thumbnail wp-image-54080\" src=\"https:\/\/i0.wp.com\/www.manquepierda.com\/historiarealbetis\/files\/2012\/11\/Francisco-GEN%C3%89-Amar%C3%A9.jpg?resize=106%2C220&#038;ssl=1\" alt=\"francisco-gene-amare\" width=\"106\" height=\"220\" srcset=\"https:\/\/i0.wp.com\/www.manquepierda.com\/historiarealbetis\/files\/2012\/11\/Francisco-GEN%C3%89-Amar%C3%A9.jpg?resize=106%2C220&amp;ssl=1 106w, https:\/\/i0.wp.com\/www.manquepierda.com\/historiarealbetis\/files\/2012\/11\/Francisco-GEN%C3%89-Amar%C3%A9.jpg?resize=288%2C600&amp;ssl=1 288w, https:\/\/i0.wp.com\/www.manquepierda.com\/historiarealbetis\/files\/2012\/11\/Francisco-GEN%C3%89-Amar%C3%A9.jpg?w=322&amp;ssl=1 322w\" sizes=\"auto, (max-width: 106px) 100vw, 106px\" \/><\/p>\n<p style=\"text-align: left\"><strong>4-Diestro.-Francisco GEN\u00c9 Amar\u00e9.<\/strong><\/p>\n<p style=\"text-align: center\"><img data-recalc-dims=\"1\" loading=\"lazy\" decoding=\"async\" class=\"aligncenter size-thumbnail wp-image-54081\" src=\"https:\/\/i0.wp.com\/www.manquepierda.com\/historiarealbetis\/files\/2012\/11\/MELITO-1945.jpg?resize=127%2C220&#038;ssl=1\" alt=\"melito-1945\" width=\"127\" height=\"220\" srcset=\"https:\/\/i0.wp.com\/www.manquepierda.com\/historiarealbetis\/files\/2012\/11\/MELITO-1945.jpg?resize=127%2C220&amp;ssl=1 127w, https:\/\/i0.wp.com\/www.manquepierda.com\/historiarealbetis\/files\/2012\/11\/MELITO-1945.jpg?w=209&amp;ssl=1 209w\" sizes=\"auto, (max-width: 127px) 100vw, 127px\" \/><\/p>\n<p style=\"text-align: left\"><strong>5-Centro.-Manuel Torres Rodr\u00edguez (a) \u00abMELITO\u00bb.<\/strong><\/p>\n<p style=\"text-align: center\"><img data-recalc-dims=\"1\" loading=\"lazy\" decoding=\"async\" class=\"aligncenter size-thumbnail wp-image-54082\" src=\"https:\/\/i0.wp.com\/www.manquepierda.com\/historiarealbetis\/files\/2012\/11\/GONZALO-Rasine-Gonz%C3%A1lez.jpg?resize=145%2C220&#038;ssl=1\" alt=\"gonzalo-rasine-gonzalez\" width=\"145\" height=\"220\" srcset=\"https:\/\/i0.wp.com\/www.manquepierda.com\/historiarealbetis\/files\/2012\/11\/GONZALO-Rasine-Gonz%C3%A1lez.jpg?resize=145%2C220&amp;ssl=1 145w, https:\/\/i0.wp.com\/www.manquepierda.com\/historiarealbetis\/files\/2012\/11\/GONZALO-Rasine-Gonz%C3%A1lez.jpg?w=393&amp;ssl=1 393w\" sizes=\"auto, (max-width: 145px) 100vw, 145px\" \/><\/p>\n<p style=\"text-align: left\"><strong>6-Zurdo.-GONZALO Rasine Gonz\u00e1lez.<\/strong><\/p>\n<p style=\"text-align: left\">Delanteros:<\/p>\n<p style=\"text-align: justify\"><span style=\"color: #008000\"><em><strong>*1-0.-18 minutos.-Recogiendo un buen servicio de Pineda, chut batiendo al cancerbero Juan Ram\u00f3n Abeij\u00f3n*<\/strong><\/em><\/span><\/p>\n<p style=\"text-align: center\"><img data-recalc-dims=\"1\" loading=\"lazy\" decoding=\"async\" class=\"aligncenter size-thumbnail wp-image-54088\" src=\"https:\/\/i0.wp.com\/www.manquepierda.com\/historiarealbetis\/files\/2012\/11\/SARO-%C3%81ngel-Mart%C3%ADn-Rodr%C3%ADguez-02.jpg?resize=149%2C220&#038;ssl=1\" alt=\"saro-angel-martin-rodriguez-02\" width=\"149\" height=\"220\" srcset=\"https:\/\/i0.wp.com\/www.manquepierda.com\/historiarealbetis\/files\/2012\/11\/SARO-%C3%81ngel-Mart%C3%ADn-Rodr%C3%ADguez-02.jpg?resize=149%2C220&amp;ssl=1 149w, https:\/\/i0.wp.com\/www.manquepierda.com\/historiarealbetis\/files\/2012\/11\/SARO-%C3%81ngel-Mart%C3%ADn-Rodr%C3%ADguez-02.jpg?resize=408%2C600&amp;ssl=1 408w, https:\/\/i0.wp.com\/www.manquepierda.com\/historiarealbetis\/files\/2012\/11\/SARO-%C3%81ngel-Mart%C3%ADn-Rodr%C3%ADguez-02.jpg?w=468&amp;ssl=1 468w\" sizes=\"auto, (max-width: 149px) 100vw, 149px\" \/><\/p>\n<p style=\"text-align: justify\"><strong>7-Extremo Diestro.-\u00c1ngel Mart\u00edn Rodr\u00edguez (a) \u00abSARO\u00bb (37 a\u00f1os+8 meses+2 d\u00edas).<br \/>\n<\/strong><\/p>\n<p style=\"text-align: center\"><img data-recalc-dims=\"1\" loading=\"lazy\" decoding=\"async\" class=\"aligncenter size-thumbnail wp-image-54089\" src=\"https:\/\/i0.wp.com\/www.manquepierda.com\/historiarealbetis\/files\/2012\/11\/Antonio-PE%C3%91A-Romero-01.jpg?resize=171%2C220&#038;ssl=1\" alt=\"antonio-pena-romero-01\" width=\"171\" height=\"220\" srcset=\"https:\/\/i0.wp.com\/www.manquepierda.com\/historiarealbetis\/files\/2012\/11\/Antonio-PE%C3%91A-Romero-01.jpg?resize=171%2C220&amp;ssl=1 171w, https:\/\/i0.wp.com\/www.manquepierda.com\/historiarealbetis\/files\/2012\/11\/Antonio-PE%C3%91A-Romero-01.jpg?resize=466%2C600&amp;ssl=1 466w, https:\/\/i0.wp.com\/www.manquepierda.com\/historiarealbetis\/files\/2012\/11\/Antonio-PE%C3%91A-Romero-01.jpg?w=516&amp;ssl=1 516w\" sizes=\"auto, (max-width: 171px) 100vw, 171px\" \/><\/p>\n<p style=\"text-align: left\"><strong>8-Interior Diestro.-Antonio PE\u00d1A Romero.<\/strong><\/p>\n<p style=\"text-align: center\"><img data-recalc-dims=\"1\" loading=\"lazy\" decoding=\"async\" class=\"aligncenter size-thumbnail wp-image-54090\" src=\"https:\/\/i0.wp.com\/www.manquepierda.com\/historiarealbetis\/files\/2012\/11\/Jos%C3%A9-BOTELLA-Ram%C3%B3n-01.jpg?resize=134%2C220&#038;ssl=1\" alt=\"jose-botella-ramon-01\" width=\"134\" height=\"220\" srcset=\"https:\/\/i0.wp.com\/www.manquepierda.com\/historiarealbetis\/files\/2012\/11\/Jos%C3%A9-BOTELLA-Ram%C3%B3n-01.jpg?resize=134%2C220&amp;ssl=1 134w, https:\/\/i0.wp.com\/www.manquepierda.com\/historiarealbetis\/files\/2012\/11\/Jos%C3%A9-BOTELLA-Ram%C3%B3n-01.jpg?resize=364%2C600&amp;ssl=1 364w, https:\/\/i0.wp.com\/www.manquepierda.com\/historiarealbetis\/files\/2012\/11\/Jos%C3%A9-BOTELLA-Ram%C3%B3n-01.jpg?w=424&amp;ssl=1 424w\" sizes=\"auto, (max-width: 134px) 100vw, 134px\" \/><\/p>\n<p style=\"text-align: justify\"><span style=\"color: #008000\"><em><strong>*2-0.-46 minutos.-Pineda cede el esf\u00e9rico a Jos\u00e9 que se interna y llegando al \u00e1rea vasca chuta el cuero fusilando al arquero Abeij\u00f3n*<\/strong><\/em><\/span><\/p>\n<p style=\"text-align: justify\"><span style=\"color: #008000\"><em><strong>*3-1.-60 minutos.-En jugada personal muy inspirada y felizmente realizada logr\u00f3 batir al portero vasco Juan Ram\u00f3n Abeij\u00f3n Castro*<\/strong><\/em><\/span><\/p>\n<p style=\"text-align: justify\"><strong>9-Centro Delantero-Ariete.-Jos\u00e9 BOTELLA Ram\u00f3n (21 a\u00f1os+7 meses menos 27 d\u00edas).<br \/>\n<\/strong><\/p>\n<p style=\"text-align: center\"><img data-recalc-dims=\"1\" loading=\"lazy\" decoding=\"async\" class=\"aligncenter size-thumbnail wp-image-54091\" src=\"https:\/\/i0.wp.com\/www.manquepierda.com\/historiarealbetis\/files\/2012\/11\/Jos%C3%A9-PINEDA-%C3%81lvarez.jpg?resize=148%2C220&#038;ssl=1\" alt=\"jose-pineda-alvarez\" width=\"148\" height=\"220\" \/><\/p>\n<p style=\"text-align: left\"><strong>10-Interior Zurdo.-Jos\u00e9 PINEDA \u00c1lvarez.<\/strong><\/p>\n<p style=\"text-align: center\"><img data-recalc-dims=\"1\" loading=\"lazy\" decoding=\"async\" class=\"aligncenter size-full wp-image-54092\" src=\"https:\/\/i0.wp.com\/www.manquepierda.com\/historiarealbetis\/files\/2012\/11\/SALUSTIANO-S%C3%A1nchez-P%C3%A9rez.jpg?resize=63%2C83&#038;ssl=1\" alt=\"salustiano-sanchez-perez\" width=\"63\" height=\"83\" \/><\/p>\n<p style=\"text-align: left\"><strong>11-Extremo Zurdo.-SALUSTIANO S\u00e1nchez P\u00e9rez.<\/strong><\/p>\n<p style=\"text-align: center\">VS.<\/p>\n<p style=\"text-align: center\"><img data-recalc-dims=\"1\" loading=\"lazy\" decoding=\"async\" class=\"aligncenter size-medium wp-image-54084\" src=\"https:\/\/i0.wp.com\/www.manquepierda.com\/historiarealbetis\/files\/2012\/11\/Vi%C3%B1etaVicenteFlores19461105ABCse.jpg?resize=435%2C600&#038;ssl=1\" alt=\"vinetavicenteflores19461105abcse\" width=\"435\" height=\"600\" srcset=\"https:\/\/i0.wp.com\/www.manquepierda.com\/historiarealbetis\/files\/2012\/11\/Vi%C3%B1etaVicenteFlores19461105ABCse.jpg?resize=435%2C600&amp;ssl=1 435w, https:\/\/i0.wp.com\/www.manquepierda.com\/historiarealbetis\/files\/2012\/11\/Vi%C3%B1etaVicenteFlores19461105ABCse.jpg?resize=159%2C220&amp;ssl=1 159w, https:\/\/i0.wp.com\/www.manquepierda.com\/historiarealbetis\/files\/2012\/11\/Vi%C3%B1etaVicenteFlores19461105ABCse.jpg?resize=507%2C700&amp;ssl=1 507w, https:\/\/i0.wp.com\/www.manquepierda.com\/historiarealbetis\/files\/2012\/11\/Vi%C3%B1etaVicenteFlores19461105ABCse.jpg?w=683&amp;ssl=1 683w\" sizes=\"auto, (max-width: 435px) 100vw, 435px\" \/><\/p>\n<p style=\"text-align: left\">1945-1948.-Presidente don Cipriano ABAD Mart\u00edn.<\/p>\n<p style=\"text-align: center\"><img data-recalc-dims=\"1\" loading=\"lazy\" decoding=\"async\" class=\"aligncenter size-thumbnail wp-image-54095\" src=\"https:\/\/i0.wp.com\/www.manquepierda.com\/historiarealbetis\/files\/2012\/11\/prats-1.jpg?resize=171%2C220&#038;ssl=1\" alt=\"prats-1\" width=\"171\" height=\"220\" srcset=\"https:\/\/i0.wp.com\/www.manquepierda.com\/historiarealbetis\/files\/2012\/11\/prats-1.jpg?resize=171%2C220&amp;ssl=1 171w, https:\/\/i0.wp.com\/www.manquepierda.com\/historiarealbetis\/files\/2012\/11\/prats-1.jpg?w=311&amp;ssl=1 311w\" sizes=\"auto, (max-width: 171px) 100vw, 171px\" \/><\/p>\n<p style=\"text-align: left\">1946-1947.-Entrenador Francisco PRATS Guerendeain (a) \u00abPACHUCO\u00bb.<\/p>\n<p style=\"text-align: left\">12\u00ba CLASIFICADO CON 4 PUNTOS (2-ganados+0-empatados+6-perdidos) 9-17 Tantos Favor-Contra.<\/p>\n<p style=\"text-align: center\"><img data-recalc-dims=\"1\" loading=\"lazy\" decoding=\"async\" class=\"aligncenter size-thumbnail wp-image-54094\" src=\"https:\/\/i0.wp.com\/www.manquepierda.com\/historiarealbetis\/files\/2012\/11\/CD-Baracaldo-Altos-Hornos.jpg?resize=196%2C220&#038;ssl=1\" alt=\"cd-baracaldo-altos-hornos\" width=\"196\" height=\"220\" srcset=\"https:\/\/i0.wp.com\/www.manquepierda.com\/historiarealbetis\/files\/2012\/11\/CD-Baracaldo-Altos-Hornos.jpg?resize=196%2C220&amp;ssl=1 196w, https:\/\/i0.wp.com\/www.manquepierda.com\/historiarealbetis\/files\/2012\/11\/CD-Baracaldo-Altos-Hornos.jpg?w=439&amp;ssl=1 439w\" sizes=\"auto, (max-width: 196px) 100vw, 196px\" \/><\/p>\n<p style=\"text-align: left\">1943-1958.-CLUB DEPORTIVO BARAKALDO ALTOS HORNOS-2 Tantos.<\/p>\n<p style=\"text-align: center\"><img data-recalc-dims=\"1\" loading=\"lazy\" decoding=\"async\" class=\"aligncenter size-full wp-image-54093\" src=\"https:\/\/i0.wp.com\/www.manquepierda.com\/historiarealbetis\/files\/2012\/11\/JRAC.jpg?resize=135%2C205&#038;ssl=1\" alt=\"jrac\" width=\"135\" height=\"205\" \/><\/p>\n<p style=\"text-align: left\">1-<strong>(3 tantos encajados).-<\/strong>Juan Ram\u00f3n ABEIJ\u00d3N Castro.<\/p>\n<p style=\"text-align: left\">2-Pedro Eloy L\u00f3pez Arteaga (a) \u00abPEDR\u00cdN\u00bb.-3-Hip\u00f3lito Bizcarg\u00fcenaga Ibarreche.<\/p>\n<p style=\"text-align: left\">4-Julio MUGARRA Olano.-5-UBALDO.-6-LECUE.<\/p>\n<p style=\"text-align: left\">7-Armando ARIZNABARRETA Montes<strong>.<\/strong><\/p>\n<p style=\"text-align: center\"><img data-recalc-dims=\"1\" loading=\"lazy\" decoding=\"async\" class=\"aligncenter size-full wp-image-54097\" src=\"https:\/\/i0.wp.com\/www.manquepierda.com\/historiarealbetis\/files\/2012\/11\/AN%C3%8DBAL.jpg?resize=82%2C117&#038;ssl=1\" alt=\"anibal\" width=\"82\" height=\"117\" \/><\/p>\n<p style=\"text-align: justify\">8-AN\u00cdBAL Uriarte Velasco<strong> *[3-2.-85 minutos.-En otro avance de la delantera vasca, consigue el marcador final del encuentro batiendo a Isidoro Ibarra]*<br \/>\n<\/strong><\/p>\n<p style=\"text-align: center\"><img data-recalc-dims=\"1\" loading=\"lazy\" decoding=\"async\" class=\"aligncenter size-full wp-image-54096\" src=\"https:\/\/i0.wp.com\/www.manquepierda.com\/historiarealbetis\/files\/2012\/11\/Arrieta.jpg?resize=200%2C200&#038;ssl=1\" alt=\"arrieta\" width=\"200\" height=\"200\" \/><\/p>\n<p style=\"text-align: justify\">9-Jos\u00e9 F\u00e9lix ARRIETA Achaval <strong>*<\/strong><strong>[2-1.-57 minutos.-En una buena jugada de toda la delantera vasca, consigue batir al guardameta verdiblanco Ibarra; parable ya que desvi\u00f3 el pelot\u00f3n al fondo de las mallas]*<\/strong><\/p>\n<p style=\"text-align: left\">10-Bilbao (a) \u00abTORI\u00bb.-11-Doroteo Elorriaaga Barrueta (a) \u00abDORO\u00bb.<\/p>\n<hr \/>\n<p style=\"text-align: center\"><img data-recalc-dims=\"1\" loading=\"lazy\" decoding=\"async\" class=\"aligncenter size-medium wp-image-54083\" src=\"https:\/\/i0.wp.com\/www.manquepierda.com\/historiarealbetis\/files\/2012\/11\/19461105ABCse-ResultadosClasificaci%C3%B3n.jpg?resize=620%2C600&#038;ssl=1\" alt=\"19461105abcse-resultadosclasificacion\" width=\"620\" height=\"600\" srcset=\"https:\/\/i0.wp.com\/www.manquepierda.com\/historiarealbetis\/files\/2012\/11\/19461105ABCse-ResultadosClasificaci%C3%B3n.jpg?resize=620%2C600&amp;ssl=1 620w, https:\/\/i0.wp.com\/www.manquepierda.com\/historiarealbetis\/files\/2012\/11\/19461105ABCse-ResultadosClasificaci%C3%B3n.jpg?resize=220%2C213&amp;ssl=1 220w, https:\/\/i0.wp.com\/www.manquepierda.com\/historiarealbetis\/files\/2012\/11\/19461105ABCse-ResultadosClasificaci%C3%B3n.jpg?w=692&amp;ssl=1 692w\" sizes=\"auto, (max-width: 620px) 100vw, 620px\" \/><\/p>\n","protected":false},"excerpt":{"rendered":"<p>XVI EDICI\u00d3N-CAMPEONATO NACIONAL SEGUNDA DIVISI\u00d3N-TEMPORADA 1946-1947 DESDE DOMINGO 22 SEPTIEMBRE 1946 HASTA DOMINGO 13 ABRIL 1947-AMBAS FECHAS INCLUSIVE. RECORTES DE PRENSA-ABC: 3 (domingo) 1946-NOVIEMBRE 03-DOMINGO EN LA \u00abCIUDAD DEL SOL\u00bb-ESTADIO MUNICIPAL \u00abHELI\u00d3POLIS\u00bb-S\u00c9PTIMA JORNADA.-\u00abAsisti\u00f3 mucho p\u00fablico\u00bb. Arbitr\u00f3 el Colegiado del Centro, Juli\u00e1n \u00c1LVAREZ Santullano (43 a\u00f1os)-Natural de Oviedo (Asturias)-1903. \u00abBuena labor aunque no le ayudasen en&#8230;<\/p>\n","protected":false},"author":48,"featured_media":54070,"comment_status":"open","ping_status":"open","sticky":false,"template":"","format":"standard","meta":{"_kad_post_transparent":"","_kad_post_title":"","_kad_post_layout":"","_kad_post_sidebar_id":"","_kad_post_content_style":"","_kad_post_vertical_padding":"","_kad_post_feature":"","_kad_post_feature_position":"","_kad_post_header":false,"_kad_post_footer":false,"_kad_post_classname":"","_jetpack_memberships_contains_paid_content":false,"footnotes":"","jetpack_publicize_message":"","jetpack_publicize_feature_enabled":true,"jetpack_social_post_already_shared":false,"jetpack_social_options":{"image_generator_settings":{"template":"highway","default_image_id":0,"font":"","enabled":false},"version":2}},"categories":[900,1],"tags":[1283,2458,2564,17850],"class_list":["post-23177","post","type-post","status-publish","format-standard","has-post-thumbnail","hentry","category-1940-1949","category-portada","tag-1283","tag-1946-47","tag-baracaldo-cf","tag-liga-segunda-1946-47"],"jetpack_publicize_connections":[],"jetpack_featured_media_url":"https:\/\/i0.wp.com\/www.manquepierda.com\/historiarealbetis\/files\/2012\/11\/Discobolo-1-1.jpg?fit=640%2C453&ssl=1","jetpack_sharing_enabled":true,"jetpack_shortlink":"https:\/\/wp.me\/p1ij08-61P","jetpack-related-posts":[],"_links":{"self":[{"href":"https:\/\/www.manquepierda.com\/historiarealbetis\/wp-json\/wp\/v2\/posts\/23177","targetHints":{"allow":["GET"]}}],"collection":[{"href":"https:\/\/www.manquepierda.com\/historiarealbetis\/wp-json\/wp\/v2\/posts"}],"about":[{"href":"https:\/\/www.manquepierda.com\/historiarealbetis\/wp-json\/wp\/v2\/types\/post"}],"author":[{"embeddable":true,"href":"https:\/\/www.manquepierda.com\/historiarealbetis\/wp-json\/wp\/v2\/users\/48"}],"replies":[{"embeddable":true,"href":"https:\/\/www.manquepierda.com\/historiarealbetis\/wp-json\/wp\/v2\/comments?post=23177"}],"version-history":[{"count":1,"href":"https:\/\/www.manquepierda.com\/historiarealbetis\/wp-json\/wp\/v2\/posts\/23177\/revisions"}],"predecessor-version":[{"id":95769,"href":"https:\/\/www.manquepierda.com\/historiarealbetis\/wp-json\/wp\/v2\/posts\/23177\/revisions\/95769"}],"wp:featuredmedia":[{"embeddable":true,"href":"https:\/\/www.manquepierda.com\/historiarealbetis\/wp-json\/wp\/v2\/media\/54070"}],"wp:attachment":[{"href":"https:\/\/www.manquepierda.com\/historiarealbetis\/wp-json\/wp\/v2\/media?parent=23177"}],"wp:term":[{"taxonomy":"category","embeddable":true,"href":"https:\/\/www.manquepierda.com\/historiarealbetis\/wp-json\/wp\/v2\/categories?post=23177"},{"taxonomy":"post_tag","embeddable":true,"href":"https:\/\/www.manquepierda.com\/historiarealbetis\/wp-json\/wp\/v2\/tags?post=23177"}],"curies":[{"name":"wp","href":"https:\/\/api.w.org\/{rel}","templated":true}]}}