{"id":23437,"date":"2012-11-11T22:18:41","date_gmt":"2012-11-11T21:18:41","guid":{"rendered":"http:\/\/www.manquepierda.com\/historiarealbetis\/?p=23437"},"modified":"2012-11-11T22:18:41","modified_gmt":"2012-11-11T21:18:41","slug":"fallece-manuel-cala","status":"publish","type":"post","link":"https:\/\/www.manquepierda.com\/historiarealbetis\/fallece-manuel-cala\/","title":{"rendered":"Fallece Manuel Cala"},"content":{"rendered":"<p><a href=\"https:\/\/i0.wp.com\/www.manquepierda.com\/historiarealbetis\/files\/2012\/11\/Cala.jpg?ssl=1\"><img data-recalc-dims=\"1\" loading=\"lazy\" decoding=\"async\" class=\"alignleft size-full wp-image-23438\" src=\"https:\/\/i0.wp.com\/www.manquepierda.com\/historiarealbetis\/files\/2012\/11\/Cala.jpg?resize=155%2C168&#038;ssl=1\" alt=\"\" width=\"155\" height=\"168\" \/><\/a><\/p>\n<p>&nbsp;<\/p>\n<p>Ayer 10 de noviembre falleci\u00f3 en el Hospital del Tomillar Manuel Cala Valiente, ex jugador del Real Betis Balompi\u00e9 en la temporada 1947-48.<\/p>\n<p>Hab\u00eda nacido un 28 de diciembre de 1917 en Mor\u00f3n de la Frontera, por lo que estaba muy cercano a cumplir los 95 a\u00f1os de edad.<\/p>\n<p>Formado en el Mor\u00f3n se incorpor\u00f3 al equipo amateur del Betis, pasando posteriormente por el Jerez CF y C\u00e1diz, reingresando en el\u00a0 Betis en la temporada 1947-48, la primera que el Real Betis Balompi\u00e9 iba a disputar en la Tercera Divisi\u00f3n.<\/p>\n<p>Su puesto era el de lateral derecho y debut\u00f3 con el camisol\u00edn verdiblanco un 31 de Agosto de 1947 en un amistoso contra la Ol\u00edmpica Jiennense en el que supli\u00f3 a Pulido. El Betis venci\u00f3 ese d\u00eda por 4 a 2.<\/p>\n<p>Su debut en partido oficial fue en la cuarta jornada del Campeonato de Liga, el 12 de octubre de 1947 en un Betis 4 Gimn\u00e1stica de Alc\u00e1zar 1. Jug\u00f3 todos los partidos de Liga a excepci\u00f3n de los 3 iniciales en los que Isidro Reguera era el lateral derecho.\u00a0 Tambi\u00e9n fue titular en los 4 partidos de Copa del Betis esa temporada.<\/p>\n<p>Al finalizar esa temporada pas\u00f3 al L\u00e9rida y posteriormente al C\u00e1diz de nuevo.<\/p>\n<p>Con el Betis Cala disput\u00f3 23 encuentros de Liga, 4 de Copa y 5 amistosos.<\/p>\n<p>Descanse en Paz<\/p>\n","protected":false},"excerpt":{"rendered":"<p>&nbsp; Ayer 10 de noviembre falleci\u00f3 en el Hospital del Tomillar Manuel Cala Valiente, ex jugador del Real Betis Balompi\u00e9 en la temporada 1947-48. Hab\u00eda nacido un 28 de diciembre de 1917 en Mor\u00f3n de la Frontera, por lo que estaba muy cercano a cumplir los 95 a\u00f1os de edad. Formado en el Mor\u00f3n se&#8230;<\/p>\n","protected":false},"author":5,"featured_media":23438,"comment_status":"open","ping_status":"open","sticky":false,"template":"","format":"standard","meta":{"_kad_post_transparent":"","_kad_post_title":"","_kad_post_layout":"","_kad_post_sidebar_id":"","_kad_post_content_style":"","_kad_post_vertical_padding":"","_kad_post_feature":"","_kad_post_feature_position":"","_kad_post_header":false,"_kad_post_footer":false,"_kad_post_classname":"","_jetpack_memberships_contains_paid_content":false,"footnotes":"","jetpack_publicize_message":"","jetpack_publicize_feature_enabled":true,"jetpack_social_post_already_shared":false,"jetpack_social_options":{"image_generator_settings":{"template":"highway","default_image_id":0,"font":"","enabled":false},"version":2}},"categories":[3,893,1],"tags":[6487],"class_list":["post-23437","post","type-post","status-publish","format-standard","has-post-thumbnail","hentry","category-actualidad","category-jugadores-temas","category-portada","tag-manuel-cala"],"jetpack_publicize_connections":[],"jetpack_featured_media_url":"https:\/\/i0.wp.com\/www.manquepierda.com\/historiarealbetis\/files\/2012\/11\/Cala.jpg?fit=155%2C168&ssl=1","jetpack_sharing_enabled":true,"jetpack_shortlink":"https:\/\/wp.me\/p1ij08-661","jetpack-related-posts":[],"_links":{"self":[{"href":"https:\/\/www.manquepierda.com\/historiarealbetis\/wp-json\/wp\/v2\/posts\/23437","targetHints":{"allow":["GET"]}}],"collection":[{"href":"https:\/\/www.manquepierda.com\/historiarealbetis\/wp-json\/wp\/v2\/posts"}],"about":[{"href":"https:\/\/www.manquepierda.com\/historiarealbetis\/wp-json\/wp\/v2\/types\/post"}],"author":[{"embeddable":true,"href":"https:\/\/www.manquepierda.com\/historiarealbetis\/wp-json\/wp\/v2\/users\/5"}],"replies":[{"embeddable":true,"href":"https:\/\/www.manquepierda.com\/historiarealbetis\/wp-json\/wp\/v2\/comments?post=23437"}],"version-history":[{"count":0,"href":"https:\/\/www.manquepierda.com\/historiarealbetis\/wp-json\/wp\/v2\/posts\/23437\/revisions"}],"wp:featuredmedia":[{"embeddable":true,"href":"https:\/\/www.manquepierda.com\/historiarealbetis\/wp-json\/wp\/v2\/media\/23438"}],"wp:attachment":[{"href":"https:\/\/www.manquepierda.com\/historiarealbetis\/wp-json\/wp\/v2\/media?parent=23437"}],"wp:term":[{"taxonomy":"category","embeddable":true,"href":"https:\/\/www.manquepierda.com\/historiarealbetis\/wp-json\/wp\/v2\/categories?post=23437"},{"taxonomy":"post_tag","embeddable":true,"href":"https:\/\/www.manquepierda.com\/historiarealbetis\/wp-json\/wp\/v2\/tags?post=23437"}],"curies":[{"name":"wp","href":"https:\/\/api.w.org\/{rel}","templated":true}]}}