{"id":23831,"date":"2012-11-21T14:10:58","date_gmt":"2012-11-21T13:10:58","guid":{"rendered":"http:\/\/www.manquepierda.com\/historiarealbetis\/?p=23831"},"modified":"2024-08-19T12:18:07","modified_gmt":"2024-08-19T10:18:07","slug":"1941-noviembre-23-2division3grupo-cadiz-cf-3-vs-real-betis-balompie-3","status":"publish","type":"post","link":"https:\/\/www.manquepierda.com\/historiarealbetis\/1941-noviembre-23-2division3grupo-cadiz-cf-3-vs-real-betis-balompie-3\/","title":{"rendered":"1941-Noviembre 23-2Divisi\u00f3n3Grupo: C\u00e1diz cf-3 vs. Real Betis Balompi\u00e9-3."},"content":{"rendered":"<p><a href=\"https:\/\/i0.wp.com\/www.manquepierda.com\/historiarealbetis\/files\/2012\/11\/1941-RBB38.jpg?ssl=1\"><img data-recalc-dims=\"1\" loading=\"lazy\" decoding=\"async\" class=\"alignleft size-full wp-image-23832\" src=\"https:\/\/i0.wp.com\/www.manquepierda.com\/historiarealbetis\/files\/2012\/11\/1941-RBB38.jpg?resize=154%2C154&#038;ssl=1\" alt=\"\" width=\"154\" height=\"154\" srcset=\"https:\/\/i0.wp.com\/www.manquepierda.com\/historiarealbetis\/files\/2012\/11\/1941-RBB38.jpg?w=154&amp;ssl=1 154w, https:\/\/i0.wp.com\/www.manquepierda.com\/historiarealbetis\/files\/2012\/11\/1941-RBB38.jpg?resize=150%2C150&amp;ssl=1 150w, https:\/\/i0.wp.com\/www.manquepierda.com\/historiarealbetis\/files\/2012\/11\/1941-RBB38.jpg?resize=50%2C50&amp;ssl=1 50w\" sizes=\"auto, (max-width: 154px) 100vw, 154px\" \/><\/a>1941-Noviembre 23.-Domingo en C\u00e1diz-Nuevo Campo de Deportes MIRANDILLA.<\/p>\n<p>(Inauguraci\u00f3n-Domingo 27-Agosto-1933, \u00e1 las 17&#8217;15 Horas,\u00a0 situado junto a la Plaza de Toros.-Primer partido celebrado : Sociedad Cultural y Deportiva Mirandilla F\u00fatbol Club-3 vs. BETIS BALOMPI\u00c9-5 goles):<\/p>\n<p>09\u00aa Jornada Segunda Divisi\u00f3n-Grupo III-Temporada 1941-1942.-15&#8217;45 Horas.<\/p>\n<p><a href=\"https:\/\/i0.wp.com\/www.manquepierda.com\/historiarealbetis\/files\/2012\/11\/mirandilla.jpg?ssl=1\"><img data-recalc-dims=\"1\" loading=\"lazy\" decoding=\"async\" class=\"alignright size-medium wp-image-23833\" src=\"https:\/\/i0.wp.com\/www.manquepierda.com\/historiarealbetis\/files\/2012\/11\/mirandilla.jpg?resize=300%2C155&#038;ssl=1\" alt=\"\" width=\"300\" height=\"155\" srcset=\"https:\/\/i0.wp.com\/www.manquepierda.com\/historiarealbetis\/files\/2012\/11\/mirandilla.jpg?resize=300%2C155&amp;ssl=1 300w, https:\/\/i0.wp.com\/www.manquepierda.com\/historiarealbetis\/files\/2012\/11\/mirandilla.jpg?w=320&amp;ssl=1 320w\" sizes=\"auto, (max-width: 300px) 100vw, 300px\" \/><\/a><\/p>\n<p>Arbitr\u00f3 el colegiado del Centro, \u00c1lvarez Orriols.<\/p>\n<p>Aline\u00f3 \u00e1:<\/p>\n<p>REAL BETIS BALOMPI\u00c9-3 GOLES.<\/p>\n<p style=\"text-align: center\"><a href=\"https:\/\/i0.wp.com\/www.manquepierda.com\/historiarealbetis\/files\/2012\/11\/Paquirri-delantero-centro2.jpg?ssl=1\"><img data-recalc-dims=\"1\" loading=\"lazy\" decoding=\"async\" class=\"aligncenter size-medium wp-image-23834\" src=\"https:\/\/i0.wp.com\/www.manquepierda.com\/historiarealbetis\/files\/2012\/11\/Paquirri-delantero-centro2.jpg?resize=210%2C300&#038;ssl=1\" alt=\"\" width=\"210\" height=\"300\" srcset=\"https:\/\/i0.wp.com\/www.manquepierda.com\/historiarealbetis\/files\/2012\/11\/Paquirri-delantero-centro2.jpg?resize=210%2C300&amp;ssl=1 210w, https:\/\/i0.wp.com\/www.manquepierda.com\/historiarealbetis\/files\/2012\/11\/Paquirri-delantero-centro2.jpg?w=225&amp;ssl=1 225w\" sizes=\"auto, (max-width: 210px) 100vw, 210px\" \/><\/a>2-PAQUIRRI (0-1,\u00a0 35 Minutos; 0-2,\u00a0 51 Minutos).<\/p>\n<p style=\"text-align: center\"><a href=\"https:\/\/i0.wp.com\/www.manquepierda.com\/historiarealbetis\/files\/2012\/11\/FranciscoG%C3%B3mezVicente.jpg?ssl=1\"><img data-recalc-dims=\"1\" loading=\"lazy\" decoding=\"async\" class=\"aligncenter size-full wp-image-23835\" src=\"https:\/\/i0.wp.com\/www.manquepierda.com\/historiarealbetis\/files\/2012\/11\/FranciscoG%C3%B3mezVicente.jpg?resize=135%2C200&#038;ssl=1\" alt=\"\" width=\"135\" height=\"200\" \/><\/a><\/p>\n<p style=\"text-align: center\">1-G\u00d3MEZ (3-3, 83 Minutos).<\/p>\n<p style=\"text-align: left\">Guardameta.-PAQUILLO-Francisco Carmona Reina (19).<\/p>\n<p style=\"text-align: left\">Zagueros.-CABEZA-Lu\u00eds Garc\u00eda Pulido (22),\u00a0 Jos\u00e9 PARDO Montoya (28).<\/p>\n<p style=\"text-align: left\">Medios.-PERAL-Jos\u00e9 Su\u00e1rez Gonz\u00e1lez (30),\u00a0 Francisco G\u00d3MEZ Vicente (31),\u00a0 TOMAS\u00cdN-Rafael Holgu\u00edn Guill\u00e9n (23).<\/p>\n<p style=\"text-align: left\">Delanteros.-SARO-\u00c1ngel Mart\u00edn Rodr\u00edguez (32),\u00a0 Enrique BESC\u00d3S Mambrona (26),\u00a0 PAQUIRRI-Francisco Gonz\u00e1lez Rodr\u00edguez (28),\u00a0 Juan TRUJILLO Dom\u00ednguez (28),\u00a0 PITILO-\u00c1ngel Dom\u00ednguez Esteban (22 a\u00f1os+18 d\u00edas).<\/p>\n<p style=\"text-align: center\"><a href=\"https:\/\/i0.wp.com\/www.manquepierda.com\/historiarealbetis\/files\/2012\/11\/19350217-OConnell1.jpg?ssl=1\"><img data-recalc-dims=\"1\" loading=\"lazy\" decoding=\"async\" class=\"aligncenter size-medium wp-image-23836\" src=\"https:\/\/i0.wp.com\/www.manquepierda.com\/historiarealbetis\/files\/2012\/11\/19350217-OConnell1.jpg?resize=195%2C300&#038;ssl=1\" alt=\"\" width=\"195\" height=\"300\" srcset=\"https:\/\/i0.wp.com\/www.manquepierda.com\/historiarealbetis\/files\/2012\/11\/19350217-OConnell1.jpg?resize=195%2C300&amp;ssl=1 195w, https:\/\/i0.wp.com\/www.manquepierda.com\/historiarealbetis\/files\/2012\/11\/19350217-OConnell1.jpg?w=624&amp;ssl=1 624w\" sizes=\"auto, (max-width: 195px) 100vw, 195px\" \/><\/a>Mr. PATRICK JOSEPH O&#8217;CONNELL (Dubl\u00edn-IRLANDA, 54 A\u00f1os).<\/p>\n<p style=\"text-align: center\"><a href=\"https:\/\/i0.wp.com\/www.manquepierda.com\/historiarealbetis\/files\/2012\/11\/Ram%C3%B3nPolCarbonell3.jpg?ssl=1\"><img data-recalc-dims=\"1\" loading=\"lazy\" decoding=\"async\" class=\"aligncenter size-medium wp-image-23837\" src=\"https:\/\/i0.wp.com\/www.manquepierda.com\/historiarealbetis\/files\/2012\/11\/Ram%C3%B3nPolCarbonell3.jpg?resize=174%2C300&#038;ssl=1\" alt=\"\" width=\"174\" height=\"300\" srcset=\"https:\/\/i0.wp.com\/www.manquepierda.com\/historiarealbetis\/files\/2012\/11\/Ram%C3%B3nPolCarbonell3.jpg?resize=174%2C300&amp;ssl=1 174w, https:\/\/i0.wp.com\/www.manquepierda.com\/historiarealbetis\/files\/2012\/11\/Ram%C3%B3nPolCarbonell3.jpg?resize=594%2C1024&amp;ssl=1 594w, https:\/\/i0.wp.com\/www.manquepierda.com\/historiarealbetis\/files\/2012\/11\/Ram%C3%B3nPolCarbonell3.jpg?w=746&amp;ssl=1 746w\" sizes=\"auto, (max-width: 174px) 100vw, 174px\" \/><\/a><\/p>\n<p style=\"text-align: left\">29\u00ba Presidente REAL BETIS BALOMPI\u00c9-DON RAM\u00d3N POL CARBONELL (41 A\u00f1os.-F\u00e1brica de Tejidos \u00abHijos de Antonio Pol (Roma),\u00a0 Sociedad Regular en Comandita,\u00a0 sita en la Avenida Cruz Roja n\u00ba 21.-Ciudad del Betis-1958).<\/p>\n<p style=\"text-align: center\">Vs.<\/p>\n<p style=\"text-align: center\"><a href=\"https:\/\/i0.wp.com\/www.manquepierda.com\/historiarealbetis\/files\/2012\/11\/escudo-cadiz-c-f-rf_2715181.jpg?ssl=1\"><img data-recalc-dims=\"1\" loading=\"lazy\" decoding=\"async\" class=\"alignleft size-full wp-image-23842\" src=\"https:\/\/i0.wp.com\/www.manquepierda.com\/historiarealbetis\/files\/2012\/11\/escudo-cadiz-c-f-rf_2715181.jpg?resize=116%2C116&#038;ssl=1\" alt=\"\" width=\"116\" height=\"116\" srcset=\"https:\/\/i0.wp.com\/www.manquepierda.com\/historiarealbetis\/files\/2012\/11\/escudo-cadiz-c-f-rf_2715181.jpg?w=116&amp;ssl=1 116w, https:\/\/i0.wp.com\/www.manquepierda.com\/historiarealbetis\/files\/2012\/11\/escudo-cadiz-c-f-rf_2715181.jpg?resize=50%2C50&amp;ssl=1 50w\" sizes=\"auto, (max-width: 116px) 100vw, 116px\" \/><\/a>C\u00c1DIZ CLUB DE F\u00daTBOL-3 Tantos (1-2, 68&#8242;: Ferm\u00edn;\u00a0 2-2, 71&#8242;: Barcel\u00f3; 3-2, Polo, 72 minutos).<\/p>\n<p style=\"text-align: left\">Manuel BUENO Fern\u00e1ndez (26) Portero.- Jos\u00e9 CAYUSO Perea (24),\u00a0 Miguel \u00c1ngel Valc\u00e1rcel Lorenzo (Defensas).-\u00a0 Ferm\u00edn Bejarano Hidalgo-Francisco Virg\u00f3s Baello-Antonio FERN\u00c1NDEZ Jim\u00e9nez (25) Medios.-\u00a0 Manuel S\u00e1nchez G\u00f3mez-Lu\u00eds Barcel\u00f3 Ginesta-Aurelio Le\u00f3n Rovira;\u00a0 ROLD\u00c1N-Ram\u00f3n Blanco Jim\u00e9nez (19); Polo-Antonio M\u00e1rquez Jim\u00e9nez.-Delanteros.<\/p>\n<p style=\"text-align: center\"><a href=\"https:\/\/i0.wp.com\/www.manquepierda.com\/historiarealbetis\/files\/2012\/11\/Jos%C3%A9QuirantePineda1.jpg?ssl=1\"><img data-recalc-dims=\"1\" loading=\"lazy\" decoding=\"async\" class=\"aligncenter size-full wp-image-23840\" src=\"https:\/\/i0.wp.com\/www.manquepierda.com\/historiarealbetis\/files\/2012\/11\/Jos%C3%A9QuirantePineda1.jpg?resize=206%2C300&#038;ssl=1\" alt=\"\" width=\"206\" height=\"300\" \/><\/a>Entrenador,\u00a0 Jos\u00e9 Quirante Pineda.<\/p>\n<p style=\"text-align: center\">Presidente, don Jos\u00e9 Moreno Ruiz.<\/p>\n<p style=\"text-align: left\">RESULTADOS DE LA NOVENA JORNADA LIGA SEGUNDA DIVISI\u00d3N-GRUPO III-TEMPORADA 1941-1942.-CLASIFICACI\u00d3N GENERAL POR EQUIPOS.<\/p>\n<p style=\"text-align: center\">Elche-3 vs. Xerez-0.<\/p>\n<p style=\"text-align: center\">M\u00e1laga-1 vs. Murcia-0.<\/p>\n<p style=\"text-align: center\">Cartagena-0 vs. Ceuta-0.<\/p>\n<p style=\"text-align: center\">C\u00e1diz cf-3 vs. BETIS BALOMPI\u00c9-3.<\/p>\n<p style=\"text-align: left\">1\u00ba.-Real Murcia Club de F\u00fatbol-13 Puntos.-6g-1e-2p.-28-15 Goles Favor-Contra.<\/p>\n<p style=\"text-align: left\"><strong>2\u00ba.-REAL BETIS BALOMPI\u00c9-13 PUNTOS.-5-GANADOS,\u00a0 3-EMPATADOS,\u00a0 1-PERDIDO.-26-GOLES A FAVOR\u00a0 Y\u00a0 15-TANTOS EN CONTRA.<\/strong><\/p>\n<p style=\"text-align: left\"><strong><\/strong>3\u00ba.-Club Deportivo Malacitano-11Puntos.-4g-3e-2p.-15-09 Tantos Favor-Contra.<\/p>\n<p style=\"text-align: left\">4\u00ba.-Sociedad Deportiva Ceuta-09 Puntos.-3g-3e-3p.-19-15 Goles F-C.<\/p>\n<p style=\"text-align: left\">5\u00ba.-Elche Club de F\u00fatbol-09 Puntos.-3g-3e-3p.-16-24 Tantos F-C.<\/p>\n<p style=\"text-align: left\">6\u00ba.-C\u00e1diz Club de F\u00fatbol-08 Puntos.-3g-2e-4p.-17-15 Goles F-C.<\/p>\n<p style=\"text-align: left\">7\u00ba.-Xerez Club de F\u00fatbol-06 Puntos.-2g-2e-5p.-19-28 Tantos F-C.<\/p>\n<p style=\"text-align: left\">8\u00ba.-Cartagena Club de F\u00fatbol-03 Puntos.-0g-3e-6p.-10-29 Goles Favor-Contra.<\/p>\n<p style=\"text-align: center\">Fuentes:<\/p>\n<p>Colecci\u00f3n Personal.<\/p>\n<p>Blog \u00abC\u00e1diz, m\u00e1s cerca que la mar\u00bb.-Campo de juego \u00abMirandilla\u00bb.<\/p>\n<p>Web Cadistas1910.<\/p>\n<p>ABC-Edici\u00f3n Andaluc\u00eda.-Clasificaci\u00f3n.<\/p>\n","protected":false},"excerpt":{"rendered":"<p>1941-Noviembre 23.-Domingo en C\u00e1diz-Nuevo Campo de Deportes MIRANDILLA. (Inauguraci\u00f3n-Domingo 27-Agosto-1933, \u00e1 las 17&#8217;15 Horas,\u00a0 situado junto a la Plaza de Toros.-Primer partido celebrado : Sociedad Cultural y Deportiva Mirandilla F\u00fatbol Club-3 vs. BETIS BALOMPI\u00c9-5 goles): 09\u00aa Jornada Segunda Divisi\u00f3n-Grupo III-Temporada 1941-1942.-15&#8217;45 Horas. Arbitr\u00f3 el colegiado del Centro, \u00c1lvarez Orriols. Aline\u00f3 \u00e1: REAL BETIS BALOMPI\u00c9-3 GOLES&#8230;.<\/p>\n","protected":false},"author":48,"featured_media":23832,"comment_status":"open","ping_status":"open","sticky":false,"template":"","format":"standard","meta":{"_kad_post_transparent":"","_kad_post_title":"","_kad_post_layout":"","_kad_post_sidebar_id":"","_kad_post_content_style":"","_kad_post_vertical_padding":"","_kad_post_feature":"","_kad_post_feature_position":"","_kad_post_header":false,"_kad_post_footer":false,"_kad_post_classname":"","_jetpack_memberships_contains_paid_content":false,"footnotes":"","jetpack_publicize_message":"","jetpack_publicize_feature_enabled":true,"jetpack_social_post_already_shared":false,"jetpack_social_options":{"image_generator_settings":{"template":"highway","default_image_id":0,"font":"","enabled":false},"version":2}},"categories":[900,1],"tags":[49,2222,187,17934],"class_list":["post-23831","post","type-post","status-publish","format-standard","has-post-thumbnail","hentry","category-1940-1949","category-portada","tag-49","tag-1941-42","tag-cadiz-cf","tag-liga-segunda-1941-42"],"jetpack_publicize_connections":[],"jetpack_featured_media_url":"https:\/\/i0.wp.com\/www.manquepierda.com\/historiarealbetis\/files\/2012\/11\/1941-RBB38.jpg?fit=154%2C154&ssl=1","jetpack_sharing_enabled":true,"jetpack_shortlink":"https:\/\/wp.me\/p1ij08-6cn","jetpack-related-posts":[],"_links":{"self":[{"href":"https:\/\/www.manquepierda.com\/historiarealbetis\/wp-json\/wp\/v2\/posts\/23831","targetHints":{"allow":["GET"]}}],"collection":[{"href":"https:\/\/www.manquepierda.com\/historiarealbetis\/wp-json\/wp\/v2\/posts"}],"about":[{"href":"https:\/\/www.manquepierda.com\/historiarealbetis\/wp-json\/wp\/v2\/types\/post"}],"author":[{"embeddable":true,"href":"https:\/\/www.manquepierda.com\/historiarealbetis\/wp-json\/wp\/v2\/users\/48"}],"replies":[{"embeddable":true,"href":"https:\/\/www.manquepierda.com\/historiarealbetis\/wp-json\/wp\/v2\/comments?post=23831"}],"version-history":[{"count":1,"href":"https:\/\/www.manquepierda.com\/historiarealbetis\/wp-json\/wp\/v2\/posts\/23831\/revisions"}],"predecessor-version":[{"id":97195,"href":"https:\/\/www.manquepierda.com\/historiarealbetis\/wp-json\/wp\/v2\/posts\/23831\/revisions\/97195"}],"wp:featuredmedia":[{"embeddable":true,"href":"https:\/\/www.manquepierda.com\/historiarealbetis\/wp-json\/wp\/v2\/media\/23832"}],"wp:attachment":[{"href":"https:\/\/www.manquepierda.com\/historiarealbetis\/wp-json\/wp\/v2\/media?parent=23831"}],"wp:term":[{"taxonomy":"category","embeddable":true,"href":"https:\/\/www.manquepierda.com\/historiarealbetis\/wp-json\/wp\/v2\/categories?post=23831"},{"taxonomy":"post_tag","embeddable":true,"href":"https:\/\/www.manquepierda.com\/historiarealbetis\/wp-json\/wp\/v2\/tags?post=23831"}],"curies":[{"name":"wp","href":"https:\/\/api.w.org\/{rel}","templated":true}]}}