{"id":23940,"date":"2013-08-10T10:39:29","date_gmt":"2013-08-10T08:39:29","guid":{"rendered":"http:\/\/www.manquepierda.com\/historiarealbetis\/?p=23940"},"modified":"2024-10-04T22:49:34","modified_gmt":"2024-10-04T20:49:34","slug":"alineacion-deportivo-betis-amistoso-1927","status":"publish","type":"post","link":"https:\/\/www.manquepierda.com\/historiarealbetis\/alineacion-deportivo-betis-amistoso-1927\/","title":{"rendered":"Alineaci\u00f3n Deportivo-Betis Amistoso 1927"},"content":{"rendered":"<p style=\"text-align: center\"><a href=\"https:\/\/www.manquepierda.com\/historiarealbetis\/23940-alineacion-deportivo-betis-amistoso-1927\/alineacion-deportivo-betis-amistoso-1927-3\/\" rel=\"attachment wp-att-25649\"><img data-recalc-dims=\"1\" loading=\"lazy\" decoding=\"async\" class=\"wp-image-25649 aligncenter\" src=\"https:\/\/i0.wp.com\/www.manquepierda.com\/historiarealbetis\/files\/2012\/12\/Alineaci%C3%B3n-Deportivo-Betis-Amistoso-1927.jpg?resize=604%2C370&#038;ssl=1\" alt=\"Alineaci\u00f3n Deportivo-Betis Amistoso 1927\" width=\"604\" height=\"370\" srcset=\"https:\/\/i0.wp.com\/www.manquepierda.com\/historiarealbetis\/files\/2012\/12\/Alineaci%C3%B3n-Deportivo-Betis-Amistoso-1927.jpg?w=1007&amp;ssl=1 1007w, https:\/\/i0.wp.com\/www.manquepierda.com\/historiarealbetis\/files\/2012\/12\/Alineaci%C3%B3n-Deportivo-Betis-Amistoso-1927.jpg?resize=300%2C183&amp;ssl=1 300w\" sizes=\"auto, (max-width: 604px) 100vw, 604px\" \/><\/a><\/p>\n<p style=\"text-align: center\">15 de agosto de 1927 en Riazor Deportivo 3 Betis 1; partido amistoso.<\/p>\n<p style=\"text-align: center\">En agosto de 1927 el Betis realiza una gira por Galicia con encuentros ante el Deportivo de La Coru\u00f1a y el Racing de Ferrol.<\/p>\n<p style=\"text-align: center\">En la imagen arriba: Casta\u00f1eda, Jim\u00e9nez, Jes\u00fas, Enrique, Romero, Aranda, Tenorio, Adolfito y Le\u00f3n; abajo:\u00a0 Est\u00e9vez, Carrasco y Salda\u00f1a.<\/p>\n","protected":false},"excerpt":{"rendered":"<p>15 de agosto de 1927 en Riazor Deportivo 3 Betis 1; partido amistoso. En agosto de 1927 el Betis realiza una gira por Galicia con encuentros ante el Deportivo de La Coru\u00f1a y el Racing de Ferrol. En la imagen arriba: Casta\u00f1eda, Jim\u00e9nez, Jes\u00fas, Enrique, Romero, Aranda, Tenorio, Adolfito y Le\u00f3n; abajo:\u00a0 Est\u00e9vez, Carrasco y&#8230;<\/p>\n","protected":false},"author":5,"featured_media":23942,"comment_status":"open","ping_status":"open","sticky":false,"template":"","format":"standard","meta":{"_kad_post_transparent":"","_kad_post_title":"","_kad_post_layout":"","_kad_post_sidebar_id":"","_kad_post_content_style":"","_kad_post_vertical_padding":"","_kad_post_feature":"","_kad_post_feature_position":"","_kad_post_header":false,"_kad_post_footer":false,"_kad_post_classname":"","_jetpack_memberships_contains_paid_content":false,"footnotes":"","jetpack_publicize_message":"","jetpack_publicize_feature_enabled":true,"jetpack_social_post_already_shared":true,"jetpack_social_options":{"image_generator_settings":{"template":"highway","default_image_id":0,"font":"","enabled":false},"version":2}},"categories":[898,1],"tags":[1326,2576,9482,106,9009,1219,3013,2707,1473,2387,1412,5239,6659,16882,2391],"class_list":["post-23940","post","type-post","status-publish","format-standard","has-post-thumbnail","hentry","category-1920-1929","category-portada","tag-1326","tag-1927-28","tag-adolfo-sancho-adolfito","tag-andres-aranda","tag-antonio-romero-romerito","tag-antonio-tenorio","tag-carlos-castaneda","tag-enrique-garrido","tag-jesus-bernaldez","tag-jesus-jimenez","tag-jose-estevez","tag-manuel-saldana","tag-paco-leon","tag-real-club-deportivo-la-coruna","tag-victoriano-carrasco"],"jetpack_publicize_connections":[],"jetpack_featured_media_url":"https:\/\/i0.wp.com\/www.manquepierda.com\/historiarealbetis\/files\/2012\/11\/Alineaci%C3%B3n-Deportivo-Betis-Amistoso-19271.jpg?fit=968%2C640&ssl=1","jetpack_sharing_enabled":true,"jetpack_shortlink":"https:\/\/wp.me\/p1ij08-6e8","jetpack-related-posts":[],"_links":{"self":[{"href":"https:\/\/www.manquepierda.com\/historiarealbetis\/wp-json\/wp\/v2\/posts\/23940","targetHints":{"allow":["GET"]}}],"collection":[{"href":"https:\/\/www.manquepierda.com\/historiarealbetis\/wp-json\/wp\/v2\/posts"}],"about":[{"href":"https:\/\/www.manquepierda.com\/historiarealbetis\/wp-json\/wp\/v2\/types\/post"}],"author":[{"embeddable":true,"href":"https:\/\/www.manquepierda.com\/historiarealbetis\/wp-json\/wp\/v2\/users\/5"}],"replies":[{"embeddable":true,"href":"https:\/\/www.manquepierda.com\/historiarealbetis\/wp-json\/wp\/v2\/comments?post=23940"}],"version-history":[{"count":1,"href":"https:\/\/www.manquepierda.com\/historiarealbetis\/wp-json\/wp\/v2\/posts\/23940\/revisions"}],"predecessor-version":[{"id":96994,"href":"https:\/\/www.manquepierda.com\/historiarealbetis\/wp-json\/wp\/v2\/posts\/23940\/revisions\/96994"}],"wp:featuredmedia":[{"embeddable":true,"href":"https:\/\/www.manquepierda.com\/historiarealbetis\/wp-json\/wp\/v2\/media\/23942"}],"wp:attachment":[{"href":"https:\/\/www.manquepierda.com\/historiarealbetis\/wp-json\/wp\/v2\/media?parent=23940"}],"wp:term":[{"taxonomy":"category","embeddable":true,"href":"https:\/\/www.manquepierda.com\/historiarealbetis\/wp-json\/wp\/v2\/categories?post=23940"},{"taxonomy":"post_tag","embeddable":true,"href":"https:\/\/www.manquepierda.com\/historiarealbetis\/wp-json\/wp\/v2\/tags?post=23940"}],"curies":[{"name":"wp","href":"https:\/\/api.w.org\/{rel}","templated":true}]}}