{"id":24065,"date":"2012-11-30T16:23:45","date_gmt":"2012-11-30T15:23:45","guid":{"rendered":"http:\/\/www.manquepierda.com\/historiarealbetis\/?p=24065"},"modified":"2024-08-20T08:12:53","modified_gmt":"2024-08-20T06:12:53","slug":"1941-noviembre-30-2ad3grupo-real-betis-balompie-6-vs-cartagena-cf-1","status":"publish","type":"post","link":"https:\/\/www.manquepierda.com\/historiarealbetis\/1941-noviembre-30-2ad3grupo-real-betis-balompie-6-vs-cartagena-cf-1\/","title":{"rendered":"1941-Noviembre 30-2\u00aaD3G.-Real Betis Balompi\u00e9-6 Cartagena cf-1.-74Aniversario."},"content":{"rendered":"<p style=\"text-align: center\"><strong>XI EDICI\u00d3N-CAMPEONATO NACIONAL LIGA SEGUNDA DIVISI\u00d3N-GRUPO III-TEMPORADA 1941-1942 (Domingo 28-09-1941 \u00e1 Domingo 05-04-1942; ambos inclusive).<br \/>\n<\/strong><\/p>\n<p style=\"text-align: center\"><a href=\"https:\/\/www.manquepierda.com\/historiarealbetis\/24065-1941-noviembre-30-2ad3grupo-real-betis-balompie-6-vs-cartagena-cf-1\/discobolo-4-2\/\" rel=\"attachment wp-att-45108\"><img data-recalc-dims=\"1\" loading=\"lazy\" decoding=\"async\" class=\"aligncenter size-medium wp-image-45108\" src=\"https:\/\/i0.wp.com\/www.manquepierda.com\/historiarealbetis\/files\/2012\/11\/Discobolo-41.jpg?resize=680%2C487&#038;ssl=1\" alt=\"Discobolo-4\" width=\"680\" height=\"487\" srcset=\"https:\/\/i0.wp.com\/www.manquepierda.com\/historiarealbetis\/files\/2012\/11\/Discobolo-41.jpg?resize=680%2C487&amp;ssl=1 680w, https:\/\/i0.wp.com\/www.manquepierda.com\/historiarealbetis\/files\/2012\/11\/Discobolo-41.jpg?resize=220%2C158&amp;ssl=1 220w, https:\/\/i0.wp.com\/www.manquepierda.com\/historiarealbetis\/files\/2012\/11\/Discobolo-41.jpg?w=800&amp;ssl=1 800w\" sizes=\"auto, (max-width: 680px) 100vw, 680px\" \/><\/a><strong>ESTADIO MUNICIPAL DEPORTES \u00abHELI\u00d3POLIS\u00bb (\u00abCIUDAD DEL SOL\u00bb-DOMINGO 30 DE NOVIEMBRE DE 1941.-D\u00c9CIMA JORNADA.<\/strong><\/p>\n<p style=\"text-align: center\">Arbitr\u00f3 el colegiado madrile\u00f1o Jos\u00e9 LASO GUTI\u00c9RREZ.<\/p>\n<p style=\"text-align: left\"><a href=\"https:\/\/www.manquepierda.com\/historiarealbetis\/23546-1941-noviembre-16-2division3grupo-real-betis-balompie-8-vs-elche-cf-3\/ramon-pol-carbonell-5\/\" rel=\"attachment wp-att-44661\"><img data-recalc-dims=\"1\" loading=\"lazy\" decoding=\"async\" class=\"aligncenter size-thumbnail wp-image-44661\" src=\"https:\/\/i0.wp.com\/www.manquepierda.com\/historiarealbetis\/files\/2012\/11\/Ram%C3%B3n-Pol-Carbonell.jpg?resize=136%2C220&#038;ssl=1\" alt=\"Ram\u00f3n Pol Carbonell\" width=\"136\" height=\"220\" srcset=\"https:\/\/i0.wp.com\/www.manquepierda.com\/historiarealbetis\/files\/2012\/11\/Ram%C3%B3n-Pol-Carbonell.jpg?resize=136%2C220&amp;ssl=1 136w, https:\/\/i0.wp.com\/www.manquepierda.com\/historiarealbetis\/files\/2012\/11\/Ram%C3%B3n-Pol-Carbonell.jpg?w=247&amp;ssl=1 247w\" sizes=\"auto, (max-width: 136px) 100vw, 136px\" \/><\/a><em><strong>29\u00aa Presidente don Ram\u00f3n POL CARBONELL (41 a\u00f1os).-Hijo del Presidente (1925-1926).-Industrial.-\u00abF\u00e1brica de Tejidos Viuda de ANTONIO POL ROMA\u00bb-Avenida de la Cruz Roja n\u00ba 21.-E\/E.<\/strong><\/em><\/p>\n<p style=\"text-align: center\"><strong>1\u00ba CON 15 PUNTOS (6-GANADOS+3-EMPATADOS+1-PERDIDO).-32-GOLES-FAVOR Y 16-TANTOS EN CONTRA.<\/strong><\/p>\n<p style=\"text-align: center\"><a href=\"https:\/\/www.manquepierda.com\/historiarealbetis\/23546-1941-noviembre-16-2division3grupo-real-betis-balompie-8-vs-elche-cf-3\/patrick-joseph-oconnell-1935-5\/\" rel=\"attachment wp-att-44662\"><img data-recalc-dims=\"1\" loading=\"lazy\" decoding=\"async\" class=\"aligncenter size-thumbnail wp-image-44662\" src=\"https:\/\/i0.wp.com\/www.manquepierda.com\/historiarealbetis\/files\/2012\/11\/Patrick-Joseph-OConnell-1935.jpg?resize=162%2C220&#038;ssl=1\" alt=\"Patrick Joseph O'Connell-1935\" width=\"162\" height=\"220\" srcset=\"https:\/\/i0.wp.com\/www.manquepierda.com\/historiarealbetis\/files\/2012\/11\/Patrick-Joseph-OConnell-1935.jpg?resize=162%2C220&amp;ssl=1 162w, https:\/\/i0.wp.com\/www.manquepierda.com\/historiarealbetis\/files\/2012\/11\/Patrick-Joseph-OConnell-1935.jpg?resize=441%2C600&amp;ssl=1 441w, https:\/\/i0.wp.com\/www.manquepierda.com\/historiarealbetis\/files\/2012\/11\/Patrick-Joseph-OConnell-1935.jpg?resize=515%2C700&amp;ssl=1 515w, https:\/\/i0.wp.com\/www.manquepierda.com\/historiarealbetis\/files\/2012\/11\/Patrick-Joseph-OConnell-1935.jpg?w=894&amp;ssl=1 894w\" sizes=\"auto, (max-width: 162px) 100vw, 162px\" \/><\/a>Entrenador.-Mr. Patrick Joseph O&#8217;CONNELL (54 a\u00f1os).<\/p>\n<p style=\"text-align: center\"><a href=\"https:\/\/www.manquepierda.com\/historiarealbetis\/23546-1941-noviembre-16-2division3grupo-real-betis-balompie-8-vs-elche-cf-3\/1941-rbb-162\/\" rel=\"attachment wp-att-44660\"><img data-recalc-dims=\"1\" loading=\"lazy\" decoding=\"async\" class=\"aligncenter size-full wp-image-44660\" src=\"https:\/\/i0.wp.com\/www.manquepierda.com\/historiarealbetis\/files\/2012\/11\/1941-RBB52.jpg?resize=154%2C154&#038;ssl=1\" alt=\"1941-RBB\" width=\"154\" height=\"154\" \/><\/a><strong>REAL BETIS BALOMPI\u00c9-6 GOLES.<\/strong><\/p>\n<p style=\"text-align: center\"><a href=\"https:\/\/www.manquepierda.com\/historiarealbetis\/23546-1941-noviembre-16-2division3grupo-real-betis-balompie-8-vs-elche-cf-3\/paquillo-franciscocarmonareina-188x220-4\/\" rel=\"attachment wp-att-44667\"><img data-recalc-dims=\"1\" loading=\"lazy\" decoding=\"async\" class=\"aligncenter size-thumbnail wp-image-44667\" src=\"https:\/\/i0.wp.com\/www.manquepierda.com\/historiarealbetis\/files\/2012\/11\/PAQUILLO-franciscoCarmonaReina-188x220-188x220.png?resize=188%2C220&#038;ssl=1\" alt=\"PAQUILLO-franciscoCarmonaReina-188x220\" width=\"188\" height=\"220\" \/><\/a><strong>1-GUARDAMETA.-Francisco Carmona Reina (a) \u00abPAQUILLO\u00bb (19 a\u00f1os).-Encaj\u00f3 1 Tanto.<\/strong><\/p>\n<p style=\"text-align: center\"><strong>ZAGUEROS:<\/strong><\/p>\n<p style=\"text-align: center\"><strong>2-Lateral Diestro.-Jos\u00e9 PARDO Montoya (28).-3-Lateral Zurdo.-Lu\u00eds Garc\u00eda PULIDO (22).<\/strong><\/p>\n<p style=\"text-align: center\"><strong>MEDIOS:<\/strong><\/p>\n<p style=\"text-align: left\"><strong>4-Diestro.-Francisco ANT\u00daNEZ Espada (19 a\u00f1os+29 d\u00edas).-5-Centro.-Francisco G\u00d3MEZ Vicente (31).-6-Zurdo.-Rafael Holgu\u00edn Guill\u00e9n (a) \u00abTOMAS\u00cdN\u00bb (23).<\/strong><\/p>\n<p style=\"text-align: center\"><strong>DELANTEROS:<\/strong><\/p>\n<p style=\"text-align: center\"><a href=\"https:\/\/www.manquepierda.com\/historiarealbetis\/44261-1944-octubre-29-segunda-division-real-betis-balompie-5-xerez-cf-1-71aniversario\/angel-martin-rodriguez-saro-9\/\" rel=\"attachment wp-att-44273\"><img data-recalc-dims=\"1\" loading=\"lazy\" decoding=\"async\" class=\"aligncenter size-thumbnail wp-image-44273\" src=\"https:\/\/i0.wp.com\/www.manquepierda.com\/historiarealbetis\/files\/2015\/10\/%C3%81ngel-Mart%C3%ADn-Rodr%C3%ADguez-SARO.jpg?resize=149%2C220&#038;ssl=1\" alt=\"\u00c1ngel Mart\u00edn Rodr\u00edguez SARO\" width=\"149\" height=\"220\" srcset=\"https:\/\/i0.wp.com\/www.manquepierda.com\/historiarealbetis\/files\/2015\/10\/%C3%81ngel-Mart%C3%ADn-Rodr%C3%ADguez-SARO.jpg?resize=149%2C220&amp;ssl=1 149w, https:\/\/i0.wp.com\/www.manquepierda.com\/historiarealbetis\/files\/2015\/10\/%C3%81ngel-Mart%C3%ADn-Rodr%C3%ADguez-SARO.jpg?resize=408%2C600&amp;ssl=1 408w, https:\/\/i0.wp.com\/www.manquepierda.com\/historiarealbetis\/files\/2015\/10\/%C3%81ngel-Mart%C3%ADn-Rodr%C3%ADguez-SARO.jpg?w=468&amp;ssl=1 468w\" sizes=\"auto, (max-width: 149px) 100vw, 149px\" \/><\/a><strong>7-Extremo Diestro.-\u00c1ngel Mart\u00edn Rodr\u00edguez (a) \u00abSARO\u00bb (32).<\/strong><\/p>\n<p style=\"text-align: left\"><strong>2-GOLES.-Marc\u00f3 (1-0.-Primer Tiempo+5-1.-Segundo Tiempo)*<\/strong><\/p>\n<p style=\"text-align: center\"><strong>8-Interior Diestro.-Enrique BESC\u00d3S Mambrona (26).<\/strong><\/p>\n<p style=\"text-align: center\"><a href=\"https:\/\/www.manquepierda.com\/historiarealbetis\/23546-1941-noviembre-16-2division3grupo-real-betis-balompie-8-vs-elche-cf-3\/paquirri1-390x600-2\/\" rel=\"attachment wp-att-44669\"><img data-recalc-dims=\"1\" loading=\"lazy\" decoding=\"async\" class=\"aligncenter size-thumbnail wp-image-44669\" src=\"https:\/\/i0.wp.com\/www.manquepierda.com\/historiarealbetis\/files\/2012\/11\/Paquirri1-390x600.jpg?resize=143%2C220&#038;ssl=1\" alt=\"Paquirri1-390x600\" width=\"143\" height=\"220\" srcset=\"https:\/\/i0.wp.com\/www.manquepierda.com\/historiarealbetis\/files\/2012\/11\/Paquirri1-390x600.jpg?resize=143%2C220&amp;ssl=1 143w, https:\/\/i0.wp.com\/www.manquepierda.com\/historiarealbetis\/files\/2012\/11\/Paquirri1-390x600.jpg?resize=390%2C600&amp;ssl=1 390w\" sizes=\"auto, (max-width: 143px) 100vw, 143px\" \/><\/a><strong>9-Centro Delantero-ARIETE.-Francisco Gonz\u00e1lez Rodr\u00edguez (a) \u00abPAQUIRRI\u00bb (28).-<\/strong><\/p>\n<p style=\"text-align: left\"><strong>4-GOLES.-Logr\u00f3 en el Primer Tiempo (2-1+3-1) y en el Segundo (4-1+6-1)*<\/strong><\/p>\n<p style=\"text-align: center\"><strong>10-Interior Zurdo.-GUILLERMO De Castell Adriaenssens (24).<\/strong><\/p>\n<p style=\"text-align: center\"><strong>11-Extremo Zurdo.-Jos\u00e9 SU\u00c1REZ Jap\u00f3n (24).<\/strong><\/p>\n<p style=\"text-align: center\">VS.<\/p>\n<p style=\"text-align: center\">8\u00ba Clasificado con 3 puntos (0G+3E+7P).-11-35 Tantos Favor-Contra).<\/p>\n<p style=\"text-align: center\"><a href=\"https:\/\/www.manquepierda.com\/historiarealbetis\/24065-1941-noviembre-30-2ad3grupo-real-betis-balompie-6-vs-cartagena-cf-1\/cartagenaclubdeftbol1\/\" rel=\"attachment wp-att-45112\"><img data-recalc-dims=\"1\" loading=\"lazy\" decoding=\"async\" class=\"aligncenter size-thumbnail wp-image-45112\" src=\"https:\/\/i0.wp.com\/www.manquepierda.com\/historiarealbetis\/files\/2012\/11\/CartagenaClubdeFtbol1.jpg?resize=173%2C220&#038;ssl=1\" alt=\"CartagenaClubdeFtbol1\" width=\"173\" height=\"220\" srcset=\"https:\/\/i0.wp.com\/www.manquepierda.com\/historiarealbetis\/files\/2012\/11\/CartagenaClubdeFtbol1.jpg?resize=173%2C220&amp;ssl=1 173w, https:\/\/i0.wp.com\/www.manquepierda.com\/historiarealbetis\/files\/2012\/11\/CartagenaClubdeFtbol1.jpg?w=315&amp;ssl=1 315w\" sizes=\"auto, (max-width: 173px) 100vw, 173px\" \/><\/a>CARTAGENA CLUB DE F\u00daTBOL-1 Tanto.<\/p>\n<p style=\"text-align: center\">Masip (Portero).-<strong>6 tantos encajados.<\/strong><\/p>\n<p style=\"text-align: center\">.Griera-Pep\u00edn (Defensas).<\/p>\n<p style=\"text-align: center\">Grech-Gallego-Gonzalo (Medios).<\/p>\n<p style=\"text-align: center\">Santi-Guijarro-Pinto <strong>(1-1.-1erTpo)<\/strong>-Coll-Ruiz (Delanteros).<\/p>\n<p style=\"text-align: left\">RESULTADOS DE LA D\u00c9CIMA JORNADA LIGA SEGUNDA DIVISI\u00d3N-GRUPO III-TEMPORADA 1941-1942.-CLASIFICACI\u00d3N GENERAL POR EQUIPOS.<\/p>\n<p style=\"text-align: center\">Murcia-2 vs. Xerez-0.<\/p>\n<p style=\"text-align: center\">Ceuta-0 vs. M\u00e1laga-1.<\/p>\n<p style=\"text-align: center\">BETIS BALOMPI\u00c9-6 vs. Cartagena-1.<\/p>\n<p style=\"text-align: center\">C\u00e1diz-2 vs. Elche-0.<\/p>\n<p style=\"text-align: left\"><strong>01\u00ba.-REAL BETIS BALOMPI\u00c9-15 PUNTOS.-6-GANADOS,\u00a0 3-EMPATADOS,\u00a0 1-PERDIDO.-32-GOLES A FAVOR\u00a0 Y\u00a0 16-TANTOS EN CONTRA.<\/strong><\/p>\n<p style=\"text-align: left\">02\u00ba.-Real MURCIA Club de F\u00fatbol-15 Puntos.-7g-1e-2p.-30-15 Goles Favor-Contra.<\/p>\n<p style=\"text-align: left\">03\u00ba.-Club Deportivo MALACITANO-13 Puntos.-5g-3e-2p.-16-09 Tantos Favor-Contra.<\/p>\n<p style=\"text-align: left\">04\u00ba.-C\u00c1DIZ Club de F\u00fatbol-10 Puntos.-4g-2e-4p.-19-15 Goles F-C.<\/p>\n<p style=\"text-align: left\">05\u00ba.-Sociedad Deportiva CEUTA-09 Puntos.-3g-3e-4p.-19-16 Tantos F-C.<\/p>\n<p style=\"text-align: left\">06\u00ba.-ELCHE Club de F\u00fatbol-09 Puntos.-3g-3e-4p.-16-26 Goles F-C-<\/p>\n<p style=\"text-align: left\">07\u00ba.-XEREZ Club de F\u00fatbol-06 Puntos.-2g-2e-6p.-19-30 Tantos F-C.<\/p>\n<p style=\"text-align: left\">08\u00ba.-CARTAGENA Club de F\u00fatbol-03 Puntos.-0g-3e-7p.-11-35 Goles Favor-Contra.<\/p>\n<p>&nbsp;<\/p>\n","protected":false},"excerpt":{"rendered":"<p>XI EDICI\u00d3N-CAMPEONATO NACIONAL LIGA SEGUNDA DIVISI\u00d3N-GRUPO III-TEMPORADA 1941-1942 (Domingo 28-09-1941 \u00e1 Domingo 05-04-1942; ambos inclusive). ESTADIO MUNICIPAL DEPORTES \u00abHELI\u00d3POLIS\u00bb (\u00abCIUDAD DEL SOL\u00bb-DOMINGO 30 DE NOVIEMBRE DE 1941.-D\u00c9CIMA JORNADA. Arbitr\u00f3 el colegiado madrile\u00f1o Jos\u00e9 LASO GUTI\u00c9RREZ. 29\u00aa Presidente don Ram\u00f3n POL CARBONELL (41 a\u00f1os).-Hijo del Presidente (1925-1926).-Industrial.-\u00abF\u00e1brica de Tejidos Viuda de ANTONIO POL ROMA\u00bb-Avenida de la&#8230;<\/p>\n","protected":false},"author":48,"featured_media":45108,"comment_status":"open","ping_status":"open","sticky":false,"template":"","format":"standard","meta":{"_kad_post_transparent":"","_kad_post_title":"","_kad_post_layout":"","_kad_post_sidebar_id":"","_kad_post_content_style":"","_kad_post_vertical_padding":"","_kad_post_feature":"","_kad_post_feature_position":"","_kad_post_header":false,"_kad_post_footer":false,"_kad_post_classname":"","_jetpack_memberships_contains_paid_content":false,"footnotes":"","jetpack_publicize_message":"","jetpack_publicize_feature_enabled":true,"jetpack_social_post_already_shared":true,"jetpack_social_options":{"image_generator_settings":{"template":"highway","default_image_id":0,"font":"","enabled":false},"version":2}},"categories":[900,1],"tags":[49,2222,222,17934],"class_list":["post-24065","post","type-post","status-publish","format-standard","has-post-thumbnail","hentry","category-1940-1949","category-portada","tag-49","tag-1941-42","tag-cartagena-c-f","tag-liga-segunda-1941-42"],"jetpack_publicize_connections":[],"jetpack_featured_media_url":"https:\/\/i0.wp.com\/www.manquepierda.com\/historiarealbetis\/files\/2012\/11\/Discobolo-41.jpg?fit=800%2C573&ssl=1","jetpack_sharing_enabled":true,"jetpack_shortlink":"https:\/\/wp.me\/p1ij08-6g9","jetpack-related-posts":[],"_links":{"self":[{"href":"https:\/\/www.manquepierda.com\/historiarealbetis\/wp-json\/wp\/v2\/posts\/24065","targetHints":{"allow":["GET"]}}],"collection":[{"href":"https:\/\/www.manquepierda.com\/historiarealbetis\/wp-json\/wp\/v2\/posts"}],"about":[{"href":"https:\/\/www.manquepierda.com\/historiarealbetis\/wp-json\/wp\/v2\/types\/post"}],"author":[{"embeddable":true,"href":"https:\/\/www.manquepierda.com\/historiarealbetis\/wp-json\/wp\/v2\/users\/48"}],"replies":[{"embeddable":true,"href":"https:\/\/www.manquepierda.com\/historiarealbetis\/wp-json\/wp\/v2\/comments?post=24065"}],"version-history":[{"count":1,"href":"https:\/\/www.manquepierda.com\/historiarealbetis\/wp-json\/wp\/v2\/posts\/24065\/revisions"}],"predecessor-version":[{"id":97230,"href":"https:\/\/www.manquepierda.com\/historiarealbetis\/wp-json\/wp\/v2\/posts\/24065\/revisions\/97230"}],"wp:featuredmedia":[{"embeddable":true,"href":"https:\/\/www.manquepierda.com\/historiarealbetis\/wp-json\/wp\/v2\/media\/45108"}],"wp:attachment":[{"href":"https:\/\/www.manquepierda.com\/historiarealbetis\/wp-json\/wp\/v2\/media?parent=24065"}],"wp:term":[{"taxonomy":"category","embeddable":true,"href":"https:\/\/www.manquepierda.com\/historiarealbetis\/wp-json\/wp\/v2\/categories?post=24065"},{"taxonomy":"post_tag","embeddable":true,"href":"https:\/\/www.manquepierda.com\/historiarealbetis\/wp-json\/wp\/v2\/tags?post=24065"}],"curies":[{"name":"wp","href":"https:\/\/api.w.org\/{rel}","templated":true}]}}