{"id":24108,"date":"2012-11-30T22:46:05","date_gmt":"2012-11-30T21:46:05","guid":{"rendered":"http:\/\/www.manquepierda.com\/historiarealbetis\/?p=24108"},"modified":"2024-08-22T12:15:35","modified_gmt":"2024-08-22T10:15:35","slug":"1947-noviembre-30-3division6g-real-betis-balompie-3-vs-tomelloso-cf-0","status":"publish","type":"post","link":"https:\/\/www.manquepierda.com\/historiarealbetis\/1947-noviembre-30-3division6g-real-betis-balompie-3-vs-tomelloso-cf-0\/","title":{"rendered":"1947-Noviembre 30-3Divisi\u00f3n6G: Real Betis Balompi\u00e9-3 vs. Tomelloso cf-0."},"content":{"rendered":"<p><a href=\"https:\/\/i0.wp.com\/www.manquepierda.com\/historiarealbetis\/files\/2012\/11\/Exposici%C3%B3nIbcna.jpg?ssl=1\"><img data-recalc-dims=\"1\" loading=\"lazy\" decoding=\"async\" class=\"alignleft size-medium wp-image-24109\" alt=\"\" src=\"https:\/\/i0.wp.com\/www.manquepierda.com\/historiarealbetis\/files\/2012\/11\/Exposici%C3%B3nIbcna.jpg?resize=300%2C117&#038;ssl=1\" width=\"300\" height=\"117\" srcset=\"https:\/\/i0.wp.com\/www.manquepierda.com\/historiarealbetis\/files\/2012\/11\/Exposici%C3%B3nIbcna.jpg?resize=300%2C117&amp;ssl=1 300w, https:\/\/i0.wp.com\/www.manquepierda.com\/historiarealbetis\/files\/2012\/11\/Exposici%C3%B3nIbcna.jpg?w=400&amp;ssl=1 400w\" sizes=\"auto, (max-width: 300px) 100vw, 300px\" \/><\/a>1947-Noviembre 30.-Domingo en Sevilla-Estadio Municipal de HELI\u00d3POLIS: 10\u00aa Jornada Liga Tercera Divisi\u00f3n-Grupo VI-Temporada 1947-1948.<\/p>\n<p>Arbitr\u00f3 Garc\u00eda Mora, del Colegio Sur (Huelva).-Aline\u00f3 \u00e1:<\/p>\n<p><a href=\"https:\/\/i0.wp.com\/www.manquepierda.com\/historiarealbetis\/files\/2012\/11\/1941-RBB51.jpg?ssl=1\"><img data-recalc-dims=\"1\" loading=\"lazy\" decoding=\"async\" class=\"alignright size-full wp-image-24110\" alt=\"\" src=\"https:\/\/i0.wp.com\/www.manquepierda.com\/historiarealbetis\/files\/2012\/11\/1941-RBB51.jpg?resize=154%2C154&#038;ssl=1\" width=\"154\" height=\"154\" srcset=\"https:\/\/i0.wp.com\/www.manquepierda.com\/historiarealbetis\/files\/2012\/11\/1941-RBB51.jpg?w=154&amp;ssl=1 154w, https:\/\/i0.wp.com\/www.manquepierda.com\/historiarealbetis\/files\/2012\/11\/1941-RBB51.jpg?resize=150%2C150&amp;ssl=1 150w, https:\/\/i0.wp.com\/www.manquepierda.com\/historiarealbetis\/files\/2012\/11\/1941-RBB51.jpg?resize=50%2C50&amp;ssl=1 50w\" sizes=\"auto, (max-width: 154px) 100vw, 154px\" \/><\/a><\/p>\n<p style=\"text-align: center\">REAL BETIS BALOMPI\u00c9-3 GOLES.<\/p>\n<p style=\"text-align: center\">Marcaron:<\/p>\n<p style=\"text-align: center\"><a href=\"https:\/\/i0.wp.com\/www.manquepierda.com\/historiarealbetis\/files\/2012\/11\/SARO2.jpg?ssl=1\"><img data-recalc-dims=\"1\" loading=\"lazy\" decoding=\"async\" class=\"aligncenter size-full wp-image-24111\" alt=\"\" src=\"https:\/\/i0.wp.com\/www.manquepierda.com\/historiarealbetis\/files\/2012\/11\/SARO2.jpg?resize=150%2C200&#038;ssl=1\" width=\"150\" height=\"200\" \/><\/a><\/p>\n<p style=\"text-align: left\">2-SARO (1-0, penalti por manos de Berlanga tras disparo de Castillo, primer tiempo; 3-0, en los minutos finales, el extremo zurdo b\u00e9tico desbord\u00f3 a Jaro, lanz\u00f3 un ca\u00f1onazo desde larga distancia que bati\u00f3 al cancerbero Orencio).<\/p>\n<p style=\"text-align: center\"><a href=\"https:\/\/i0.wp.com\/www.manquepierda.com\/historiarealbetis\/files\/2012\/11\/RafaelMart%C3%ADnezCastillo.png?ssl=1\"><img data-recalc-dims=\"1\" loading=\"lazy\" decoding=\"async\" class=\"aligncenter size-full wp-image-24113\" alt=\"\" src=\"https:\/\/i0.wp.com\/www.manquepierda.com\/historiarealbetis\/files\/2012\/11\/RafaelMart%C3%ADnezCastillo.png?resize=191%2C223&#038;ssl=1\" width=\"191\" height=\"223\" \/><\/a>1-CASTILLO (2-0, tras el descanso reglamentario, falta sacada por Saro que centr\u00f3 Pe\u00f1a y buen remate del ariete verdiblanco).<\/p>\n<p style=\"text-align: left\">Guardameta.-Joaqu\u00edn CALLER Lombera (30).-**Familiar del presidente b\u00e9tico Mauduit, alias \u00abQuino\u00bb.<\/p>\n<p style=\"text-align: left\">Zagueros.-Manuel CALA Valiente (29),\u00a0 PULIDO-Jos\u00e9 Garc\u00eda Pulido (25).<\/p>\n<p style=\"text-align: left\">Medios.-M\u00c1XIMO Benito Velasco (27),\u00a0 MARIN,\u00a0 Francisco GEN\u00c9 Amar\u00e9 (28 a\u00f1os+17 d\u00edas).<\/p>\n<p style=\"text-align: left\">Delanteros.-GELO-\u00c1ngel Lav\u00edn Orizaola (21),\u00a0 Antonio PE\u00d1A Romero (24),\u00a0 Rafael Mart\u00ednez CASTILLO (25),\u00a0 Jos\u00e9 CABRERA Baz\u00e1n (19),\u00a0 SARO-\u00c1ngel Mart\u00edn Rodr\u00edguez (38).<\/p>\n<p style=\"text-align: center\"><a href=\"https:\/\/i0.wp.com\/www.manquepierda.com\/historiarealbetis\/files\/2012\/11\/Jos%C3%A9QuirantePineda3.jpg?ssl=1\"><img data-recalc-dims=\"1\" loading=\"lazy\" decoding=\"async\" class=\"aligncenter size-full wp-image-24114\" alt=\"\" src=\"https:\/\/i0.wp.com\/www.manquepierda.com\/historiarealbetis\/files\/2012\/11\/Jos%C3%A9QuirantePineda3.jpg?resize=206%2C300&#038;ssl=1\" width=\"206\" height=\"300\" \/><\/a>Jos\u00e9 QUIRANTE Pineda (64 a\u00f1os).-Entrenador.<\/p>\n<p style=\"text-align: center\"><a href=\"https:\/\/i0.wp.com\/www.manquepierda.com\/historiarealbetis\/files\/2012\/11\/FilomenoDeAspeMartinez7.jpg?ssl=1\"><img data-recalc-dims=\"1\" loading=\"lazy\" decoding=\"async\" class=\"aligncenter size-medium wp-image-24115\" alt=\"\" src=\"https:\/\/i0.wp.com\/www.manquepierda.com\/historiarealbetis\/files\/2012\/11\/FilomenoDeAspeMartinez7.jpg?resize=197%2C300&#038;ssl=1\" width=\"197\" height=\"300\" srcset=\"https:\/\/i0.wp.com\/www.manquepierda.com\/historiarealbetis\/files\/2012\/11\/FilomenoDeAspeMartinez7.jpg?resize=197%2C300&amp;ssl=1 197w, https:\/\/i0.wp.com\/www.manquepierda.com\/historiarealbetis\/files\/2012\/11\/FilomenoDeAspeMartinez7.jpg?w=670&amp;ssl=1 670w\" sizes=\"auto, (max-width: 197px) 100vw, 197px\" \/><\/a><\/p>\n<p style=\"text-align: center\">34\u00ba Presidente REAL BETIS BALOMPI\u00c9.-Don FILOMENO DE ASPE MART\u00cdNEZ (37).-Industrial.<\/p>\n<p style=\"text-align: center\"><strong><em>OBITUARIOS-REAL BETIS BALOMPI\u00c9.<\/em><\/strong><\/p>\n<p style=\"text-align: left\">CALA Valiente, Manuel.-Mor\u00f3n de la Frontera (Sevilla), viernes 28-12-1917; s\u00e1bado 10-11-2012.-D. E. P.<\/p>\n<p style=\"text-align: left\">LAV\u00cdN Orizaola, \u00c1ngel (a) \u00abGELO\u00bb.-Santander,\u00a0 domingo 28-03-1926; Sevilla, s\u00e1bado 04-02-2012.-D. E. P.<\/p>\n<p style=\"text-align: left\">PE\u00d1A ROMERO, Antonio.-Sevilla, lunes 01-01-1923; jueves 12-12-1991.-D. E. P.-(Mar\u00eda \u00c1ngeles de las Heras Orellana, viuda).<\/p>\n<p style=\"text-align: left\">QUIRANTE Pineda, Jos\u00e9.-Cox (Alicante), jueves 10-05-1883; Barcelona, s\u00e1bado 30-05-1964.-D. E. P.<\/p>\n<p style=\"text-align: center\">VS.<\/p>\n<p style=\"text-align: center\"><a href=\"https:\/\/i0.wp.com\/www.manquepierda.com\/historiarealbetis\/files\/2012\/11\/tomellosoant1.png?ssl=1\"><img data-recalc-dims=\"1\" loading=\"lazy\" decoding=\"async\" class=\"aligncenter size-medium wp-image-24117\" alt=\"\" src=\"https:\/\/i0.wp.com\/www.manquepierda.com\/historiarealbetis\/files\/2012\/11\/tomellosoant1.png?resize=300%2C283&#038;ssl=1\" width=\"300\" height=\"283\" srcset=\"https:\/\/i0.wp.com\/www.manquepierda.com\/historiarealbetis\/files\/2012\/11\/tomellosoant1.png?resize=300%2C283&amp;ssl=1 300w, https:\/\/i0.wp.com\/www.manquepierda.com\/historiarealbetis\/files\/2012\/11\/tomellosoant1.png?w=424&amp;ssl=1 424w\" sizes=\"auto, (max-width: 300px) 100vw, 300px\" \/><\/a><\/p>\n<p style=\"text-align: center\">TOMELLOSO CLUB DE F\u00daTBOL-0 Tantos.<\/p>\n<p style=\"text-align: left\">Orencio (Portero).-Jaro-Berlanga (Defensas).-Lol\u00edn-Manchado-Verdejo (Medios).-Llorente-Ariona-Chamorro-Berrocal (Delanteros).<\/p>\n<p style=\"text-align: left\">RESULTADOS DE LA D\u00c9CIMA JORNADA LIGA TERCERA DIVISI\u00d3N-GRUPO VI-TEMPORADA 1947-1948.-CLSIFICACI\u00d3N GENERAL POR EQUIPOS.<\/p>\n<p style=\"text-align: center\">Segoviana-4 vs. Talavera-2,<\/p>\n<p style=\"text-align: center\">Toledo-2 vs. Salamanca-4.<\/p>\n<p style=\"text-align: center\">BETIS BALOMPI\u00c9-3 vs. Tomelloso-0.<\/p>\n<p style=\"text-align: center\">Plus Ultra-2 vs. Cacere\u00f1o-2.<\/p>\n<p style=\"text-align: center\">Badajoz-5 vs. Ferroviaria-1.<\/p>\n<p style=\"text-align: center\">Alc\u00e1zar-2 vs. \u00c1vila-1.<\/p>\n<p style=\"text-align: center\">Chamber\u00ed-3 vs. Manchego-1.<\/p>\n<p style=\"text-align: left\">01\u00ba.-Uni\u00f3n Deportiva SALAMANCA-19 Puntos.-9g-1e-0p.-35-05 Goles Favor-Contra.<\/p>\n<p style=\"text-align: left\">02\u00ba.-Club Deportivo BADAJOZ-17 Puntos.-8g-1e-1p.-37-15 Tantos Favor-Contra.<\/p>\n<p style=\"text-align: left\"><strong>03\u00ba.-REAL BETIS BALOMPI\u00c9-14 PUNTOS.-6-GANADOS,\u00a0 2-EMPATADOS,\u00a0 2-PERDIDOS.-20-GOLES A FAVOR\u00a0 Y\u00a0 09-TANTOS EN CONTRA.<\/strong><\/p>\n<p style=\"text-align: left\">04\u00ba.-Club Deportivo CACERE\u00d1O-13 Puntos.-5g-3e-2p.-27-22 Goles F-C.<\/p>\n<p style=\"text-align: left\">05\u00ba.-Agrupaci\u00f3n Deportiva PLUS ULTRA (Madrid)-11 Puntos.-5g-1e-4p.-26-19 Tantos F-C.<\/p>\n<p style=\"text-align: left\">06\u00ba.-Club Deportivo TOLEDO-11 Puntos.-4g-3e-3p.-26-21 Goles F-C.<\/p>\n<p style=\"text-align: left\">07\u00ba.-Club Deportivo TALAVERA de la Reina (Toledo)-10 Puntos.-5g-0e-5p.-30-22 Tantos F-C.<\/p>\n<p style=\"text-align: left\">08\u00ba.-Sociedad Deportiva Gimn\u00e1stica SEGOVIANA-10 Puntos.-5g-0e-5p.-25-24 Goles F-C.<\/p>\n<p style=\"text-align: left\">09\u00ba.-Club de F\u00fatbol Gimn\u00e1stico ALC\u00c1ZAR de San Juan (Ciudad Real)-10 Puntos.-4g-2e-4p.-19-29 Tantos F-C.<\/p>\n<p style=\"text-align: left\">10\u00ba.-TOMELLOSO Club de F\u00fatbol (Ciudad Real)-08 Puntos.-4g-0e-6p.-18-28 Goles F-C.<\/p>\n<p style=\"text-align: left\">11\u00ba.-\u00c1VILA Club de F\u00fatbol-07 Puntos.-3g-1e-6p.-22-24 Tantos F-C.<\/p>\n<p style=\"text-align: left\">12\u00ba.-Agrupaci\u00f3n Recreativa CHAMBER\u00cd (Madrid)-07 Puntos.-3g-1e-6p.-11-25 Goles F-C.<\/p>\n<p style=\"text-align: left\">13\u00ba.-Agrupaci\u00f3n Deportiva FERROVIARIA (Madrid)-05 Puntos.-2g-1e-7p.-15-39 Tantos F-C.<\/p>\n<p style=\"text-align: left\">14\u00ba.-Club Deportivo MANCHEGO (Ciudad Real)-02 Puntos.-1g-0e-9p.-12-32 Goles Favor-Contra.<\/p>\n","protected":false},"excerpt":{"rendered":"<p>1947-Noviembre 30.-Domingo en Sevilla-Estadio Municipal de HELI\u00d3POLIS: 10\u00aa Jornada Liga Tercera Divisi\u00f3n-Grupo VI-Temporada 1947-1948. Arbitr\u00f3 Garc\u00eda Mora, del Colegio Sur (Huelva).-Aline\u00f3 \u00e1: REAL BETIS BALOMPI\u00c9-3 GOLES. Marcaron: 2-SARO (1-0, penalti por manos de Berlanga tras disparo de Castillo, primer tiempo; 3-0, en los minutos finales, el extremo zurdo b\u00e9tico desbord\u00f3 a Jaro, lanz\u00f3 un ca\u00f1onazo&#8230;<\/p>\n","protected":false},"author":48,"featured_media":24109,"comment_status":"open","ping_status":"open","sticky":false,"template":"","format":"standard","meta":{"_kad_post_transparent":"","_kad_post_title":"","_kad_post_layout":"","_kad_post_sidebar_id":"","_kad_post_content_style":"","_kad_post_vertical_padding":"","_kad_post_feature":"","_kad_post_feature_position":"","_kad_post_header":false,"_kad_post_footer":false,"_kad_post_classname":"","_jetpack_memberships_contains_paid_content":false,"footnotes":"","jetpack_publicize_message":"","jetpack_publicize_feature_enabled":true,"jetpack_social_post_already_shared":true,"jetpack_social_options":{"image_generator_settings":{"template":"highway","default_image_id":0,"font":"","enabled":false},"version":2}},"categories":[900,1],"tags":[52,10150,17781,17681],"class_list":["post-24108","post","type-post","status-publish","format-standard","has-post-thumbnail","hentry","category-1940-1949","category-portada","tag-52","tag-1947-48","tag-liga-tercera-1947-48","tag-tomelloso-cf"],"jetpack_publicize_connections":[],"jetpack_featured_media_url":"https:\/\/i0.wp.com\/www.manquepierda.com\/historiarealbetis\/files\/2012\/11\/Exposici%C3%B3nIbcna.jpg?fit=400%2C156&ssl=1","jetpack_sharing_enabled":true,"jetpack_shortlink":"https:\/\/wp.me\/p1ij08-6gQ","jetpack-related-posts":[],"_links":{"self":[{"href":"https:\/\/www.manquepierda.com\/historiarealbetis\/wp-json\/wp\/v2\/posts\/24108","targetHints":{"allow":["GET"]}}],"collection":[{"href":"https:\/\/www.manquepierda.com\/historiarealbetis\/wp-json\/wp\/v2\/posts"}],"about":[{"href":"https:\/\/www.manquepierda.com\/historiarealbetis\/wp-json\/wp\/v2\/types\/post"}],"author":[{"embeddable":true,"href":"https:\/\/www.manquepierda.com\/historiarealbetis\/wp-json\/wp\/v2\/users\/48"}],"replies":[{"embeddable":true,"href":"https:\/\/www.manquepierda.com\/historiarealbetis\/wp-json\/wp\/v2\/comments?post=24108"}],"version-history":[{"count":1,"href":"https:\/\/www.manquepierda.com\/historiarealbetis\/wp-json\/wp\/v2\/posts\/24108\/revisions"}],"predecessor-version":[{"id":97548,"href":"https:\/\/www.manquepierda.com\/historiarealbetis\/wp-json\/wp\/v2\/posts\/24108\/revisions\/97548"}],"wp:featuredmedia":[{"embeddable":true,"href":"https:\/\/www.manquepierda.com\/historiarealbetis\/wp-json\/wp\/v2\/media\/24109"}],"wp:attachment":[{"href":"https:\/\/www.manquepierda.com\/historiarealbetis\/wp-json\/wp\/v2\/media?parent=24108"}],"wp:term":[{"taxonomy":"category","embeddable":true,"href":"https:\/\/www.manquepierda.com\/historiarealbetis\/wp-json\/wp\/v2\/categories?post=24108"},{"taxonomy":"post_tag","embeddable":true,"href":"https:\/\/www.manquepierda.com\/historiarealbetis\/wp-json\/wp\/v2\/tags?post=24108"}],"curies":[{"name":"wp","href":"https:\/\/api.w.org\/{rel}","templated":true}]}}