{"id":24175,"date":"2012-12-02T12:06:16","date_gmt":"2012-12-02T11:06:16","guid":{"rendered":"http:\/\/www.manquepierda.com\/historiarealbetis\/?p=24175"},"modified":"2024-08-23T18:16:25","modified_gmt":"2024-08-23T16:16:25","slug":"1945-diciembre-02-segunda-real-betis-balompie-0-vs-cd-sabadell-1","status":"publish","type":"post","link":"https:\/\/www.manquepierda.com\/historiarealbetis\/1945-diciembre-02-segunda-real-betis-balompie-0-vs-cd-sabadell-1\/","title":{"rendered":"1945-Diciembre 02-Segunda: Real Betis Balompi\u00e9-0 vs. CD Sabadell-1."},"content":{"rendered":"<p><a href=\"https:\/\/i0.wp.com\/www.manquepierda.com\/historiarealbetis\/files\/2012\/12\/Int.Est_.Exposici%C3%B3n.jpg?ssl=1\"><img data-recalc-dims=\"1\" loading=\"lazy\" decoding=\"async\" class=\"alignleft size-medium wp-image-24176\" alt=\"\" src=\"https:\/\/i0.wp.com\/www.manquepierda.com\/historiarealbetis\/files\/2012\/12\/Int.Est_.Exposici%C3%B3n.jpg?resize=300%2C153&#038;ssl=1\" width=\"300\" height=\"153\" srcset=\"https:\/\/i0.wp.com\/www.manquepierda.com\/historiarealbetis\/files\/2012\/12\/Int.Est_.Exposici%C3%B3n.jpg?resize=300%2C153&amp;ssl=1 300w, https:\/\/i0.wp.com\/www.manquepierda.com\/historiarealbetis\/files\/2012\/12\/Int.Est_.Exposici%C3%B3n.jpg?w=400&amp;ssl=1 400w\" sizes=\"auto, (max-width: 300px) 100vw, 300px\" \/><\/a>1945-Diciembre 02.-Domingo en la Ciudad del Betis-Estadio Municipal de HELI\u00d3POLIS.<\/p>\n<p>10\u00aa Jornada Liga Segunda Divisi\u00f3n-Temporada 1945-1946.<\/p>\n<p>Arbitr\u00f3 \u00c1lvarez P\u00e9rez, del Centro.-Aline\u00f3 \u00e1:<\/p>\n<p>&nbsp;<\/p>\n<p style=\"text-align: left\"><a href=\"https:\/\/i0.wp.com\/www.manquepierda.com\/historiarealbetis\/files\/2012\/12\/1941-RBB1.jpg?ssl=1\"><img data-recalc-dims=\"1\" loading=\"lazy\" decoding=\"async\" class=\"alignright size-full wp-image-24177\" alt=\"\" src=\"https:\/\/i0.wp.com\/www.manquepierda.com\/historiarealbetis\/files\/2012\/12\/1941-RBB1.jpg?resize=154%2C154&#038;ssl=1\" width=\"154\" height=\"154\" srcset=\"https:\/\/i0.wp.com\/www.manquepierda.com\/historiarealbetis\/files\/2012\/12\/1941-RBB1.jpg?w=154&amp;ssl=1 154w, https:\/\/i0.wp.com\/www.manquepierda.com\/historiarealbetis\/files\/2012\/12\/1941-RBB1.jpg?resize=150%2C150&amp;ssl=1 150w, https:\/\/i0.wp.com\/www.manquepierda.com\/historiarealbetis\/files\/2012\/12\/1941-RBB1.jpg?resize=50%2C50&amp;ssl=1 50w\" sizes=\"auto, (max-width: 154px) 100vw, 154px\" \/><\/a>REAL BETIS BALOMPI\u00c9-0 goles.<\/p>\n<p style=\"text-align: left\">Guardameta.-Alfredo GR\u00c9US Lozano (24 a\u00f1os cumplir\u00eda el s\u00e1bado 29-12-1945).<\/p>\n<p style=\"text-align: left\">Zagueros.-MARIANO S\u00e1enz Cristiano (26), Francisco ANT\u00daNEZ Espada (23).<\/p>\n<p style=\"text-align: left\">Medios.-Francisco GEN\u00c9 Amar\u00e9 (25), Jos\u00e9 RUIZ L\u00f3pez,\u00a0 Guillermo COLL Munar (25).<\/p>\n<p style=\"text-align: left\">Delanteros.-SARO-\u00c1ngel Mart\u00edn Rodr\u00edguez (35), Antonio PE\u00d1A Romero (21), ROLD\u00c1N-Ram\u00f3n Blanco Jim\u00e9nez (24 a\u00f1os cumplir\u00eda el domingo 23-12-1945), Jos\u00e9 PINEDA \u00c1lvarez (31), PITILO-\u00c1ngel Dom\u00ednguez Esteban (Madrid, mi\u00e9rcoles 05-11-1919.-26 a\u00f1os).<\/p>\n<p style=\"text-align: center\"><a href=\"https:\/\/i0.wp.com\/www.manquepierda.com\/historiarealbetis\/files\/2012\/12\/PedroSol%C3%A9Junoy.jpg?ssl=1\"><img data-recalc-dims=\"1\" loading=\"lazy\" decoding=\"async\" class=\"aligncenter size-full wp-image-24178\" alt=\"\" src=\"https:\/\/i0.wp.com\/www.manquepierda.com\/historiarealbetis\/files\/2012\/12\/PedroSol%C3%A9Junoy.jpg?resize=73%2C92&#038;ssl=1\" width=\"73\" height=\"92\" \/><\/a>Pedro SOL\u00c9 Junoy (40 a\u00f1os).-Entrenador Betis Balompi\u00e9.<\/p>\n<p style=\"text-align: center\"><a href=\"https:\/\/i0.wp.com\/www.manquepierda.com\/historiarealbetis\/files\/2012\/12\/Eduardo-Benjumea-V%C3%A1zquez1-300x237.jpg?ssl=1\"><img data-recalc-dims=\"1\" loading=\"lazy\" decoding=\"async\" class=\"aligncenter size-full wp-image-24179\" alt=\"\" src=\"https:\/\/i0.wp.com\/www.manquepierda.com\/historiarealbetis\/files\/2012\/12\/Eduardo-Benjumea-V%C3%A1zquez1.jpg?resize=300%2C237&#038;ssl=1\" width=\"300\" height=\"237\" \/><\/a><\/p>\n<p style=\"text-align: center\">32\u00ba Presidente REAL BETIS BALOMPI\u00c9.-Don EDUARDO BENJUMEA V\u00c1ZQUEZ-ARMERO (Abogado.-43 a\u00f1os).<\/p>\n<p style=\"text-align: center\"><em><strong>OBITUARIOS-REAL BETIS BALOMPI\u00c9<\/strong><\/em>:<\/p>\n<p style=\"text-align: left\">ANT\u00daNEZ Espada, Francisco.-Sevilla, mi\u00e9rcoles 01-11-1922.-martes 16-08-1994.-D. E. P.<\/p>\n<p style=\"text-align: left\">BENJUMEA V\u00e1zquez-Armero, Eduardo-32\u00ba Presidente-Abogado.-Sevilla, mi\u00e9rcoles 27-11-1901.-Domingo, 30-07-1961.-D. E. P.<\/p>\n<p style=\"text-align: left\">COLL Munar, Guillermo.-Inca (Islas Baleares), viernes 31-01-1919.-Lunes, 29-03-1976.-D. E. P.<\/p>\n<p style=\"text-align: left\">GEN\u00c9 Amar\u00e9, Francisco.-Barcelona, lunes 17-11-1919.-\u00bf?<\/p>\n<p style=\"text-align: left\">MARIANO S\u00e1enz Cristiano.-Madrid, mi\u00e9rcoles 27-08-1919.-Sevilla, mi\u00e9rcoles 31-05-2000.-D. E. P.-(Viuda D\u00aa. Mar\u00eda del Carmen Treinta Mahindo).<\/p>\n<p style=\"text-align: left\">Antonio PE\u00d1A Romero.-Sevilla, lunes 01-01-1923.-Jueves 12-DICIEMBRE-1991.-D. E. P.-(Viuda do\u00f1a Mar\u00eda de los \u00c1ngeles de las Heras Orellana.-Domiciliado en N\u00facleo Residencial \u00abSanta Ana\u00bb-Bloque 15-Piso 4\u00baB).<\/p>\n<p style=\"text-align: left\">Jos\u00e9 PINEDA \u00c1lvarez.-Alcal\u00e1 de Guadaira (Sevilla), lunes 26-05-1924.-Jueves 22-06-2000.-D. E. P.<\/p>\n<p style=\"text-align: left\">ROLD\u00c1N-Ram\u00f3n Blanco Jim\u00e9nez.-Puerto Real (C\u00e1diz), viernes 23-12-1921.-C\u00e1diz, martes 27-07-2004.-D. E. P.<\/p>\n<p style=\"text-align: left\">RUIZ L\u00f3pez, Jos\u00e9.-\u00bf? y \u00bf?<\/p>\n<p style=\"text-align: left\">SARO-\u00c1ngel Mart\u00edn Rodr\u00edguez.-Valladolid, lunes 01-03-1909.-\u00bf?<\/p>\n<p style=\"text-align: left\">Pedro SOL\u00c9 Junoy-Entrenador Betis Balompi\u00e9.-Barcelona, domingo 07-05-1905.-Jueves 25-02-1982.-D. E. P.<\/p>\n<p style=\"text-align: center\">VS.<\/p>\n<p style=\"text-align: center\">Centro de Deportes SABADELL Club de F\u00fatbol-1 Tanto.<\/p>\n<p style=\"text-align: left\">Ricardo Pujol Panades (Portero).-Jos\u00e9 Bayo Bernad-Tellechea (Defensas).-Nicol\u00e1s Santacalina Ferreres-Lu\u00eds Igual Calvo-Manuel Cerver\u00f3 Chivas (Medios).-Navarro-V\u00e1zquez-Juan Gaj\u00fa Casanovas-Manuel Pallas Ferrer (0-1, 30 minutos)-Mario (Delanteros).<\/p>\n<p style=\"text-align: left\">RESULTADOS DE LA D\u00c9CIMA JORNADA LIGA SEGUNDA DIVISI\u00d3N-TEMPORADA 1945-1946.-CLASIFICACI\u00d3N GENERAL POR EQUIPOS.<\/p>\n<p style=\"text-align: center\">Zaragoza-1 vs. Deportivo-2.<\/p>\n<p style=\"text-align: center\">Ferrol-6 vs. C\u00f3rdoba-0.<\/p>\n<p style=\"text-align: center\">Racing Santander-4 vs. Real Sociedad-0.<\/p>\n<p style=\"text-align: center\">Gimn\u00e1stic Tarragona-1 vs. Xerez-1.<\/p>\n<p style=\"text-align: center\">BETIS BALOMPI\u00c9-0 vs. Sabadell-1.<\/p>\n<p style=\"text-align: center\">Ceuta-1 Salamanca-0.<\/p>\n<p style=\"text-align: center\">Granada-1 vs. Mallorca-2.<\/p>\n<p style=\"text-align: left\">01\u00ba.-Centro de Deportes SABADELL Club de F\u00fatbol-15 Puntos.-7g-1e-2p.-24-12 Goles Favor-Contra.<\/p>\n<p style=\"text-align: left\">02\u00ba.-Racing Club Ferrol-15 Puntos.-7g-1e-2p.-22-14 Tantos Favor-Contra.<\/p>\n<p style=\"text-align: left\">03\u00ba.-Real SOCIEDAD de F\u00fatbol (San Sebasti\u00e1n)-12 Puntos.-21-15 Goles Favor-Contra.<\/p>\n<p style=\"text-align: left\"><strong>04\u00ba.-REAL BETIS BALOMPI\u00c9-11 PUNTOS.-5-GANADOS,\u00a0 1-EMPATADO,\u00a0 4-PERDIDOS.-16-GOLES A FAVOR\u00a0 Y\u00a0 14-TANTOS EN CONTRA.<\/strong><\/p>\n<p style=\"text-align: left\"><strong><\/strong>05\u00ba.-Club GIMN\u00c1TCO de Tarragona-11 Puntos.-4g-3e-3p.-17-19 Tantos F-C.<\/p>\n<p style=\"text-align: left\">06\u00ba.-Real Club Deportivo C\u00d3RDOBA-11 Puntos.-5g-1e-4p.-13-14 Goles F-C.<\/p>\n<p style=\"text-align: left\">07\u00ba.-GRANADA Cl\u00fab de F\u00fatbol-10 Puntos.-4g-2e-4p.-17-14 Tantos F-C.<\/p>\n<p style=\"text-align: left\">08\u00ba.-Club Deportivo MALLORCA-10 Puntos.-5g-0e-5p.-17-15 Goles F-C.<\/p>\n<p style=\"text-align: left\">09\u00ba.-Real Racing Club de SANTANDER-09 Puntos.-4g-1e-5p.-26-17 Tantos F-C.<\/p>\n<p style=\"text-align: left\">10\u00ba.-Uni\u00f3n Deportiva SALAMANCA-09 Puntos.-4g-1e-5p.-17-17 Goles F-C.<\/p>\n<p style=\"text-align: left\">11\u00ba.-Real Club DEPORTIVO de La Coru\u00f1a-09 Puntos.-4g-1e-5p.-11-14 Tantos F-C.<\/p>\n<p style=\"text-align: left\">12\u00ba.-XEREZ Club de F\u00fatbol-08 Puntos.-3g-2e-5p.-19-34 Goles F-C.<\/p>\n<p style=\"text-align: left\">13\u00ba.-Real ZARAGOZA Club de F\u00fatbol-05 Puntos.-2g-1e-7p.-18-26 Tantos F-C.<\/p>\n<p style=\"text-align: left\">14\u00ba.-Sociedad Deportiva CEUTA-05 Puntos.-2g-1e-7p.-10-24 Goles Favor-Contra.<\/p>\n<p style=\"text-align: left\">Fuentes.<\/p>\n<p style=\"text-align: left\">Colecci\u00f3n personal.<\/p>\n<p style=\"text-align: left\">bdfutbol.com<\/p>\n<p style=\"text-align: left\">\n","protected":false},"excerpt":{"rendered":"<p>1945-Diciembre 02.-Domingo en la Ciudad del Betis-Estadio Municipal de HELI\u00d3POLIS. 10\u00aa Jornada Liga Segunda Divisi\u00f3n-Temporada 1945-1946. Arbitr\u00f3 \u00c1lvarez P\u00e9rez, del Centro.-Aline\u00f3 \u00e1: &nbsp; REAL BETIS BALOMPI\u00c9-0 goles. Guardameta.-Alfredo GR\u00c9US Lozano (24 a\u00f1os cumplir\u00eda el s\u00e1bado 29-12-1945). Zagueros.-MARIANO S\u00e1enz Cristiano (26), Francisco ANT\u00daNEZ Espada (23). Medios.-Francisco GEN\u00c9 Amar\u00e9 (25), Jos\u00e9 RUIZ L\u00f3pez,\u00a0 Guillermo COLL Munar (25)&#8230;.<\/p>\n","protected":false},"author":48,"featured_media":24176,"comment_status":"open","ping_status":"open","sticky":false,"template":"","format":"standard","meta":{"_kad_post_transparent":"","_kad_post_title":"","_kad_post_layout":"","_kad_post_sidebar_id":"","_kad_post_content_style":"","_kad_post_vertical_padding":"","_kad_post_feature":"","_kad_post_feature_position":"","_kad_post_header":false,"_kad_post_footer":false,"_kad_post_classname":"","_jetpack_memberships_contains_paid_content":false,"footnotes":"","jetpack_publicize_message":"","jetpack_publicize_feature_enabled":true,"jetpack_social_post_already_shared":true,"jetpack_social_options":{"image_generator_settings":{"template":"highway","default_image_id":0,"font":"","enabled":false},"version":2}},"categories":[900,1],"tags":[1222,2621,17047,17857],"class_list":["post-24175","post","type-post","status-publish","format-standard","has-post-thumbnail","hentry","category-1940-1949","category-portada","tag-1222","tag-1945-46","tag-ce-sabadell","tag-liga-segunda-1945-46"],"jetpack_publicize_connections":[],"jetpack_featured_media_url":"https:\/\/i0.wp.com\/www.manquepierda.com\/historiarealbetis\/files\/2012\/12\/Int.Est_.Exposici%C3%B3n.jpg?fit=400%2C205&ssl=1","jetpack_sharing_enabled":true,"jetpack_shortlink":"https:\/\/wp.me\/p1ij08-6hV","jetpack-related-posts":[],"_links":{"self":[{"href":"https:\/\/www.manquepierda.com\/historiarealbetis\/wp-json\/wp\/v2\/posts\/24175","targetHints":{"allow":["GET"]}}],"collection":[{"href":"https:\/\/www.manquepierda.com\/historiarealbetis\/wp-json\/wp\/v2\/posts"}],"about":[{"href":"https:\/\/www.manquepierda.com\/historiarealbetis\/wp-json\/wp\/v2\/types\/post"}],"author":[{"embeddable":true,"href":"https:\/\/www.manquepierda.com\/historiarealbetis\/wp-json\/wp\/v2\/users\/48"}],"replies":[{"embeddable":true,"href":"https:\/\/www.manquepierda.com\/historiarealbetis\/wp-json\/wp\/v2\/comments?post=24175"}],"version-history":[{"count":1,"href":"https:\/\/www.manquepierda.com\/historiarealbetis\/wp-json\/wp\/v2\/posts\/24175\/revisions"}],"predecessor-version":[{"id":97730,"href":"https:\/\/www.manquepierda.com\/historiarealbetis\/wp-json\/wp\/v2\/posts\/24175\/revisions\/97730"}],"wp:featuredmedia":[{"embeddable":true,"href":"https:\/\/www.manquepierda.com\/historiarealbetis\/wp-json\/wp\/v2\/media\/24176"}],"wp:attachment":[{"href":"https:\/\/www.manquepierda.com\/historiarealbetis\/wp-json\/wp\/v2\/media?parent=24175"}],"wp:term":[{"taxonomy":"category","embeddable":true,"href":"https:\/\/www.manquepierda.com\/historiarealbetis\/wp-json\/wp\/v2\/categories?post=24175"},{"taxonomy":"post_tag","embeddable":true,"href":"https:\/\/www.manquepierda.com\/historiarealbetis\/wp-json\/wp\/v2\/tags?post=24175"}],"curies":[{"name":"wp","href":"https:\/\/api.w.org\/{rel}","templated":true}]}}