{"id":24498,"date":"2012-12-12T07:13:59","date_gmt":"2012-12-12T06:13:59","guid":{"rendered":"http:\/\/www.manquepierda.com\/historiarealbetis\/?p=24498"},"modified":"2023-10-24T20:05:32","modified_gmt":"2023-10-24T18:05:32","slug":"luis-aragones","status":"publish","type":"post","link":"https:\/\/www.manquepierda.com\/historiarealbetis\/luis-aragones\/","title":{"rendered":"Luis Aragon\u00e9s"},"content":{"rendered":"<p><a href=\"https:\/\/i0.wp.com\/www.manquepierda.com\/historiarealbetis\/files\/2012\/12\/Luis-Aragon%C3%A9s.jpg?ssl=1\"><img data-recalc-dims=\"1\" loading=\"lazy\" decoding=\"async\" class=\"aligncenter size-full wp-image-24499\" src=\"https:\/\/i0.wp.com\/www.manquepierda.com\/historiarealbetis\/files\/2012\/12\/Luis-Aragon%C3%A9s.jpg?resize=400%2C526&#038;ssl=1\" alt=\"\" width=\"400\" height=\"526\" srcset=\"https:\/\/i0.wp.com\/www.manquepierda.com\/historiarealbetis\/files\/2012\/12\/Luis-Aragon%C3%A9s.jpg?w=400&amp;ssl=1 400w, https:\/\/i0.wp.com\/www.manquepierda.com\/historiarealbetis\/files\/2012\/12\/Luis-Aragon%C3%A9s.jpg?resize=228%2C300&amp;ssl=1 228w\" sizes=\"auto, (max-width: 400px) 100vw, 400px\" \/><\/a><\/p>\n<p><strong>Luis Aragon\u00e9s Su\u00e1rez.<\/strong> Nacido en Madrid el 28 de julio de 1938 y fallecido en Madrid el 1 de febrero de 2014.<\/p>\n<p>Centrocampista.<\/p>\n<p>Luis Aragon\u00e9s comenz\u00f3 a jugar al f\u00fatbol en el equipo de El Pinar, del que pas\u00f3 a las categor\u00edas inferiores del Getafe y posteriormente al Real Madrid juvenil. El club madridista lo cedi\u00f3 al Recreativo de Huelva, as\u00ed como al H\u00e9rcules, antes de integrarlo a su filial, el Plus Ultra, que por entonces militaba en la Segunda Divisi\u00f3n, aunque en esa misma temporada fue de nuevo cedido, esta vez a un Primera Divisi\u00f3n como era el Real Oviedo.<\/p>\n<p>Destac\u00f3 en el comjunto asturiano y jug\u00f3 13 partidos marcando 4 goles (3 de ellos el Barcelona en el Nou Camp), de forma que el Betis se fij\u00f3 en \u00e9l y fue una de las contrapartidas recibidas por el conjunto verdiblanco en el traspaso de Isidro S\u00e1nchez a los del Bernab\u00e9u.<\/p>\n<p>En el Betis Luis permaneci\u00f3 3 temporadas con un rendimiento espectacular, disputando 82 partidos de Liga y marcando 33 goles, 11 de Copa con 8 tantos y 26 amistosos con 16 dianas.<\/p>\n<p>En la campa\u00f1a 1964-65 fue traspasado al Atl\u00e9tico de Madrid junto a Julio Santaella \u00abColo\u00bb y Jos\u00e9 Miguel Mart\u00ednez, en una operaci\u00f3n que report\u00f3 11 millones de pesetas al club b\u00e9tico. En el club rojiblanco Luis se consagr\u00f3 defintivamente a lo largo de 11 temporadas, ganado 3 Ligas, 2 Copas y 1 Copa Intercontinental, adem\u00e1s de ser Pichichi en una ocasi\u00f3n y alcanzar la internacionalidad en repetidas ocasiones.<\/p>\n<p>Una vez retirado de la vida activa como futbolista inici\u00f3 una brillante y prolongada carrera como entrenador que se ha prolongado por m\u00e1s de 30 a\u00f1os. En 2 ocasiones ha sido entrenador del Betis: en las campa\u00f1as 1981-82, aunque un problema f\u00edsico le impidi\u00f3 pasar de la primera jornada, y en la 1997-98 y pretemporada de la 98-99.<\/p>\n<p>Historial<\/p>\n<table border=\"0\" width=\"160\" cellspacing=\"0\" cellpadding=\"0\">\n<tbody>\n<tr>\n<td width=\"80\" height=\"17\">1958-59<\/td>\n<td width=\"80\">Recreativo<\/td>\n<\/tr>\n<tr>\n<td height=\"17\">1959-60<\/td>\n<td>H\u00e9rcules<\/td>\n<\/tr>\n<tr>\n<td height=\"17\">1960-61<\/td>\n<td>Plus Ultra<\/td>\n<\/tr>\n<tr>\n<td height=\"17\">1960-61<\/td>\n<td>Oviedo<\/td>\n<\/tr>\n<tr>\n<td height=\"17\">1961-62<\/td>\n<td>Betis<\/td>\n<\/tr>\n<tr>\n<td height=\"17\">1962-63<\/td>\n<td>Betis<\/td>\n<\/tr>\n<tr>\n<td height=\"17\">1963-64<\/td>\n<td>Betis<\/td>\n<\/tr>\n<tr>\n<td height=\"17\">1964-65<\/td>\n<td>Atl.Madrid<\/td>\n<\/tr>\n<tr>\n<td height=\"17\">1965-66<\/td>\n<td>Atl.Madrid<\/td>\n<\/tr>\n<tr>\n<td height=\"17\">1966-67<\/td>\n<td>Atl.Madrid<\/td>\n<\/tr>\n<tr>\n<td height=\"17\">1967-68<\/td>\n<td>Atl.Madrid<\/td>\n<\/tr>\n<tr>\n<td height=\"17\">1968-69<\/td>\n<td>Atl.Madrid<\/td>\n<\/tr>\n<tr>\n<td height=\"17\">1969-70<\/td>\n<td>Atl.Madrid<\/td>\n<\/tr>\n<tr>\n<td height=\"17\">1970-71<\/td>\n<td>Atl.Madrid<\/td>\n<\/tr>\n<tr>\n<td height=\"17\">1971-72<\/td>\n<td>Atl.Madrid<\/td>\n<\/tr>\n<tr>\n<td height=\"17\">1972-73<\/td>\n<td>Atl.Madrid<\/td>\n<\/tr>\n<tr>\n<td height=\"17\">1973-74<\/td>\n<td>Atl.Madrid<\/td>\n<\/tr>\n<\/tbody>\n<\/table>\n","protected":false},"excerpt":{"rendered":"<p>Luis Aragon\u00e9s Su\u00e1rez. Nacido en Madrid el 28 de julio de 1938 y fallecido en Madrid el 1 de febrero de 2014. Centrocampista. Luis Aragon\u00e9s comenz\u00f3 a jugar al f\u00fatbol en el equipo de El Pinar, del que pas\u00f3 a las categor\u00edas inferiores del Getafe y posteriormente al Real Madrid juvenil. El club madridista lo&#8230;<\/p>\n","protected":false},"author":5,"featured_media":24499,"comment_status":"open","ping_status":"open","sticky":false,"template":"","format":"standard","meta":{"_kad_post_transparent":"","_kad_post_title":"","_kad_post_layout":"","_kad_post_sidebar_id":"","_kad_post_content_style":"","_kad_post_vertical_padding":"","_kad_post_feature":"","_kad_post_feature_position":"","_kad_post_header":false,"_kad_post_footer":false,"_kad_post_classname":"","_jetpack_memberships_contains_paid_content":false,"footnotes":"","jetpack_publicize_message":"","jetpack_publicize_feature_enabled":true,"jetpack_social_post_already_shared":true,"jetpack_social_options":{"image_generator_settings":{"template":"highway","default_image_id":0,"font":"","enabled":false},"version":2}},"categories":[893,1],"tags":[1456],"class_list":["post-24498","post","type-post","status-publish","format-standard","has-post-thumbnail","hentry","category-jugadores-temas","category-portada","tag-luis-aragones"],"jetpack_publicize_connections":[],"jetpack_featured_media_url":"https:\/\/i0.wp.com\/www.manquepierda.com\/historiarealbetis\/files\/2012\/12\/Luis-Aragon%C3%A9s.jpg?fit=400%2C526&ssl=1","jetpack_sharing_enabled":true,"jetpack_shortlink":"https:\/\/wp.me\/p1ij08-6n8","jetpack-related-posts":[],"_links":{"self":[{"href":"https:\/\/www.manquepierda.com\/historiarealbetis\/wp-json\/wp\/v2\/posts\/24498","targetHints":{"allow":["GET"]}}],"collection":[{"href":"https:\/\/www.manquepierda.com\/historiarealbetis\/wp-json\/wp\/v2\/posts"}],"about":[{"href":"https:\/\/www.manquepierda.com\/historiarealbetis\/wp-json\/wp\/v2\/types\/post"}],"author":[{"embeddable":true,"href":"https:\/\/www.manquepierda.com\/historiarealbetis\/wp-json\/wp\/v2\/users\/5"}],"replies":[{"embeddable":true,"href":"https:\/\/www.manquepierda.com\/historiarealbetis\/wp-json\/wp\/v2\/comments?post=24498"}],"version-history":[{"count":2,"href":"https:\/\/www.manquepierda.com\/historiarealbetis\/wp-json\/wp\/v2\/posts\/24498\/revisions"}],"predecessor-version":[{"id":91388,"href":"https:\/\/www.manquepierda.com\/historiarealbetis\/wp-json\/wp\/v2\/posts\/24498\/revisions\/91388"}],"wp:featuredmedia":[{"embeddable":true,"href":"https:\/\/www.manquepierda.com\/historiarealbetis\/wp-json\/wp\/v2\/media\/24499"}],"wp:attachment":[{"href":"https:\/\/www.manquepierda.com\/historiarealbetis\/wp-json\/wp\/v2\/media?parent=24498"}],"wp:term":[{"taxonomy":"category","embeddable":true,"href":"https:\/\/www.manquepierda.com\/historiarealbetis\/wp-json\/wp\/v2\/categories?post=24498"},{"taxonomy":"post_tag","embeddable":true,"href":"https:\/\/www.manquepierda.com\/historiarealbetis\/wp-json\/wp\/v2\/tags?post=24498"}],"curies":[{"name":"wp","href":"https:\/\/api.w.org\/{rel}","templated":true}]}}