{"id":24770,"date":"2012-12-17T14:11:16","date_gmt":"2012-12-17T13:11:16","guid":{"rendered":"http:\/\/www.manquepierda.com\/historiarealbetis\/?p=24770"},"modified":"2024-08-11T12:59:40","modified_gmt":"2024-08-11T10:59:40","slug":"1939-diciembre-17-1adivision-athletic-club-bilbao-6-vs-betis-balompie-1","status":"publish","type":"post","link":"https:\/\/www.manquepierda.com\/historiarealbetis\/1939-diciembre-17-1adivision-athletic-club-bilbao-6-vs-betis-balompie-1\/","title":{"rendered":"1939-Diciembre 17-1\u00aaDivisi\u00f3n: Athl\u00e9tic Club Bilbao-6 vs. Betis Balompi\u00e9-1."},"content":{"rendered":"<p><a href=\"https:\/\/www.manquepierda.com\/historiarealbetis\/24770-1939-diciembre-17-1adivision-athletic-club-bilbao-6-vs-betis-balompie-1\/sanmameslibcent011\/\" rel=\"attachment wp-att-24771\"><img data-recalc-dims=\"1\" loading=\"lazy\" decoding=\"async\" class=\"alignleft size-medium wp-image-24771\" alt=\"sanmameslibcent011\" src=\"https:\/\/i0.wp.com\/www.manquepierda.com\/historiarealbetis\/files\/2012\/12\/sanmameslibcent011.jpg?resize=300%2C194&#038;ssl=1\" width=\"300\" height=\"194\" srcset=\"https:\/\/i0.wp.com\/www.manquepierda.com\/historiarealbetis\/files\/2012\/12\/sanmameslibcent011.jpg?resize=300%2C194&amp;ssl=1 300w, https:\/\/i0.wp.com\/www.manquepierda.com\/historiarealbetis\/files\/2012\/12\/sanmameslibcent011.jpg?w=912&amp;ssl=1 912w\" sizes=\"auto, (max-width: 300px) 100vw, 300px\" \/><\/a>1939-Diciembre 17.-Domingo en Bilbao-Estadio de SAN MAM\u00c9S\u00a0 (a) \u00abLa Catedral\u00bb-Apertura: Jueves 21-Agosto-1913 siendo su terreno de juego de c\u00e9sped, midiendo 105&#215;68 metros.<\/p>\n<p>\u00danico estadio de Espa\u00f1a en que se han celebrado todas las ediciones del Campeonato Nacional de Liga Espa\u00f1ola, desde la temporada 1928-1929.<\/p>\n<p style=\"text-align: center\">03\u00aa Jornada Liga Primera Divisi\u00f3n.-Temporada 1939-1940.<\/p>\n<p style=\"text-align: center\">Arbitr\u00f3 Antonio J\u00e1uregui Ans\u00f3.-Aline\u00f3 \u00e1:<\/p>\n<p style=\"text-align: center\"><a href=\"https:\/\/www.manquepierda.com\/historiarealbetis\/24770-1939-diciembre-17-1adivision-athletic-club-bilbao-6-vs-betis-balompie-1\/1932-rbb-37\/\" rel=\"attachment wp-att-24773\"><img data-recalc-dims=\"1\" loading=\"lazy\" decoding=\"async\" class=\"alignright size-full wp-image-24773\" alt=\"1932-RBB\" src=\"https:\/\/i0.wp.com\/www.manquepierda.com\/historiarealbetis\/files\/2012\/12\/1932-RBB5.jpg?resize=154%2C154&#038;ssl=1\" width=\"154\" height=\"154\" srcset=\"https:\/\/i0.wp.com\/www.manquepierda.com\/historiarealbetis\/files\/2012\/12\/1932-RBB5.jpg?w=154&amp;ssl=1 154w, https:\/\/i0.wp.com\/www.manquepierda.com\/historiarealbetis\/files\/2012\/12\/1932-RBB5.jpg?resize=150%2C150&amp;ssl=1 150w, https:\/\/i0.wp.com\/www.manquepierda.com\/historiarealbetis\/files\/2012\/12\/1932-RBB5.jpg?resize=50%2C50&amp;ssl=1 50w\" sizes=\"auto, (max-width: 154px) 100vw, 154px\" \/><\/a><\/p>\n<p style=\"text-align: center\">BETIS BALOMPI\u00c9-1 Gol.<\/p>\n<p style=\"text-align: center\">MARC\u00d3 el \u00abGol del Honor Verdiblanco\u00bb:<\/p>\n<p style=\"text-align: center\"><a href=\"https:\/\/www.manquepierda.com\/historiarealbetis\/24770-1939-diciembre-17-1adivision-athletic-club-bilbao-6-vs-betis-balompie-1\/paquirri-15\/\" rel=\"attachment wp-att-24774\"><img data-recalc-dims=\"1\" loading=\"lazy\" decoding=\"async\" class=\"aligncenter size-full wp-image-24774\" alt=\"Paquirri\" src=\"https:\/\/i0.wp.com\/www.manquepierda.com\/historiarealbetis\/files\/2012\/12\/Paquirri1.jpg?resize=127%2C232&#038;ssl=1\" width=\"127\" height=\"232\" \/><\/a>4-1,\u00a0 65 Minutos: PAQUIRRI-Francisco Gonz\u00e1lez Rodr\u00edguez.<\/p>\n<p style=\"text-align: left\">Guardameta.-Francisco SU\u00c1REZ Ant\u00fanez (23).<\/p>\n<p style=\"text-align: left\">Zagueros.-Antonio TELECH\u00cdA Calvo (21),\u00a0 Antonio CORNEJO Soria (26).<\/p>\n<p style=\"text-align: left\">Medios.-PERAL-Jos\u00e9 Su\u00e1rez Gonz\u00e1lez (28),\u00a0 Antonio FERN\u00c1NDEZ Jim\u00e9nez (23),\u00a0 TOMAS\u00cdN-Rafael Holgu\u00edn Guill\u00e9n (21).<\/p>\n<p style=\"text-align: left\">Delanteros.-SARO-\u00c1ngel Mart\u00edn Rodr\u00edguez (30),\u00a0 Jos\u00e9 Gonz\u00e1lez CABALLERO (22),\u00a0 PAQUIRRI-Francisco Gonz\u00e1lez Rodr\u00edguez (26).\u00a0 ANGELITO-\u00c1ngel Belmonte,\u00a0 AURELIO Navarro Salguero (25 a\u00f1os y 15 d\u00edas).<\/p>\n<p style=\"text-align: center\"><a href=\"https:\/\/www.manquepierda.com\/historiarealbetis\/24770-1939-diciembre-17-1adivision-athletic-club-bilbao-6-vs-betis-balompie-1\/aranda-gutierrez-andres-29\/\" rel=\"attachment wp-att-24776\"><img data-recalc-dims=\"1\" loading=\"lazy\" decoding=\"async\" class=\"aligncenter size-full wp-image-24776\" alt=\"Aranda Guti\u00e9rrez, Andr\u00e9s\" src=\"https:\/\/i0.wp.com\/www.manquepierda.com\/historiarealbetis\/files\/2012\/12\/Aranda-Guti%C3%A9rrez-Andr%C3%A9s8.jpg?resize=181%2C290&#038;ssl=1\" width=\"181\" height=\"290\" \/><\/a><strong>ANDR\u00c9S ARANDA Guti\u00e9rrez (34).-Entrenador.<\/strong><\/p>\n<p style=\"text-align: center\"><a href=\"https:\/\/www.manquepierda.com\/historiarealbetis\/24770-1939-diciembre-17-1adivision-athletic-club-bilbao-6-vs-betis-balompie-1\/antoniomorenosevillano-7\/\" rel=\"attachment wp-att-24777\"><img data-recalc-dims=\"1\" loading=\"lazy\" decoding=\"async\" class=\"aligncenter size-medium wp-image-24777\" alt=\"AntonioMorenoSevillano\" src=\"https:\/\/i0.wp.com\/www.manquepierda.com\/historiarealbetis\/files\/2012\/12\/AntonioMorenoSevillano2.jpg?resize=209%2C300&#038;ssl=1\" width=\"209\" height=\"300\" srcset=\"https:\/\/i0.wp.com\/www.manquepierda.com\/historiarealbetis\/files\/2012\/12\/AntonioMorenoSevillano2.jpg?resize=209%2C300&amp;ssl=1 209w, https:\/\/i0.wp.com\/www.manquepierda.com\/historiarealbetis\/files\/2012\/12\/AntonioMorenoSevillano2.jpg?w=651&amp;ssl=1 651w\" sizes=\"auto, (max-width: 209px) 100vw, 209px\" \/><\/a><em><strong>Don ANTONIO MORENO SEVILLANO (38 A\u00f1os.-ABOGADO).-25\u00ba Presidente.<\/strong><\/em><\/p>\n<p style=\"text-align: center\">OBITUARIOS REAL BETIS BALOMPI\u00c9:<\/p>\n<p style=\"text-align: left\"><strong>ANDR\u00c9S ARANDA Guti\u00e9rrez-Entrenador.-Lora del R\u00edo (Sevilla), lunes 07-Agosto-1905.-Sevilla, Mi\u00e9rcoles 10-Marzo-1965.-D. E. P.<\/strong><\/p>\n<p style=\"text-align: left\">ANGELITO-\u00c1ngel Belmonte.<\/p>\n<p style=\"text-align: left\">AURELIO Navarro Salguero.-Grazalema (C\u00e1diz), mi\u00e9rcoles 02-Diciembre-1914.<\/p>\n<p style=\"text-align: left\">Jos\u00e9 Gonz\u00e1lez CABALLERO.-Alcal\u00e1 de Guadaira (Sevilla), s\u00e1bado 15-Enero-1916.-Alcal\u00e1 de Guadaira (Sevilla), Domingo 08-Enero-1967.-D. E. P.<\/p>\n<p style=\"text-align: left\">CORNEJO Soria, ANTONIO.-Sevilla-1913.<\/p>\n<p style=\"text-align: left\">FERN\u00c1NDEZ Jim\u00e9nez, ANTONIO.-Arahal (Sevilla), mi\u00e9rciles 16-Febrero-1916.-C\u00e1diz-1973.-D. E. P.<\/p>\n<p style=\"text-align: left\"><strong>MORENO Sevillano, ANTONIO-25\u00ba Presidente.-Osuna (Sevilla), viernes 09-Agosto-1901.-Sevilla, Jueves 27-Abril-1978.-D. E. P.-Ex Decano del Ilustre Colegio de Abogados de Sevilla.-<\/strong>Cas\u00f3se con do\u00f1a Margarita L\u00f3pez.<\/p>\n<p style=\"text-align: left\">PAQUIRRI-Francisco Gonz\u00e1lez Rodr\u00edguez.-Sevilla, mi\u00e9rcoles 13-Agosto-1913.-Sevilla, Jueves 11-Noviembre-1982.-D. E. P.<\/p>\n<p style=\"text-align: left\">PERAL-Jos\u00e9 Su\u00e1rez Gonz\u00e1lez.-Sevilla, lunes 10-Abril-1911.-Sevilla, Domingo 28-Mayo-1967.-D. E. P.<\/p>\n<p style=\"text-align: left\">SARO-\u00c1ngel Mart\u00edn Rodr\u00edguez.-Valladolid, lunes 01-Marzo-1909.<\/p>\n<p style=\"text-align: left\">SU\u00c1REZ Ant\u00fanez, FRANCISCO.-Coria del R\u00edo, s\u00e1bado 17-Junio-1916.-San Fernando (C\u00e1diz), S\u00e1bado 23-Enero-1988.-D. E. P.<\/p>\n<p style=\"text-align: left\">TELECH\u00cdA Calvo, ANTONIO.-Sevilla, mi\u00e9rcoles 17-Enero-1917.<\/p>\n<p style=\"text-align: left\">TOMAS\u00cdN-Rafael Holgu\u00edn Guill\u00e9n.-Sevilla, martes 24-Septiembre-1918.-Sevilla, Martes 16-Noviembre-2004.-D. E. P.<\/p>\n<p style=\"text-align: center\">VS.<\/p>\n<p style=\"text-align: center\"><a href=\"https:\/\/www.manquepierda.com\/historiarealbetis\/24770-1939-diciembre-17-1adivision-athletic-club-bilbao-6-vs-betis-balompie-1\/escudo-antiguo-athletic-bilbao-rf_198716\/\" rel=\"attachment wp-att-24778\"><img data-recalc-dims=\"1\" loading=\"lazy\" decoding=\"async\" class=\"alignleft size-medium wp-image-24778\" alt=\"escudo-antiguo-athletic-bilbao-rf_198716\" src=\"https:\/\/i0.wp.com\/www.manquepierda.com\/historiarealbetis\/files\/2012\/12\/escudo-antiguo-athletic-bilbao-rf_198716.jpg?resize=202%2C300&#038;ssl=1\" width=\"202\" height=\"300\" srcset=\"https:\/\/i0.wp.com\/www.manquepierda.com\/historiarealbetis\/files\/2012\/12\/escudo-antiguo-athletic-bilbao-rf_198716.jpg?resize=202%2C300&amp;ssl=1 202w, https:\/\/i0.wp.com\/www.manquepierda.com\/historiarealbetis\/files\/2012\/12\/escudo-antiguo-athletic-bilbao-rf_198716.jpg?w=400&amp;ssl=1 400w\" sizes=\"auto, (max-width: 202px) 100vw, 202px\" \/><\/a>ATHL\u00c9TIC CLUB BILBAO-6 Tantos.<\/p>\n<p style=\"text-align: center\">Escudo desde 1922 hasta 1941.<\/p>\n<p style=\"text-align: left\">Portero.-Jos\u00e9 Antonio Barri\u00e9 S\u00e1nchez Del Cueto.<\/p>\n<p style=\"text-align: left\">Defensas.-Salvador Arqueta Echevarr\u00eda,\u00a0 Isaac Oceja Oceja.<\/p>\n<p style=\"text-align: left\">Medios.-Roberto Bertol Garrastazu,\u00a0 Manuel Viar Bilbao,\u00a0 Isidoro Urra Fern\u00e1ndez.<\/p>\n<p style=\"text-align: left\">Delanteros.-Macala (C\u00e1ndido Gardoy Mart\u00edn),\u00a0 Jos\u00e9 Lu\u00eds L\u00f3pez Panizo (5-1, 67 minutos),\u00a0 Victorio UNAMUNO Ibarz\u00e1bal (30 a\u00f1os; 1-0, 25 minutos; 4-0, 62 minutos),\u00a0 Francisco G\u00e1rate Bergareche (2-0, 50 minutos),\u00a0 Guillermo Gorostiza Paredes (3-0, 54 minutos; 6-1, 86 minutos).<\/p>\n<p style=\"text-align: left\">Entrenador: Roberto Echevarr\u00eda Arruti.-Presidente,\u00a0 don Roberto De Arteche Angulo.<\/p>\n<p style=\"text-align: left\">RESULTADOS DE LA TERCERA JORNADA DE LIGA PRIMERA DIVISI\u00d3N-TEMPORADA 1939-1940.-CLASIFICACI\u00d3N GENERAL POR EQUIPOS.<\/p>\n<p style=\"text-align: center\">H\u00e9rcules-6 vs. Celta-1.<\/p>\n<p style=\"text-align: center\">Madrid-3 vs. Espa\u00f1ol-1.<\/p>\n<p style=\"text-align: center\">Barcelona-4 vs. Valencia-1.<\/p>\n<p style=\"text-align: center\">Sevilla-8 vs. Santander-2.<\/p>\n<p style=\"text-align: center\">Zaragoza-4 vs. Athletico Aviaci\u00f3n-3.<\/p>\n<p style=\"text-align: center\">Athl\u00e9tic-6 vs. BETIS BALOMPI\u00c9-1.<\/p>\n<p style=\"text-align: left\">01\u00ba.-Zaragoza CF-5 Puntos.-2g-1e-0p.-07-05 Goles Favor-Contra.<\/p>\n<p style=\"text-align: left\">02\u00ba.-Sevilla CF-5 Puntos.-2g-1e-0p.-14-06 Tantos Favor-Contra.<\/p>\n<p style=\"text-align: left\">03\u00ba.-H\u00e9rcules de Alicante CF-5 Puntos.-2g-1e-0p.-12-05 Goles F-C.<\/p>\n<p style=\"text-align: left\">04\u00ba.-CF Barcelona-4 Puntos.-2g-0e-1p.-06-03 Tantos F-C.<\/p>\n<p style=\"text-align: left\">05\u00ba.-Athl\u00e9tic Club Bilbao-3 Puntos.-1g-1e-1p.-10-07 Goles F-C.<\/p>\n<p style=\"text-align: left\">06\u00ba.-Club Atl\u00e9tico Aviaci\u00f3n-3 Puntos.-1g-1e-1p.-06-05 Tantos F-C.<\/p>\n<p style=\"text-align: left\">07\u00ba.-Valencia CF-3 Puntos.-1g-1e-1p.-04-04 Goles F-C.<\/p>\n<p style=\"text-align: left\">08\u00ba.-Club Deportivo Espa\u00f1ol-3 Puntos.-1g-1e-1p.-05-06 Tantos F-C.<\/p>\n<p style=\"text-align: left\">09\u00ba.-Madrid CF-2 Puntos.-1g-0e-2p.-05-06 Goles F-C.<\/p>\n<p style=\"text-align: left\">10\u00ba.-Racing Club Santander-2 Puntos.-1g-0e-2p.-05-12 Tantos F-C.<\/p>\n<p style=\"text-align: left\"><strong>11\u00ba.-BETIS BALOMPI\u00c9-1 PUNTO.-0-GANADO,\u00a0 1-EMPATADO,\u00a0 2-PERDIDOS.-01-GOLES A FAVOR\u00a0 Y\u00a0 09-TANTOS EN CONTRA.<\/strong><\/p>\n<p style=\"text-align: left\">12\u00ba.-Club Celta de Vigo-0 Puntos.-0g-0e-3p.-04-11 Goles Favor-Contra.<\/p>\n<p>Fuentes:<\/p>\n<p>Colecci\u00f3n Personal.<\/p>\n<p>bdfutbol.com<\/p>\n<p>futbolme.com<\/p>\n","protected":false},"excerpt":{"rendered":"<p>1939-Diciembre 17.-Domingo en Bilbao-Estadio de SAN MAM\u00c9S\u00a0 (a) \u00abLa Catedral\u00bb-Apertura: Jueves 21-Agosto-1913 siendo su terreno de juego de c\u00e9sped, midiendo 105&#215;68 metros. \u00danico estadio de Espa\u00f1a en que se han celebrado todas las ediciones del Campeonato Nacional de Liga Espa\u00f1ola, desde la temporada 1928-1929. 03\u00aa Jornada Liga Primera Divisi\u00f3n.-Temporada 1939-1940. Arbitr\u00f3 Antonio J\u00e1uregui Ans\u00f3.-Aline\u00f3 \u00e1:&#8230;<\/p>\n","protected":false},"author":48,"featured_media":24772,"comment_status":"open","ping_status":"open","sticky":false,"template":"","format":"standard","meta":{"_kad_post_transparent":"","_kad_post_title":"","_kad_post_layout":"","_kad_post_sidebar_id":"","_kad_post_content_style":"","_kad_post_vertical_padding":"","_kad_post_feature":"","_kad_post_feature_position":"","_kad_post_header":false,"_kad_post_footer":false,"_kad_post_classname":"","_jetpack_memberships_contains_paid_content":false,"footnotes":"","jetpack_publicize_message":"","jetpack_publicize_feature_enabled":true,"jetpack_social_post_already_shared":true,"jetpack_social_options":{"image_generator_settings":{"template":"highway","default_image_id":0,"font":"","enabled":false},"version":2}},"categories":[899,1],"tags":[47,2476,124,17867],"class_list":["post-24770","post","type-post","status-publish","format-standard","has-post-thumbnail","hentry","category-1930-1939","category-portada","tag-47","tag-1939-40","tag-athletic-club","tag-liga-primera-1939-40"],"jetpack_publicize_connections":[],"jetpack_featured_media_url":"https:\/\/i0.wp.com\/www.manquepierda.com\/historiarealbetis\/files\/2012\/12\/sanmameslibcent0111.jpg?fit=912%2C591&ssl=1","jetpack_sharing_enabled":true,"jetpack_shortlink":"https:\/\/wp.me\/p1ij08-6rw","jetpack-related-posts":[],"_links":{"self":[{"href":"https:\/\/www.manquepierda.com\/historiarealbetis\/wp-json\/wp\/v2\/posts\/24770","targetHints":{"allow":["GET"]}}],"collection":[{"href":"https:\/\/www.manquepierda.com\/historiarealbetis\/wp-json\/wp\/v2\/posts"}],"about":[{"href":"https:\/\/www.manquepierda.com\/historiarealbetis\/wp-json\/wp\/v2\/types\/post"}],"author":[{"embeddable":true,"href":"https:\/\/www.manquepierda.com\/historiarealbetis\/wp-json\/wp\/v2\/users\/48"}],"replies":[{"embeddable":true,"href":"https:\/\/www.manquepierda.com\/historiarealbetis\/wp-json\/wp\/v2\/comments?post=24770"}],"version-history":[{"count":1,"href":"https:\/\/www.manquepierda.com\/historiarealbetis\/wp-json\/wp\/v2\/posts\/24770\/revisions"}],"predecessor-version":[{"id":96083,"href":"https:\/\/www.manquepierda.com\/historiarealbetis\/wp-json\/wp\/v2\/posts\/24770\/revisions\/96083"}],"wp:featuredmedia":[{"embeddable":true,"href":"https:\/\/www.manquepierda.com\/historiarealbetis\/wp-json\/wp\/v2\/media\/24772"}],"wp:attachment":[{"href":"https:\/\/www.manquepierda.com\/historiarealbetis\/wp-json\/wp\/v2\/media?parent=24770"}],"wp:term":[{"taxonomy":"category","embeddable":true,"href":"https:\/\/www.manquepierda.com\/historiarealbetis\/wp-json\/wp\/v2\/categories?post=24770"},{"taxonomy":"post_tag","embeddable":true,"href":"https:\/\/www.manquepierda.com\/historiarealbetis\/wp-json\/wp\/v2\/tags?post=24770"}],"curies":[{"name":"wp","href":"https:\/\/api.w.org\/{rel}","templated":true}]}}