{"id":2494,"date":"2018-07-27T09:30:11","date_gmt":"2018-07-27T07:30:11","guid":{"rendered":"http:\/\/www.manquepierda.com\/?p=2494"},"modified":"2025-11-12T18:36:01","modified_gmt":"2025-11-12T17:36:01","slug":"angel-martin-saro","status":"publish","type":"post","link":"https:\/\/www.manquepierda.com\/historiarealbetis\/angel-martin-saro\/","title":{"rendered":"Angel Mart\u00edn, \u00abSaro\u00bb"},"content":{"rendered":"<p><strong><a href=\"https:\/\/i0.wp.com\/www.manquepierda.com\/historiarealbetis\/files\/2010\/10\/Saro1.jpg?ssl=1\"><img data-recalc-dims=\"1\" loading=\"lazy\" decoding=\"async\" class=\"size-full wp-image-2505 alignright\" src=\"https:\/\/i0.wp.com\/www.manquepierda.com\/historiarealbetis\/files\/2010\/10\/Saro1.jpg?resize=136%2C207&#038;ssl=1\" alt=\"\" width=\"136\" height=\"207\" \/><\/a><\/strong><\/p>\n<p><strong>Angel Mart\u00edn Rodr\u00edguez,<\/strong> <strong>\u00abSaro<\/strong>\u00ab, nacido en Valladolid el 1 de Marzo de 1909, aunque desde peque\u00f1o su familia se traslad\u00f3 al Pa\u00eds Vasco. Fallecido en Madrid el 8 de septiembre de 1984.<\/p>\n<p>Extremo.<\/p>\n<p>Comenz\u00f3 a jugar en el Sestao, pasando luego al Arenas de Guecho, hist\u00f3rico club vasco que fue uno de los 10 primeros equipos que iniciaron la Liga en Primera Divisi\u00f3n en la temporada 1928-29. Entre esos jugadores que comenzaron el Campeonato de Liga estaba un joven\u00a0extremo con 19 a\u00f1os que pronto comenz\u00f3 a destacar.<\/p>\n<p>En la temporada 1932-33 es fichado por el Betis, de cara a su estreno en la Primera Divisi\u00f3n, y en el contexto habitual de fichar jugadores procedentes del Pa\u00eds Vasco en los a\u00f1os 30 y 40.<\/p>\n<p>En el Betis Saro permanecer\u00e1 hasta 1949, ya con una edad cercana a los 40 a\u00f1os. Es uno de los 6 jugadores que vistieron la camiseta de las trece barras en Primera, Segunda y Tercera Divisi\u00f3n<\/p>\n<p>Historial<\/p>\n<table border=\"0\" width=\"257\" cellspacing=\"0\" cellpadding=\"0\">\n<tbody>\n<tr>\n<td width=\"80\" height=\"17\">1928-29<\/td>\n<td width=\"97\">Arenas<\/td>\n<td width=\"80\">Primera<\/td>\n<\/tr>\n<tr>\n<td height=\"17\">1929-30<\/td>\n<td>Arenas<\/td>\n<td>Primera<\/td>\n<\/tr>\n<tr>\n<td height=\"17\">1930-31<\/td>\n<td>Arenas<\/td>\n<td>Primera<\/td>\n<\/tr>\n<tr>\n<td height=\"17\">1931-32<\/td>\n<td>Arenas<\/td>\n<td>Primera<\/td>\n<\/tr>\n<tr>\n<td height=\"17\">1932-33<\/td>\n<td>Arenas<\/td>\n<td>Primera<\/td>\n<\/tr>\n<tr>\n<td height=\"17\">1933-34<\/td>\n<td>Betis<\/td>\n<td>Primera<\/td>\n<\/tr>\n<tr>\n<td height=\"17\">1934-35<\/td>\n<td>Betis<\/td>\n<td>Primera<\/td>\n<\/tr>\n<tr>\n<td height=\"17\">1935-36<\/td>\n<td>Betis<\/td>\n<td>Primera<\/td>\n<\/tr>\n<tr>\n<td height=\"17\">1936-37<\/td>\n<td>Betis<\/td>\n<td><\/td>\n<\/tr>\n<tr>\n<td height=\"17\">1937-38<\/td>\n<td>Betis<\/td>\n<td><\/td>\n<\/tr>\n<tr>\n<td height=\"17\">1938-39<\/td>\n<td>Betis<\/td>\n<td><\/td>\n<\/tr>\n<tr>\n<td height=\"17\">1939-40<\/td>\n<td>Betis<\/td>\n<td>Primera<\/td>\n<\/tr>\n<tr>\n<td height=\"17\">1940-41<\/td>\n<td>Betis<\/td>\n<td>Segunda<\/td>\n<\/tr>\n<tr>\n<td height=\"17\">1941-42<\/td>\n<td>Betis<\/td>\n<td>Segunda<\/td>\n<\/tr>\n<tr>\n<td height=\"17\">1942-43<\/td>\n<td>Betis<\/td>\n<td>Primera<\/td>\n<\/tr>\n<tr>\n<td height=\"17\">1943-44<\/td>\n<td>Betis<\/td>\n<td>Segunda<\/td>\n<\/tr>\n<tr>\n<td height=\"17\">1944-45<\/td>\n<td>Betis<\/td>\n<td>Segunda<\/td>\n<\/tr>\n<tr>\n<td height=\"17\">1945-46<\/td>\n<td>Betis<\/td>\n<td>Segunda<\/td>\n<\/tr>\n<tr>\n<td height=\"17\">1946-47<\/td>\n<td>Betis<\/td>\n<td>Segunda<\/td>\n<\/tr>\n<tr>\n<td height=\"17\">1947-48<\/td>\n<td>Betis<\/td>\n<td>Tercera<\/td>\n<\/tr>\n<tr>\n<td height=\"17\">1948-49<\/td>\n<td>Betis<\/td>\n<td>Tercera<\/td>\n<\/tr>\n<\/tbody>\n<\/table>\n<p>Durante sus casi 17 a\u00f1os en el Betis Saro disput\u00f3 236 partidos de Liga, marcando 48 goles, \u00a052 partidos de Copa, consiguiendo 15 goles, 41 del Campeonato Regional, logrando 14 goles, 12 de otros torneos regionales, en los que hizo 3 goles, \u00a0y 78 amistosos, en los que marc\u00f3 17 goles.<\/p>\n","protected":false},"excerpt":{"rendered":"<p>Angel Mart\u00edn Rodr\u00edguez, \u00abSaro\u00ab, nacido en Valladolid el 1 de Marzo de 1909, aunque desde peque\u00f1o su familia se traslad\u00f3 al Pa\u00eds Vasco. Fallecido en Madrid el 8 de septiembre de 1984. Extremo. Comenz\u00f3 a jugar en el Sestao, pasando luego al Arenas de Guecho, hist\u00f3rico club vasco que fue uno de los 10 primeros&#8230;<\/p>\n","protected":false},"author":5,"featured_media":2505,"comment_status":"open","ping_status":"open","sticky":false,"template":"","format":"standard","meta":{"_kad_post_transparent":"","_kad_post_title":"","_kad_post_layout":"","_kad_post_sidebar_id":"","_kad_post_content_style":"","_kad_post_vertical_padding":"","_kad_post_feature":"","_kad_post_feature_position":"","_kad_post_header":false,"_kad_post_footer":false,"_kad_post_classname":"","_jetpack_memberships_contains_paid_content":false,"footnotes":"","jetpack_publicize_message":"","jetpack_publicize_feature_enabled":true,"jetpack_social_post_already_shared":true,"jetpack_social_options":{"image_generator_settings":{"template":"highway","default_image_id":0,"font":"","enabled":false},"version":2}},"categories":[893,1],"tags":[1057],"class_list":["post-2494","post","type-post","status-publish","format-standard","has-post-thumbnail","hentry","category-jugadores-temas","category-portada","tag-angel-martin-saro"],"jetpack_publicize_connections":[],"jetpack_featured_media_url":"https:\/\/i0.wp.com\/www.manquepierda.com\/historiarealbetis\/files\/2010\/10\/Saro1.jpg?fit=136%2C207&ssl=1","jetpack_sharing_enabled":true,"jetpack_shortlink":"https:\/\/wp.me\/p1ij08-Ee","jetpack-related-posts":[],"_links":{"self":[{"href":"https:\/\/www.manquepierda.com\/historiarealbetis\/wp-json\/wp\/v2\/posts\/2494","targetHints":{"allow":["GET"]}}],"collection":[{"href":"https:\/\/www.manquepierda.com\/historiarealbetis\/wp-json\/wp\/v2\/posts"}],"about":[{"href":"https:\/\/www.manquepierda.com\/historiarealbetis\/wp-json\/wp\/v2\/types\/post"}],"author":[{"embeddable":true,"href":"https:\/\/www.manquepierda.com\/historiarealbetis\/wp-json\/wp\/v2\/users\/5"}],"replies":[{"embeddable":true,"href":"https:\/\/www.manquepierda.com\/historiarealbetis\/wp-json\/wp\/v2\/comments?post=2494"}],"version-history":[{"count":5,"href":"https:\/\/www.manquepierda.com\/historiarealbetis\/wp-json\/wp\/v2\/posts\/2494\/revisions"}],"predecessor-version":[{"id":105687,"href":"https:\/\/www.manquepierda.com\/historiarealbetis\/wp-json\/wp\/v2\/posts\/2494\/revisions\/105687"}],"wp:featuredmedia":[{"embeddable":true,"href":"https:\/\/www.manquepierda.com\/historiarealbetis\/wp-json\/wp\/v2\/media\/2505"}],"wp:attachment":[{"href":"https:\/\/www.manquepierda.com\/historiarealbetis\/wp-json\/wp\/v2\/media?parent=2494"}],"wp:term":[{"taxonomy":"category","embeddable":true,"href":"https:\/\/www.manquepierda.com\/historiarealbetis\/wp-json\/wp\/v2\/categories?post=2494"},{"taxonomy":"post_tag","embeddable":true,"href":"https:\/\/www.manquepierda.com\/historiarealbetis\/wp-json\/wp\/v2\/tags?post=2494"}],"curies":[{"name":"wp","href":"https:\/\/api.w.org\/{rel}","templated":true}]}}