{"id":25109,"date":"2013-01-03T08:19:19","date_gmt":"2013-01-03T07:19:19","guid":{"rendered":"http:\/\/www.manquepierda.com\/historiarealbetis\/?p=25109"},"modified":"2024-08-14T10:32:56","modified_gmt":"2024-08-14T08:32:56","slug":"zaragoza-betis-liga-2003","status":"publish","type":"post","link":"https:\/\/www.manquepierda.com\/historiarealbetis\/zaragoza-betis-liga-2003\/","title":{"rendered":"Zaragoza-Betis Liga 2003"},"content":{"rendered":"<figure id=\"attachment_25110\" aria-describedby=\"caption-attachment-25110\" style=\"width: 452px\" class=\"wp-caption aligncenter\"><a href=\"https:\/\/www.manquepierda.com\/historiarealbetis\/?attachment_id=25110\" rel=\"attachment wp-att-25110\"><img data-recalc-dims=\"1\" loading=\"lazy\" decoding=\"async\" class=\"size-full wp-image-25110\" alt=\"Zaragoza-Betis Liga 2003-1 (NMP) Marca 29-09-2003\" src=\"https:\/\/i0.wp.com\/www.manquepierda.com\/historiarealbetis\/files\/2012\/12\/Zaragoza-Betis-Liga-2003-1-NMP-Marca-29-09-2003.jpg?resize=452%2C469&#038;ssl=1\" width=\"452\" height=\"469\" srcset=\"https:\/\/i0.wp.com\/www.manquepierda.com\/historiarealbetis\/files\/2012\/12\/Zaragoza-Betis-Liga-2003-1-NMP-Marca-29-09-2003.jpg?w=452&amp;ssl=1 452w, https:\/\/i0.wp.com\/www.manquepierda.com\/historiarealbetis\/files\/2012\/12\/Zaragoza-Betis-Liga-2003-1-NMP-Marca-29-09-2003.jpg?resize=289%2C300&amp;ssl=1 289w\" sizes=\"auto, (max-width: 452px) 100vw, 452px\" \/><\/a><figcaption id=\"caption-attachment-25110\" class=\"wp-caption-text\">Fuente: Marca 29 de septiembre de 2003<\/figcaption><\/figure>\n<p style=\"text-align: center\">28 de septiembre de 2003 en La Romareda\u00a0 Zaragoza 0\u00a0 Betis 1; jornada 5 del Campeonato de Liga de Primera Divisi\u00f3n.<\/p>\n<p style=\"text-align: center\">Con un tanto de Marcos Assun\u00e7ao en el minuto 80 al convertir una falta desde m\u00e1s de 25 metros el Betis se impuso en La Romareda.<\/p>\n<p style=\"text-align: center\">Paco Flores entrenaba al Zaragoza y V\u00edctor Fern\u00e1ndez al Betis.<\/p>\n<p style=\"text-align: center\"><a href=\"https:\/\/www.manquepierda.com\/historiarealbetis\/?attachment_id=25111\" rel=\"attachment wp-att-25111\"><img data-recalc-dims=\"1\" loading=\"lazy\" decoding=\"async\" class=\"aligncenter  wp-image-25111\" alt=\"Zaragoza-Betis Liga 2003-2 (NMP) Marca 29-09-2003\" src=\"https:\/\/i0.wp.com\/www.manquepierda.com\/historiarealbetis\/files\/2012\/12\/Zaragoza-Betis-Liga-2003-2-NMP-Marca-29-09-2003.jpg?resize=641%2C370&#038;ssl=1\" width=\"641\" height=\"370\" srcset=\"https:\/\/i0.wp.com\/www.manquepierda.com\/historiarealbetis\/files\/2012\/12\/Zaragoza-Betis-Liga-2003-2-NMP-Marca-29-09-2003.jpg?w=801&amp;ssl=1 801w, https:\/\/i0.wp.com\/www.manquepierda.com\/historiarealbetis\/files\/2012\/12\/Zaragoza-Betis-Liga-2003-2-NMP-Marca-29-09-2003.jpg?resize=300%2C173&amp;ssl=1 300w\" sizes=\"auto, (max-width: 641px) 100vw, 641px\" \/><\/a><\/p>\n<p style=\"text-align: center\">La facilidad de Assun\u00e7ao para convertir goles en los disparos a\u00a0 bal\u00f3n parado segu\u00eda asombrando a la prensa, que analizaba detenidamente sus lanzamientos<\/p>\n","protected":false},"excerpt":{"rendered":"<p>28 de septiembre de 2003 en La Romareda\u00a0 Zaragoza 0\u00a0 Betis 1; jornada 5 del Campeonato de Liga de Primera Divisi\u00f3n. Con un tanto de Marcos Assun\u00e7ao en el minuto 80 al convertir una falta desde m\u00e1s de 25 metros el Betis se impuso en La Romareda. Paco Flores entrenaba al Zaragoza y V\u00edctor Fern\u00e1ndez&#8230;<\/p>\n","protected":false},"author":5,"featured_media":25110,"comment_status":"open","ping_status":"open","sticky":false,"template":"","format":"standard","meta":{"_kad_post_transparent":"","_kad_post_title":"","_kad_post_layout":"","_kad_post_sidebar_id":"","_kad_post_content_style":"","_kad_post_vertical_padding":"","_kad_post_feature":"","_kad_post_feature_position":"","_kad_post_header":false,"_kad_post_footer":false,"_kad_post_classname":"","_jetpack_memberships_contains_paid_content":false,"footnotes":"","jetpack_publicize_message":"","jetpack_publicize_feature_enabled":true,"jetpack_social_post_already_shared":true,"jetpack_social_options":{"image_generator_settings":{"template":"highway","default_image_id":0,"font":"","enabled":false},"version":2}},"categories":[4823,1],"tags":[6552,6014,17836,563,719],"class_list":["post-25109","post","type-post","status-publish","format-standard","has-post-thumbnail","hentry","category-2000-2009","category-portada","tag-6552","tag-2003-04","tag-liga-primera-2003-04","tag-marcos-assuncao","tag-real-zaragoza"],"jetpack_publicize_connections":[],"jetpack_featured_media_url":"https:\/\/i0.wp.com\/www.manquepierda.com\/historiarealbetis\/files\/2012\/12\/Zaragoza-Betis-Liga-2003-1-NMP-Marca-29-09-2003.jpg?fit=452%2C469&ssl=1","jetpack_sharing_enabled":true,"jetpack_shortlink":"https:\/\/wp.me\/p1ij08-6wZ","jetpack-related-posts":[],"_links":{"self":[{"href":"https:\/\/www.manquepierda.com\/historiarealbetis\/wp-json\/wp\/v2\/posts\/25109","targetHints":{"allow":["GET"]}}],"collection":[{"href":"https:\/\/www.manquepierda.com\/historiarealbetis\/wp-json\/wp\/v2\/posts"}],"about":[{"href":"https:\/\/www.manquepierda.com\/historiarealbetis\/wp-json\/wp\/v2\/types\/post"}],"author":[{"embeddable":true,"href":"https:\/\/www.manquepierda.com\/historiarealbetis\/wp-json\/wp\/v2\/users\/5"}],"replies":[{"embeddable":true,"href":"https:\/\/www.manquepierda.com\/historiarealbetis\/wp-json\/wp\/v2\/comments?post=25109"}],"version-history":[{"count":1,"href":"https:\/\/www.manquepierda.com\/historiarealbetis\/wp-json\/wp\/v2\/posts\/25109\/revisions"}],"predecessor-version":[{"id":96592,"href":"https:\/\/www.manquepierda.com\/historiarealbetis\/wp-json\/wp\/v2\/posts\/25109\/revisions\/96592"}],"wp:featuredmedia":[{"embeddable":true,"href":"https:\/\/www.manquepierda.com\/historiarealbetis\/wp-json\/wp\/v2\/media\/25110"}],"wp:attachment":[{"href":"https:\/\/www.manquepierda.com\/historiarealbetis\/wp-json\/wp\/v2\/media?parent=25109"}],"wp:term":[{"taxonomy":"category","embeddable":true,"href":"https:\/\/www.manquepierda.com\/historiarealbetis\/wp-json\/wp\/v2\/categories?post=25109"},{"taxonomy":"post_tag","embeddable":true,"href":"https:\/\/www.manquepierda.com\/historiarealbetis\/wp-json\/wp\/v2\/tags?post=25109"}],"curies":[{"name":"wp","href":"https:\/\/api.w.org\/{rel}","templated":true}]}}