{"id":25192,"date":"2012-12-27T11:15:44","date_gmt":"2012-12-27T10:15:44","guid":{"rendered":"http:\/\/www.manquepierda.com\/historiarealbetis\/?p=25192"},"modified":"2024-08-26T20:58:00","modified_gmt":"2024-08-26T18:58:00","slug":"1941-diciembre-28-amistoso-xerez-cf-2-vs-real-betis-balompie-2","status":"publish","type":"post","link":"https:\/\/www.manquepierda.com\/historiarealbetis\/1941-diciembre-28-amistoso-xerez-cf-2-vs-real-betis-balompie-2\/","title":{"rendered":"1941-Diciembre 28-Amistoso: Xerez cf-2 vs. Real Betis Balompi\u00e9-2."},"content":{"rendered":"<p><a href=\"https:\/\/www.manquepierda.com\/historiarealbetis\/25192-1941-diciembre-28-amistoso-xerez-cf-2-vs-real-betis-balompie-2\/t_xerez_cd_estadio_domecq-25340-gif\/\" rel=\"attachment wp-att-25193\"><img data-recalc-dims=\"1\" loading=\"lazy\" decoding=\"async\" class=\"alignleft size-full wp-image-25193\" alt=\"Estadio del Parque\" src=\"https:\/\/i0.wp.com\/www.manquepierda.com\/historiarealbetis\/files\/2012\/12\/t_xerez_cd_estadio_domecq-25340.gif.jpeg?resize=150%2C93&#038;ssl=1\" width=\"150\" height=\"93\" \/><\/a>1941-Diciembre 28.-Domingo en Jerez de la Frontera (C\u00e1diz): Estadio del Parque GONZ\u00c1LEZ HONTORIA, a\u00f1os m\u00e1s tarde denominado DOMECQ.-Partido Amistoso.<\/p>\n<p style=\"text-align: center\">Arbitr\u00f3 el colegiado del Sur, Oca\u00f1a.<\/p>\n<p style=\"text-align: center\">Aline\u00f3 \u00e1:<\/p>\n<p style=\"text-align: center\"><a href=\"https:\/\/www.manquepierda.com\/historiarealbetis\/25073-1947-diciembre-25-amistoso-cd-dos-hermanas-0-vs-real-betis-balompie-1\/1941-rbb-144\/\" rel=\"attachment wp-att-25076\"><img data-recalc-dims=\"1\" loading=\"lazy\" decoding=\"async\" class=\"alignright size-full wp-image-25076\" alt=\"1941-RBB\" src=\"https:\/\/i0.wp.com\/www.manquepierda.com\/historiarealbetis\/files\/2012\/12\/1941-RBB22.jpg?resize=154%2C154&#038;ssl=1\" width=\"154\" height=\"154\" srcset=\"https:\/\/i0.wp.com\/www.manquepierda.com\/historiarealbetis\/files\/2012\/12\/1941-RBB22.jpg?w=154&amp;ssl=1 154w, https:\/\/i0.wp.com\/www.manquepierda.com\/historiarealbetis\/files\/2012\/12\/1941-RBB22.jpg?resize=150%2C150&amp;ssl=1 150w, https:\/\/i0.wp.com\/www.manquepierda.com\/historiarealbetis\/files\/2012\/12\/1941-RBB22.jpg?resize=50%2C50&amp;ssl=1 50w\" sizes=\"auto, (max-width: 154px) 100vw, 154px\" \/><\/a><\/p>\n<p style=\"text-align: center\">REAL BETIS BALOMPI\u00c9-2 Goles.<\/p>\n<p style=\"text-align: center\">MARCARON:<\/p>\n<p style=\"text-align: center\"><a href=\"https:\/\/www.manquepierda.com\/historiarealbetis\/25192-1941-diciembre-28-amistoso-xerez-cf-2-vs-real-betis-balompie-2\/pitilo-00\/\" rel=\"attachment wp-att-25194\"><img data-recalc-dims=\"1\" loading=\"lazy\" decoding=\"async\" class=\"aligncenter size-medium wp-image-25194\" alt=\"PITILO-00\" src=\"https:\/\/i0.wp.com\/www.manquepierda.com\/historiarealbetis\/files\/2012\/12\/PITILO-00.jpg?resize=224%2C300&#038;ssl=1\" width=\"224\" height=\"300\" srcset=\"https:\/\/i0.wp.com\/www.manquepierda.com\/historiarealbetis\/files\/2012\/12\/PITILO-00.jpg?resize=224%2C300&amp;ssl=1 224w, https:\/\/i0.wp.com\/www.manquepierda.com\/historiarealbetis\/files\/2012\/12\/PITILO-00.jpg?w=329&amp;ssl=1 329w\" sizes=\"auto, (max-width: 224px) 100vw, 224px\" \/><\/a><\/p>\n<p style=\"text-align: center\">1-PITILO.<\/p>\n<p style=\"text-align: center\">1-LaCHICA.<\/p>\n<p style=\"text-align: left\">Guardameta.-Jos\u00e9 FORNER Fand\u00f3s (27).<\/p>\n<p style=\"text-align: left\">Zagueros.-PERAL-Jos\u00e9 Su\u00e1rez Gonz\u00e1lez (30),\u00a0 CABEZA-Luis Garc\u00eda Pulido (23 a\u00f1os: lunes 29-12-1941).<\/p>\n<p style=\"text-align: left\">Medios.-Francisco ANT\u00daNEZ Espada (19),\u00a0 Jos\u00e9 Garc\u00eda DUARTE (26),\u00a0 TOMAS\u00cdN-Rafael Holgu\u00edn Guill\u00e9n (23).<\/p>\n<p style=\"text-align: left\">Delanteros.-Jos\u00e9 Su\u00e1rez JAP\u00d3N (23),\u00a0 Juan TRUJILLO Dom\u00ednguez (28),\u00a0 Juan LACHICA (21),\u00a0 RICA (sustitu\u00eddo en el segundo tiempo por SIBERIO),\u00a0 PITILO-\u00c1ngel Dom\u00ednguez Esteban (22).<\/p>\n<p style=\"text-align: center\"><a href=\"https:\/\/www.manquepierda.com\/historiarealbetis\/24643-1946-diciembre-15-2advs-real-betis-balompie-2-vs-real-santander-sd-2\/19350217-oconnell-22\/\" rel=\"attachment wp-att-24658\"><img data-recalc-dims=\"1\" loading=\"lazy\" decoding=\"async\" class=\"aligncenter size-medium wp-image-24658\" alt=\"19350217-O'Connell\" src=\"https:\/\/i0.wp.com\/www.manquepierda.com\/historiarealbetis\/files\/2012\/12\/19350217-OConnell8.jpg?resize=195%2C300&#038;ssl=1\" width=\"195\" height=\"300\" srcset=\"https:\/\/i0.wp.com\/www.manquepierda.com\/historiarealbetis\/files\/2012\/12\/19350217-OConnell8.jpg?resize=195%2C300&amp;ssl=1 195w, https:\/\/i0.wp.com\/www.manquepierda.com\/historiarealbetis\/files\/2012\/12\/19350217-OConnell8.jpg?w=624&amp;ssl=1 624w\" sizes=\"auto, (max-width: 195px) 100vw, 195px\" \/><\/a><strong>Mr. Patrick Joseph O&#8217;CONNELL (54 a\u00f1os).-Entrenador Betis Balompi\u00e9.<\/strong><\/p>\n<p style=\"text-align: center\"><a href=\"https:\/\/www.manquepierda.com\/historiarealbetis\/24590-1941-diciembre-14-2ad3ergrupo-real-betis-balompie-0-vs-xerez-cf-1\/ramonpolcarbonell-7\/\" rel=\"attachment wp-att-24595\"><img data-recalc-dims=\"1\" loading=\"lazy\" decoding=\"async\" class=\"aligncenter size-medium wp-image-24595\" alt=\"Ram\u00f3nPolCarbonell\" src=\"https:\/\/i0.wp.com\/www.manquepierda.com\/historiarealbetis\/files\/2012\/12\/Ram%C3%B3nPolCarbonell1.jpg?resize=174%2C300&#038;ssl=1\" width=\"174\" height=\"300\" srcset=\"https:\/\/i0.wp.com\/www.manquepierda.com\/historiarealbetis\/files\/2012\/12\/Ram%C3%B3nPolCarbonell1.jpg?resize=174%2C300&amp;ssl=1 174w, https:\/\/i0.wp.com\/www.manquepierda.com\/historiarealbetis\/files\/2012\/12\/Ram%C3%B3nPolCarbonell1.jpg?resize=594%2C1024&amp;ssl=1 594w, https:\/\/i0.wp.com\/www.manquepierda.com\/historiarealbetis\/files\/2012\/12\/Ram%C3%B3nPolCarbonell1.jpg?w=746&amp;ssl=1 746w\" sizes=\"auto, (max-width: 174px) 100vw, 174px\" \/><\/a><strong>Don Ram\u00f3n POL CARBONELL (40 A\u00f1os.-Industrial).-29\u00ba Presidente.<\/strong><\/p>\n<p style=\"text-align: center\"><a href=\"https:\/\/www.manquepierda.com\/historiarealbetis\/24590-1941-diciembre-14-2ad3ergrupo-real-betis-balompie-0-vs-xerez-cf-1\/hijosdeantoniopol\/\" rel=\"attachment wp-att-24596\"><img data-recalc-dims=\"1\" loading=\"lazy\" decoding=\"async\" class=\"aligncenter size-medium wp-image-24596\" alt=\"HijosDeAntonioPol\" src=\"https:\/\/i0.wp.com\/www.manquepierda.com\/historiarealbetis\/files\/2012\/12\/HijosDeAntonioPol.jpg?resize=300%2C149&#038;ssl=1\" width=\"300\" height=\"149\" srcset=\"https:\/\/i0.wp.com\/www.manquepierda.com\/historiarealbetis\/files\/2012\/12\/HijosDeAntonioPol.jpg?resize=300%2C149&amp;ssl=1 300w, https:\/\/i0.wp.com\/www.manquepierda.com\/historiarealbetis\/files\/2012\/12\/HijosDeAntonioPol.jpg?w=945&amp;ssl=1 945w\" sizes=\"auto, (max-width: 300px) 100vw, 300px\" \/><\/a><\/p>\n<p style=\"text-align: center\">OBITUARIOS REAL BETIS BALOMPI\u00c9:<\/p>\n<p style=\"text-align: left\">ANT\u00daNEZ Espada, FRANCISCO.-Sevilla, mi\u00e9rcoles 01-Noviembre-1922.-Sevilla, Martes 16-Agosto-1994.-D. E. P.<\/p>\n<p style=\"text-align: left\">CABEZA-Lu\u00eds Garc\u00eda PULIDO.-Sevilla, domingo 29-Diciembre-1918.-Sevilla, Martes 13-Mayo-1986-D. E. P.<\/p>\n<p style=\"text-align: left\">Garc\u00eda DUARTE, JOS\u00c9.-Camas (Sevilla), martes 09-Febrero-1915.-Linares (Ja\u00e9n)-1973.-D. E. P.<\/p>\n<p style=\"text-align: left\">FORNER Fand\u00f3s, JOS\u00c9.-Burriana (Castell\u00f3n), viernes 03-Abril-1914.-Burriana (Castell\u00f3n), Jueves 10-Enero-2008.-D. E. P.<\/p>\n<p style=\"text-align: left\">Su\u00e1rez JAP\u00d3N, JOS\u00c9.-Coria del R\u00edo (Sevilla), mi\u00e9rcoles 17-Enero-1917.-Coria del R\u00edo (Sevilla), Martes 28-Mayo-1996.-D. E. P.-Domiciliado en la calle Islas N\u00ba 50.-Cas\u00f3se con do\u00f1a Jacinta Romero Rioja.<\/p>\n<p style=\"text-align: left\">LaCHICA, JUAN.-Sevilla-1920.<\/p>\n<p style=\"text-align: left\"><strong>O&#8217;CONNELL, Patrick Joseph.-Entrenador Irland\u00e9s: Dublin, Martes 08-Marzo-1887.-St Pancras-Londres (Inglaterra), Vieernes 27-Febrero-1959.-D. E. P.<\/strong><\/p>\n<p style=\"text-align: left\">PERAL-Jos\u00e9 Su\u00e1rez Gonz\u00e1lez.-Sevilla, lunes 10-Abril-1911.-Sevilla, Domingo 28-Mayo-1967.-D. E. P.<\/p>\n<p style=\"text-align: left\">PITILO-\u00c1ngel Dom\u00ednguez Esteban.-Madrid,\u00a0 Mi\u00e9rcoles 05-Noviembre-1919.<\/p>\n<p style=\"text-align: center\"><em><strong>Leyenda Viva Verdiblanca ilustre con 93 a\u00f1os, 1 mes\u00a0 y\u00a0 23 d\u00edas.<\/strong><\/em><\/p>\n<p style=\"text-align: left\"><strong>POL CARBONELL, RAM\u00d3N.-29\u00ba Presidente.-Barcelona, Martes 16-Enero-1900.-Sevilla, Viernes 08-Abril-1977.-D. E. P.<\/strong><\/p>\n<p style=\"text-align: left\">RICA.-Delantero 1941-1942.<\/p>\n<p style=\"text-align: left\">SIBERIO.-Delantero 1941-1942.<\/p>\n<p style=\"text-align: left\">TOMAS\u00cdN-Rafael Holgu\u00edn Guill\u00e9n.-Sevilla, martes 24-Septiembre-1918.-Sevilla, Martes 16-Noviembre-2004.-D. E. P.<\/p>\n<p style=\"text-align: left\">TRUJILLO Dom\u00ednguez, JUAN.-Las Palmas de Gran Canaria, domingo 29-Junio-1913.-\u00bf? 1979.-D. E. P.<\/p>\n<p style=\"text-align: center\">VS.<\/p>\n<p style=\"text-align: center\"><a href=\"https:\/\/www.manquepierda.com\/historiarealbetis\/24590-1941-diciembre-14-2ad3ergrupo-real-betis-balompie-0-vs-xerez-cf-1\/xerezcf\/\" rel=\"attachment wp-att-24597\"><img data-recalc-dims=\"1\" loading=\"lazy\" decoding=\"async\" class=\"aligncenter size-full wp-image-24597\" alt=\"XerezCF\" src=\"https:\/\/i0.wp.com\/www.manquepierda.com\/historiarealbetis\/files\/2012\/12\/XerezCF.jpeg?resize=200%2C270&#038;ssl=1\" width=\"200\" height=\"270\" \/><\/a><\/p>\n<p style=\"text-align: center\">XEREZ CLUB DE F\u00daTBOL (Segunda Divisi\u00f3n-Grupo III)-2 Tantos.<\/p>\n<p style=\"text-align: left\">Fuentes:<\/p>\n<p style=\"text-align: left\">Colecci\u00f3n personal.<\/p>\n","protected":false},"excerpt":{"rendered":"<p>1941-Diciembre 28.-Domingo en Jerez de la Frontera (C\u00e1diz): Estadio del Parque GONZ\u00c1LEZ HONTORIA, a\u00f1os m\u00e1s tarde denominado DOMECQ.-Partido Amistoso. Arbitr\u00f3 el colegiado del Sur, Oca\u00f1a. Aline\u00f3 \u00e1: REAL BETIS BALOMPI\u00c9-2 Goles. MARCARON: 1-PITILO. 1-LaCHICA. Guardameta.-Jos\u00e9 FORNER Fand\u00f3s (27). Zagueros.-PERAL-Jos\u00e9 Su\u00e1rez Gonz\u00e1lez (30),\u00a0 CABEZA-Luis Garc\u00eda Pulido (23 a\u00f1os: lunes 29-12-1941). Medios.-Francisco ANT\u00daNEZ Espada (19),\u00a0 Jos\u00e9 Garc\u00eda&#8230;<\/p>\n","protected":false},"author":48,"featured_media":25193,"comment_status":"open","ping_status":"open","sticky":false,"template":"","format":"standard","meta":{"_kad_post_transparent":"","_kad_post_title":"","_kad_post_layout":"","_kad_post_sidebar_id":"","_kad_post_content_style":"","_kad_post_vertical_padding":"","_kad_post_feature":"","_kad_post_feature_position":"","_kad_post_header":false,"_kad_post_footer":false,"_kad_post_classname":"","_jetpack_memberships_contains_paid_content":false,"footnotes":"","jetpack_publicize_message":"","jetpack_publicize_feature_enabled":true,"jetpack_social_post_already_shared":true,"jetpack_social_options":{"image_generator_settings":{"template":"highway","default_image_id":0,"font":"","enabled":false},"version":2}},"categories":[900,1],"tags":[49,2222,859],"class_list":["post-25192","post","type-post","status-publish","format-standard","has-post-thumbnail","hentry","category-1940-1949","category-portada","tag-49","tag-1941-42","tag-xerez-fc"],"jetpack_publicize_connections":[],"jetpack_featured_media_url":"https:\/\/i0.wp.com\/www.manquepierda.com\/historiarealbetis\/files\/2012\/12\/t_xerez_cd_estadio_domecq-25340.gif.jpeg?fit=150%2C93&ssl=1","jetpack_sharing_enabled":true,"jetpack_shortlink":"https:\/\/wp.me\/p1ij08-6yk","jetpack-related-posts":[],"_links":{"self":[{"href":"https:\/\/www.manquepierda.com\/historiarealbetis\/wp-json\/wp\/v2\/posts\/25192","targetHints":{"allow":["GET"]}}],"collection":[{"href":"https:\/\/www.manquepierda.com\/historiarealbetis\/wp-json\/wp\/v2\/posts"}],"about":[{"href":"https:\/\/www.manquepierda.com\/historiarealbetis\/wp-json\/wp\/v2\/types\/post"}],"author":[{"embeddable":true,"href":"https:\/\/www.manquepierda.com\/historiarealbetis\/wp-json\/wp\/v2\/users\/48"}],"replies":[{"embeddable":true,"href":"https:\/\/www.manquepierda.com\/historiarealbetis\/wp-json\/wp\/v2\/comments?post=25192"}],"version-history":[{"count":1,"href":"https:\/\/www.manquepierda.com\/historiarealbetis\/wp-json\/wp\/v2\/posts\/25192\/revisions"}],"predecessor-version":[{"id":97712,"href":"https:\/\/www.manquepierda.com\/historiarealbetis\/wp-json\/wp\/v2\/posts\/25192\/revisions\/97712"}],"wp:featuredmedia":[{"embeddable":true,"href":"https:\/\/www.manquepierda.com\/historiarealbetis\/wp-json\/wp\/v2\/media\/25193"}],"wp:attachment":[{"href":"https:\/\/www.manquepierda.com\/historiarealbetis\/wp-json\/wp\/v2\/media?parent=25192"}],"wp:term":[{"taxonomy":"category","embeddable":true,"href":"https:\/\/www.manquepierda.com\/historiarealbetis\/wp-json\/wp\/v2\/categories?post=25192"},{"taxonomy":"post_tag","embeddable":true,"href":"https:\/\/www.manquepierda.com\/historiarealbetis\/wp-json\/wp\/v2\/tags?post=25192"}],"curies":[{"name":"wp","href":"https:\/\/api.w.org\/{rel}","templated":true}]}}