{"id":25202,"date":"2012-12-27T21:35:15","date_gmt":"2012-12-27T20:35:15","guid":{"rendered":"http:\/\/www.manquepierda.com\/historiarealbetis\/?p=25202"},"modified":"2024-08-21T11:18:54","modified_gmt":"2024-08-21T09:18:54","slug":"1947-diciembre-28-3aronda-copa-espana-real-betis-balompie-5-vs-cadiz-cf-0","status":"publish","type":"post","link":"https:\/\/www.manquepierda.com\/historiarealbetis\/1947-diciembre-28-3aronda-copa-espana-real-betis-balompie-5-vs-cadiz-cf-0\/","title":{"rendered":"1947-Diciembre 28-3\u00aaRonda-Copa Espa\u00f1a: Real Betis Balompi\u00e9-5 vs. C\u00e1diz cf-0."},"content":{"rendered":"<p style=\"text-align: center\"><a href=\"https:\/\/www.manquepierda.com\/historiarealbetis\/25202-1947-diciembre-28-3aronda-copa-espana-real-betis-balompie-5-vs-cadiz-cf-0\/exposicionibrcn-8\/\" rel=\"attachment wp-att-25212\"><img data-recalc-dims=\"1\" loading=\"lazy\" decoding=\"async\" class=\"aligncenter size-full wp-image-25212\" alt=\"Exposici\u00f3nIbrcn\" src=\"https:\/\/i0.wp.com\/www.manquepierda.com\/historiarealbetis\/files\/2012\/12\/Exposici%C3%B3nIbrcn6.jpg?resize=704%2C335&#038;ssl=1\" width=\"704\" height=\"335\" srcset=\"https:\/\/i0.wp.com\/www.manquepierda.com\/historiarealbetis\/files\/2012\/12\/Exposici%C3%B3nIbrcn6.jpg?w=704&amp;ssl=1 704w, https:\/\/i0.wp.com\/www.manquepierda.com\/historiarealbetis\/files\/2012\/12\/Exposici%C3%B3nIbrcn6.jpg?resize=300%2C142&amp;ssl=1 300w\" sizes=\"auto, (max-width: 704px) 100vw, 704px\" \/><\/a>1947-Diciembre 28.-Domingo en la \u00abCiudad del Betis\u00bb<\/p>\n<p style=\"text-align: center\">Estadio Municipal de HELI\u00d3POLIS:<\/p>\n<p>3\u00aa Ronda a partido \u00fanico-Campeonato de Espa\u00f1a-Copa del General\u00edsimo 1947-1948.<\/p>\n<p style=\"text-align: center\">Arbitr\u00f3 Polo del Colegio Centro.<\/p>\n<p style=\"text-align: center\">Aline\u00f3 \u00e1:<\/p>\n<p style=\"text-align: center\"><a href=\"https:\/\/www.manquepierda.com\/historiarealbetis\/25073-1947-diciembre-25-amistoso-cd-dos-hermanas-0-vs-real-betis-balompie-1\/1941-rbb-144\/\" rel=\"attachment wp-att-25076\"><img data-recalc-dims=\"1\" loading=\"lazy\" decoding=\"async\" class=\"aligncenter size-full wp-image-25076\" alt=\"1941-RBB\" src=\"https:\/\/i0.wp.com\/www.manquepierda.com\/historiarealbetis\/files\/2012\/12\/1941-RBB22.jpg?resize=154%2C154&#038;ssl=1\" width=\"154\" height=\"154\" srcset=\"https:\/\/i0.wp.com\/www.manquepierda.com\/historiarealbetis\/files\/2012\/12\/1941-RBB22.jpg?w=154&amp;ssl=1 154w, https:\/\/i0.wp.com\/www.manquepierda.com\/historiarealbetis\/files\/2012\/12\/1941-RBB22.jpg?resize=150%2C150&amp;ssl=1 150w, https:\/\/i0.wp.com\/www.manquepierda.com\/historiarealbetis\/files\/2012\/12\/1941-RBB22.jpg?resize=50%2C50&amp;ssl=1 50w\" sizes=\"auto, (max-width: 154px) 100vw, 154px\" \/><\/a>REAL BETIS BALOMPI\u00c9 (Tercera Divisi\u00f3n-Grupo VI)-5 Goles.<\/p>\n<p style=\"text-align: center\">MARCARON:<\/p>\n<p style=\"text-align: center\"><a href=\"https:\/\/www.manquepierda.com\/historiarealbetis\/25202-1947-diciembre-28-3aronda-copa-espana-real-betis-balompie-5-vs-cadiz-cf-0\/josecabrerabazan-4\/\" rel=\"attachment wp-att-25204\"><img data-recalc-dims=\"1\" loading=\"lazy\" decoding=\"async\" class=\"aligncenter size-full wp-image-25204\" alt=\"Jos\u00e9CabreraBaz\u00e1n\" src=\"https:\/\/i0.wp.com\/www.manquepierda.com\/historiarealbetis\/files\/2012\/12\/Jos%C3%A9CabreraBaz%C3%A1n1.jpg?resize=255%2C402&#038;ssl=1\" width=\"255\" height=\"402\" srcset=\"https:\/\/i0.wp.com\/www.manquepierda.com\/historiarealbetis\/files\/2012\/12\/Jos%C3%A9CabreraBaz%C3%A1n1.jpg?w=255&amp;ssl=1 255w, https:\/\/i0.wp.com\/www.manquepierda.com\/historiarealbetis\/files\/2012\/12\/Jos%C3%A9CabreraBaz%C3%A1n1.jpg?resize=190%2C300&amp;ssl=1 190w\" sizes=\"auto, (max-width: 255px) 100vw, 255px\" \/><\/a>3-CABRERA (1-0, primer tiempo; 2-0, de cabeza; 4-0, tras el descanso).<\/p>\n<p style=\"text-align: center\">2-BOR\u00cdN (3-0, primer tiempo; 5-0 segundo tiempo).<\/p>\n<p style=\"text-align: left\">Guardameta.-Joaqu\u00edn CALLER Lombera (30).<\/p>\n<p style=\"text-align: left\">Zagueros.-Manuel CALA Valiente (30 a\u00f1os reci\u00e9n cumplidos),\u00a0 Jos\u00e9 Garc\u00eda PULIDO (25).<\/p>\n<p style=\"text-align: left\">Medios.-Francisco GEN\u00c9 Amar\u00e9 (28),\u00a0 MAR\u00cdN,\u00a0 Guillermo COLL Munar (27).<\/p>\n<p style=\"text-align: left\">Delanteros.-GELO-\u00c1ngel Lav\u00edn Orizaola (21),\u00a0 Antonio PE\u00d1A Romero (23),\u00a0 Jos\u00e9 CABRERA Baz\u00e1n (19),\u00a0 BOR\u00cdN-Salvador Hern\u00e1ndez Sargu\u00e9s (29 a\u00f1os, Lunes 29-12-1947),\u00a0 SARO-\u00c1ngel Mart\u00edn Rodr\u00edguez (38).<\/p>\n<p style=\"text-align: center\"><a href=\"https:\/\/www.manquepierda.com\/historiarealbetis\/25202-1947-diciembre-28-3aronda-copa-espana-real-betis-balompie-5-vs-cadiz-cf-0\/josequirantepineda-8\/\" rel=\"attachment wp-att-25207\"><img data-recalc-dims=\"1\" loading=\"lazy\" decoding=\"async\" class=\"aligncenter size-full wp-image-25207\" alt=\"Jos\u00e9QuirantePineda\" src=\"https:\/\/i0.wp.com\/www.manquepierda.com\/historiarealbetis\/files\/2012\/12\/Jos%C3%A9QuirantePineda3.jpg?resize=206%2C300&#038;ssl=1\" width=\"206\" height=\"300\" \/><\/a><strong>Jos\u00e9 QUIRANTE Pineda (64 a\u00f1os).-ENTRENADOR.<\/strong><\/p>\n<p style=\"text-align: center\"><a href=\"https:\/\/www.manquepierda.com\/historiarealbetis\/24569-1947-diciembre-14-3ad6og-real-betis-balompie-6-vs-gimnastica-segoviana-0\/filomenodeaspemartinez-11\/\" rel=\"attachment wp-att-24576\"><img data-recalc-dims=\"1\" loading=\"lazy\" decoding=\"async\" class=\"aligncenter size-medium wp-image-24576\" alt=\"FilomenoDeAspeMartinez\" src=\"https:\/\/i0.wp.com\/www.manquepierda.com\/historiarealbetis\/files\/2012\/12\/FilomenoDeAspeMartinez2.jpg?resize=197%2C300&#038;ssl=1\" width=\"197\" height=\"300\" srcset=\"https:\/\/i0.wp.com\/www.manquepierda.com\/historiarealbetis\/files\/2012\/12\/FilomenoDeAspeMartinez2.jpg?resize=197%2C300&amp;ssl=1 197w, https:\/\/i0.wp.com\/www.manquepierda.com\/historiarealbetis\/files\/2012\/12\/FilomenoDeAspeMartinez2.jpg?w=670&amp;ssl=1 670w\" sizes=\"auto, (max-width: 197px) 100vw, 197px\" \/><\/a><strong>Don FILOMENO DE ASPE MART\u00cdNEZ (37 A\u00f1os.-Industrial).-34\u00aa Presidente Real Betis Balompi\u00e9.<\/strong><\/p>\n<p style=\"text-align: center\"><a href=\"https:\/\/www.manquepierda.com\/historiarealbetis\/24569-1947-diciembre-14-3ad6og-real-betis-balompie-6-vs-gimnastica-segoviana-0\/v-filomenodeaspe-2\/\" rel=\"attachment wp-att-24578\"><img data-recalc-dims=\"1\" loading=\"lazy\" decoding=\"async\" class=\"alignleft size-medium wp-image-24578\" alt=\"V.FilomenoDeAspe\" src=\"https:\/\/i0.wp.com\/www.manquepierda.com\/historiarealbetis\/files\/2012\/12\/V.FilomenoDeAspe1.jpg?resize=300%2C224&#038;ssl=1\" width=\"300\" height=\"224\" srcset=\"https:\/\/i0.wp.com\/www.manquepierda.com\/historiarealbetis\/files\/2012\/12\/V.FilomenoDeAspe1.jpg?resize=300%2C224&amp;ssl=1 300w, https:\/\/i0.wp.com\/www.manquepierda.com\/historiarealbetis\/files\/2012\/12\/V.FilomenoDeAspe1.jpg?resize=1024%2C765&amp;ssl=1 1024w, https:\/\/i0.wp.com\/www.manquepierda.com\/historiarealbetis\/files\/2012\/12\/V.FilomenoDeAspe1.jpg?w=1695&amp;ssl=1 1695w\" sizes=\"auto, (max-width: 300px) 100vw, 300px\" \/><\/a><\/p>\n<p style=\"text-align: center\"><a href=\"https:\/\/www.manquepierda.com\/historiarealbetis\/24835-1948-diciembre-19-copa-2aronda-cadiz-cf-4-vs-real-betis-balompie-2\/industrialfilomenodeaspemartinez\/\" rel=\"attachment wp-att-24840\"><img data-recalc-dims=\"1\" loading=\"lazy\" decoding=\"async\" class=\"alignright size-medium wp-image-24840\" alt=\"IndustrialFilomenoDeAspeMart\u00ednez\" src=\"https:\/\/i0.wp.com\/www.manquepierda.com\/historiarealbetis\/files\/2012\/12\/IndustrialFilomenoDeAspeMart%C3%ADnez.jpg?resize=300%2C145&#038;ssl=1\" width=\"300\" height=\"145\" srcset=\"https:\/\/i0.wp.com\/www.manquepierda.com\/historiarealbetis\/files\/2012\/12\/IndustrialFilomenoDeAspeMart%C3%ADnez.jpg?resize=300%2C145&amp;ssl=1 300w, https:\/\/i0.wp.com\/www.manquepierda.com\/historiarealbetis\/files\/2012\/12\/IndustrialFilomenoDeAspeMart%C3%ADnez.jpg?w=908&amp;ssl=1 908w\" sizes=\"auto, (max-width: 300px) 100vw, 300px\" \/><\/a><\/p>\n<p style=\"text-align: center\">\n<p style=\"text-align: center\">\n<p style=\"text-align: center\">\n<p style=\"text-align: center\">\n<p style=\"text-align: center\">\n<p style=\"text-align: center\">\n<p style=\"text-align: center\">\n<p style=\"text-align: center\">OBITUARIOS REAL BETIS BALOMPI\u00c9:<\/p>\n<p style=\"text-align: left\">BOR\u00cdN-Salvador Hern\u00e1ndez Sargu\u00e9s.-Catarroja (Valencia), domingo 29-Diciembre-1918.-Catarroja (Valencia), Lunes 25-Agosto-1980.-D. E. P.<\/p>\n<p style=\"text-align: left\">CABRERA Baz\u00e1n, JOS\u00c9.-La Algaba (Sevilla), martes 16-Octubre-1928.-Sevilla, S\u00e1bado 28-Abril-1990.-D. E. P.<\/p>\n<p style=\"text-align: left\">CALA Valiente, MANUEL.-Mor\u00f3n de la Frontera (Sevilla), viernes 28-Diciembre-1917.-S\u00e1bado 10-Noviembre-2012.-D. E. P.<\/p>\n<p style=\"text-align: left\">CALLER Lombera, JOAQU\u00cdN.-Marr\u00f3n (Cantabria), s\u00e1bado 27-Octubre-1917.-Ampuero (Cantabria), S\u00e1bado 31-Agosto-1991.-D. E. P.<\/p>\n<p style=\"text-align: left\">COLL Munar. GUILLERMO.-Inca (Baleares), viernes 31-Enero-1919.-INCA (Baleares), Lunes 29-Marzo-1976.-D. E. P.<\/p>\n<p style=\"text-align: left\"><strong>DE ASPE Mart\u00ednez, FILOMENO.-Industrial.-34\u00ba PRESIDENTE.-Sevilla, Domingo 10-Abril-1910.-Sevilla, Jueves 04-Abril-1985.-D. E. P.<\/strong><\/p>\n<p style=\"text-align: left\">GELO-\u00c1ngel Lav\u00edn Orizaola.-Santander, domingo 28-Marzo-1926.-Sevilla, S\u00e1bado 04-Febrero-2012.-D. E. P.<\/p>\n<p style=\"text-align: left\">GEN\u00c9 Amar\u00e9, FRANCISCO.-Barcelona, lunes 17-Noviembre-1919.<\/p>\n<p style=\"text-align: left\">MAR\u00cdN-Medio Centro 1947-1948.<\/p>\n<p style=\"text-align: left\">PE\u00d1A Romero, ANTONIO.-Sevilla, lunes 01-Enero-1923.-Sevilla, Jueves 12-Diciembre-1991.-D. E. P.<\/p>\n<p style=\"text-align: left\">Garc\u00eda PULIDO, JOS\u00c9.-Sevilla, jueves 20-Abril-1922.-Sevilla, Lunes 21-Octubre-2002.-D. E. P.<\/p>\n<p style=\"text-align: left\"><strong>QUIRANTE Pineda, JOS\u00c9-Entrenador.-Cox (Alicante), jueves 10-Mayo-1883.-Barcelona, S\u00e1bado 30-Mayo-1964.-D. E. P.<\/strong><\/p>\n<p style=\"text-align: left\">SARO-\u00c1ngel Mart\u00edn Rodr\u00edguez.-Valladolid, lunes 01-Marzo-1909.<\/p>\n<p style=\"text-align: center\"><a href=\"https:\/\/www.manquepierda.com\/historiarealbetis\/24835-1948-diciembre-19-copa-2aronda-cadiz-cf-4-vs-real-betis-balompie-2\/cadiz-2\/\" rel=\"attachment wp-att-24841\"><img data-recalc-dims=\"1\" loading=\"lazy\" decoding=\"async\" class=\"alignleft size-medium wp-image-24841\" alt=\"CADIZ\" src=\"https:\/\/i0.wp.com\/www.manquepierda.com\/historiarealbetis\/files\/2012\/12\/CADIZ.jpg?resize=300%2C300&#038;ssl=1\" width=\"300\" height=\"300\" srcset=\"https:\/\/i0.wp.com\/www.manquepierda.com\/historiarealbetis\/files\/2012\/12\/CADIZ.jpg?resize=300%2C300&amp;ssl=1 300w, https:\/\/i0.wp.com\/www.manquepierda.com\/historiarealbetis\/files\/2012\/12\/CADIZ.jpg?resize=150%2C150&amp;ssl=1 150w, https:\/\/i0.wp.com\/www.manquepierda.com\/historiarealbetis\/files\/2012\/12\/CADIZ.jpg?resize=50%2C50&amp;ssl=1 50w, https:\/\/i0.wp.com\/www.manquepierda.com\/historiarealbetis\/files\/2012\/12\/CADIZ.jpg?w=307&amp;ssl=1 307w\" sizes=\"auto, (max-width: 300px) 100vw, 300px\" \/><\/a><\/p>\n<p style=\"text-align: center\">Vs.<\/p>\n<p style=\"text-align: center\">C\u00c1DIZ Club de F\u00fatbol (Tercera Divisi\u00f3n-Grupo 8\u00ba)-0 Tantos.<\/p>\n<p style=\"text-align: left\">Portero.-Braulio RUBIO Paredes.<\/p>\n<p style=\"text-align: left\">Defensas.-Leandro GAR\u00cdN Ugarte,\u00a0 Jos\u00e9 Lu\u00eds AMEZTOY Querejeta.<\/p>\n<p style=\"text-align: left\">Medios.-Anastasio CALLEJA Padrino,\u00a0 Emilio SOTO Herrera,\u00a0 GONZ\u00c1LEZ.<\/p>\n<p style=\"text-align: left\">Delanteros.-Manuel ABAD Mu\u00f1oz,\u00a0 Aurelio Garc\u00eda D\u00cdAZ,\u00a0 PAQUIRRI-Francisco Gonz\u00e1lez Rodr\u00edguez (34 a\u00f1os),\u00a0 Pablo POMBO Quintana,\u00a0 Manuel MANCHE\u00d1O Valencia.<\/p>\n<p style=\"text-align: left\">Entrenador, Gabriel Andonegui M\u00fagica.<\/p>\n<p style=\"text-align: left\">Presidente, don Juli\u00e1n Arana Irurita.<\/p>\n<p style=\"text-align: left\">Fuentes:<\/p>\n<p style=\"text-align: left\">Colecci\u00f3n personal.<\/p>\n<p style=\"text-align: left\">cadistas1910.com<\/p>\n","protected":false},"excerpt":{"rendered":"<p>1947-Diciembre 28.-Domingo en la \u00abCiudad del Betis\u00bb Estadio Municipal de HELI\u00d3POLIS: 3\u00aa Ronda a partido \u00fanico-Campeonato de Espa\u00f1a-Copa del General\u00edsimo 1947-1948. Arbitr\u00f3 Polo del Colegio Centro. Aline\u00f3 \u00e1: REAL BETIS BALOMPI\u00c9 (Tercera Divisi\u00f3n-Grupo VI)-5 Goles. MARCARON: 3-CABRERA (1-0, primer tiempo; 2-0, de cabeza; 4-0, tras el descanso). 2-BOR\u00cdN (3-0, primer tiempo; 5-0 segundo tiempo). Guardameta.-Joaqu\u00edn&#8230;<\/p>\n","protected":false},"author":48,"featured_media":25212,"comment_status":"open","ping_status":"open","sticky":false,"template":"","format":"standard","meta":{"_kad_post_transparent":"","_kad_post_title":"","_kad_post_layout":"","_kad_post_sidebar_id":"","_kad_post_content_style":"","_kad_post_vertical_padding":"","_kad_post_feature":"","_kad_post_feature_position":"","_kad_post_header":false,"_kad_post_footer":false,"_kad_post_classname":"","_jetpack_memberships_contains_paid_content":false,"footnotes":"","jetpack_publicize_message":"","jetpack_publicize_feature_enabled":true,"jetpack_social_post_already_shared":true,"jetpack_social_options":{"image_generator_settings":{"template":"highway","default_image_id":0,"font":"","enabled":false},"version":2}},"categories":[900,1],"tags":[52,10150,187,17784],"class_list":["post-25202","post","type-post","status-publish","format-standard","has-post-thumbnail","hentry","category-1940-1949","category-portada","tag-52","tag-1947-48","tag-cadiz-cf","tag-copa-1947-48"],"jetpack_publicize_connections":[],"jetpack_featured_media_url":"https:\/\/i0.wp.com\/www.manquepierda.com\/historiarealbetis\/files\/2012\/12\/Exposici%C3%B3nIbrcn6.jpg?fit=704%2C335&ssl=1","jetpack_sharing_enabled":true,"jetpack_shortlink":"https:\/\/wp.me\/p1ij08-6yu","jetpack-related-posts":[],"_links":{"self":[{"href":"https:\/\/www.manquepierda.com\/historiarealbetis\/wp-json\/wp\/v2\/posts\/25202","targetHints":{"allow":["GET"]}}],"collection":[{"href":"https:\/\/www.manquepierda.com\/historiarealbetis\/wp-json\/wp\/v2\/posts"}],"about":[{"href":"https:\/\/www.manquepierda.com\/historiarealbetis\/wp-json\/wp\/v2\/types\/post"}],"author":[{"embeddable":true,"href":"https:\/\/www.manquepierda.com\/historiarealbetis\/wp-json\/wp\/v2\/users\/48"}],"replies":[{"embeddable":true,"href":"https:\/\/www.manquepierda.com\/historiarealbetis\/wp-json\/wp\/v2\/comments?post=25202"}],"version-history":[{"count":1,"href":"https:\/\/www.manquepierda.com\/historiarealbetis\/wp-json\/wp\/v2\/posts\/25202\/revisions"}],"predecessor-version":[{"id":97406,"href":"https:\/\/www.manquepierda.com\/historiarealbetis\/wp-json\/wp\/v2\/posts\/25202\/revisions\/97406"}],"wp:featuredmedia":[{"embeddable":true,"href":"https:\/\/www.manquepierda.com\/historiarealbetis\/wp-json\/wp\/v2\/media\/25212"}],"wp:attachment":[{"href":"https:\/\/www.manquepierda.com\/historiarealbetis\/wp-json\/wp\/v2\/media?parent=25202"}],"wp:term":[{"taxonomy":"category","embeddable":true,"href":"https:\/\/www.manquepierda.com\/historiarealbetis\/wp-json\/wp\/v2\/categories?post=25202"},{"taxonomy":"post_tag","embeddable":true,"href":"https:\/\/www.manquepierda.com\/historiarealbetis\/wp-json\/wp\/v2\/tags?post=25202"}],"curies":[{"name":"wp","href":"https:\/\/api.w.org\/{rel}","templated":true}]}}