{"id":25247,"date":"2012-12-28T20:03:45","date_gmt":"2012-12-28T19:03:45","guid":{"rendered":"http:\/\/www.manquepierda.com\/historiarealbetis\/?p=25247"},"modified":"2024-08-14T12:00:22","modified_gmt":"2024-08-14T10:00:22","slug":"1940-diciembre-29-2advsn2ogrupo-real-betis-balompie-4-cartagena-cf-0","status":"publish","type":"post","link":"https:\/\/www.manquepierda.com\/historiarealbetis\/1940-diciembre-29-2advsn2ogrupo-real-betis-balompie-4-cartagena-cf-0\/","title":{"rendered":"1940-Diciembre 29-2\u00aaDvsn2\u00baGrupo: Real Betis Balompi\u00e9-4 Cartagena cf-0."},"content":{"rendered":"<p style=\"text-align: center\"><a href=\"https:\/\/www.manquepierda.com\/historiarealbetis\/25236-1935-diciembre-29-primera-division-betis-balompie-1-vs-sevilla-cf-0\/exposicionibcna-6\/\" rel=\"attachment wp-att-25237\"><img data-recalc-dims=\"1\" loading=\"lazy\" decoding=\"async\" class=\"aligncenter size-full wp-image-25237\" alt=\"Exposici\u00f3nIbcna\" src=\"https:\/\/i0.wp.com\/www.manquepierda.com\/historiarealbetis\/files\/2012\/12\/Exposici%C3%B3nIbcna4.jpg?resize=400%2C156&#038;ssl=1\" width=\"400\" height=\"156\" srcset=\"https:\/\/i0.wp.com\/www.manquepierda.com\/historiarealbetis\/files\/2012\/12\/Exposici%C3%B3nIbcna4.jpg?w=400&amp;ssl=1 400w, https:\/\/i0.wp.com\/www.manquepierda.com\/historiarealbetis\/files\/2012\/12\/Exposici%C3%B3nIbcna4.jpg?resize=300%2C117&amp;ssl=1 300w\" sizes=\"auto, (max-width: 400px) 100vw, 400px\" \/><\/a>1940-Diciembre 29-Domingo en la \u00abCiudad del Betis\u00bb.-Estadio Municipal de HELI\u00d3POLIS.<\/p>\n<p style=\"text-align: center\">14\u00aa Jornada Liga Segunda Divisi\u00f3n-Grupo II-Temporada 1940-1941.<\/p>\n<p style=\"text-align: center\">Arbitr\u00f3 el colegiado del Centro, \u00c1lvarez Santullano.<\/p>\n<p style=\"text-align: center\">Aline\u00f3 \u00e1:<\/p>\n<p style=\"text-align: center\"><a href=\"https:\/\/www.manquepierda.com\/historiarealbetis\/24784-1944-diciembre-17-2adivision-real-betis-balompie-3-vs-racing-santander-2\/1941-rbb-142\/\" rel=\"attachment wp-att-24788\"><img data-recalc-dims=\"1\" loading=\"lazy\" decoding=\"async\" class=\"aligncenter size-full wp-image-24788\" alt=\"1941-RBB\" src=\"https:\/\/i0.wp.com\/www.manquepierda.com\/historiarealbetis\/files\/2012\/12\/1941-RBB20.jpg?resize=154%2C154&#038;ssl=1\" width=\"154\" height=\"154\" srcset=\"https:\/\/i0.wp.com\/www.manquepierda.com\/historiarealbetis\/files\/2012\/12\/1941-RBB20.jpg?w=154&amp;ssl=1 154w, https:\/\/i0.wp.com\/www.manquepierda.com\/historiarealbetis\/files\/2012\/12\/1941-RBB20.jpg?resize=150%2C150&amp;ssl=1 150w, https:\/\/i0.wp.com\/www.manquepierda.com\/historiarealbetis\/files\/2012\/12\/1941-RBB20.jpg?resize=50%2C50&amp;ssl=1 50w\" sizes=\"auto, (max-width: 154px) 100vw, 154px\" \/><\/a>BETIS BALOMPI\u00c9-4 Goles.<\/p>\n<p style=\"text-align: center\">MARCARON:<\/p>\n<p style=\"text-align: center\"><a href=\"https:\/\/www.manquepierda.com\/historiarealbetis\/25247-1940-diciembre-29-2advsn2ogrupo-real-betis-balompie-4-cartagena-cf-0\/paquirri-camisola-antigua-4\/\" rel=\"attachment wp-att-25249\"><img data-recalc-dims=\"1\" loading=\"lazy\" decoding=\"async\" class=\"aligncenter size-full wp-image-25249\" alt=\"Paquirri camisola antigua\" src=\"https:\/\/i0.wp.com\/www.manquepierda.com\/historiarealbetis\/files\/2012\/12\/Paquirri-camisola-antigua1.jpg?resize=178%2C400&#038;ssl=1\" width=\"178\" height=\"400\" srcset=\"https:\/\/i0.wp.com\/www.manquepierda.com\/historiarealbetis\/files\/2012\/12\/Paquirri-camisola-antigua1.jpg?w=178&amp;ssl=1 178w, https:\/\/i0.wp.com\/www.manquepierda.com\/historiarealbetis\/files\/2012\/12\/Paquirri-camisola-antigua1.jpg?resize=133%2C300&amp;ssl=1 133w\" sizes=\"auto, (max-width: 178px) 100vw, 178px\" \/><\/a>2-PAQUIRRI (1-0, golazo; 2-0, de tiro raso y colocado tras pase de Caballero, primer tiempo).<\/p>\n<p style=\"text-align: left\"><a href=\"https:\/\/www.manquepierda.com\/historiarealbetis\/25247-1940-diciembre-29-2advsn2ogrupo-real-betis-balompie-4-cartagena-cf-0\/josegonzalezcaballero-4\/\" rel=\"attachment wp-att-25250\"><img data-recalc-dims=\"1\" loading=\"lazy\" decoding=\"async\" class=\"aligncenter size-full wp-image-25250\" alt=\"Jos\u00e9Gonz\u00e1lezCaballero\" src=\"https:\/\/i0.wp.com\/www.manquepierda.com\/historiarealbetis\/files\/2012\/12\/Jos%C3%A9Gonz%C3%A1lezCaballero2.jpg?resize=120%2C203&#038;ssl=1\" width=\"120\" height=\"203\" \/><\/a>2-CABALLERO (3-0, 2\u00ba tiempo, pena m\u00e1xima por manos dentro del \u00e1rea; 4-0: Paquirri se adelant\u00f3 a un bal\u00f3n cerca de la l\u00ednea de c\u00f3rner-ya efectuado varias veces durante el encuentro- y no lo dirigi\u00f3 hacia dentro frente al marco, en \u00e9sta ocasi\u00f3n, hall\u00f3 el pi\u00e9 del interior zurdo verdiblanco logrando un magn\u00edfico tanto\u00bb.<\/p>\n<p style=\"text-align: left\">Guardameta.-Mario INCHAUSTI Goitia (25).<\/p>\n<p style=\"text-align: left\">Zagueros.-Antonio TELECH\u00cdA Calvo (22),\u00a0 PERAL-Jos\u00e9 Su\u00e1rez Gonz\u00e1lez (29).<\/p>\n<p style=\"text-align: left\">Medios.-RUIZ I-Antonio Ruiz,\u00a0 MELITO-Manuel Torres Rodr\u00edguez (22),\u00a0 TOMAS\u00cdN-Rafael Holgu\u00edn Guill\u00e9n (22).<\/p>\n<p style=\"text-align: left\">Delanteros.-RUIZ II-Manuel Ruiz Rodr\u00edguez,\u00a0 Manuel CASTRILLO Pascual,\u00a0 PAQUIRRI-Francisco Gonz\u00e1lez Rodr\u00edguez (27),\u00a0 Jos\u00e9 Gonz\u00e1lez CABALLERO (24),\u00a0 Antonio V\u00c1ZQUEZ Medina (17).<\/p>\n<p style=\"text-align: center\"><a href=\"https:\/\/www.manquepierda.com\/historiarealbetis\/24643-1946-diciembre-15-2advs-real-betis-balompie-2-vs-real-santander-sd-2\/19350217-oconnell-22\/\" rel=\"attachment wp-att-24658\"><img data-recalc-dims=\"1\" loading=\"lazy\" decoding=\"async\" class=\"aligncenter size-medium wp-image-24658\" alt=\"19350217-O'Connell\" src=\"https:\/\/i0.wp.com\/www.manquepierda.com\/historiarealbetis\/files\/2012\/12\/19350217-OConnell8.jpg?resize=195%2C300&#038;ssl=1\" width=\"195\" height=\"300\" srcset=\"https:\/\/i0.wp.com\/www.manquepierda.com\/historiarealbetis\/files\/2012\/12\/19350217-OConnell8.jpg?resize=195%2C300&amp;ssl=1 195w, https:\/\/i0.wp.com\/www.manquepierda.com\/historiarealbetis\/files\/2012\/12\/19350217-OConnell8.jpg?w=624&amp;ssl=1 624w\" sizes=\"auto, (max-width: 195px) 100vw, 195px\" \/><\/a><strong>Mr. Patrick Joseph O&#8217;CONNELL (53 A\u00f1os).-Entrenador.<\/strong><\/p>\n<p style=\"text-align: center\"><a href=\"https:\/\/www.manquepierda.com\/historiarealbetis\/24625-1940-diciembre-15-2adiv2ogrupo-betis-balompie-1-vs-cd-malacitano-1\/valentinperezmartinez-6\/\" rel=\"attachment wp-att-24635\"><img data-recalc-dims=\"1\" loading=\"lazy\" decoding=\"async\" class=\"aligncenter size-medium wp-image-24635\" alt=\"Valent\u00ednP\u00e8rezMart\u00ednez\" src=\"https:\/\/i0.wp.com\/www.manquepierda.com\/historiarealbetis\/files\/2012\/12\/Valent%C3%ADnP%C3%A8rezMart%C3%ADnez2.jpg?resize=300%2C222&#038;ssl=1\" width=\"300\" height=\"222\" srcset=\"https:\/\/i0.wp.com\/www.manquepierda.com\/historiarealbetis\/files\/2012\/12\/Valent%C3%ADnP%C3%A8rezMart%C3%ADnez2.jpg?resize=300%2C222&amp;ssl=1 300w, https:\/\/i0.wp.com\/www.manquepierda.com\/historiarealbetis\/files\/2012\/12\/Valent%C3%ADnP%C3%A8rezMart%C3%ADnez2.jpg?resize=1024%2C759&amp;ssl=1 1024w, https:\/\/i0.wp.com\/www.manquepierda.com\/historiarealbetis\/files\/2012\/12\/Valent%C3%ADnP%C3%A8rezMart%C3%ADnez2.jpg?w=1299&amp;ssl=1 1299w\" sizes=\"auto, (max-width: 300px) 100vw, 300px\" \/><\/a><strong>Don Valent\u00edn P\u00c9REZ Mart\u00ednez (51 a\u00f1os.-Industrial: Agencia Transportes de Viajeros).-28\u00ba Presidente.<\/strong><\/p>\n<p style=\"text-align: center\">OBITUARIOS REAL BETIS BALOMPI\u00c9:<\/p>\n<p style=\"text-align: left\">Gonz\u00e1lez CABALLERO, JOS\u00c9.-Alcal\u00e1 de Guadaira (Sevilla), s\u00e1bado 15-Enero-1916.-Alcal\u00e1 de Guadaira (Sevilla), Domingo 08-Enero-1967.-D. E. P.<\/p>\n<p style=\"text-align: left\">CASTRILLO Pascual, MANUEL.-Sevilla \u00bf?.-Sevilla, Domingo 15-Febrero-1970.-D. E. P.<\/p>\n<p style=\"text-align: left\">INCHAUSTI Goitia, MARIO.-Caibari\u00e9n (Cuba), s\u00e1bado 03-Julio-1915.-Zaragoza, Martes 02-Mayo-2006.-D. E. P.<\/p>\n<p style=\"text-align: left\">MELITO-Manuel Torres Rodr\u00edguez.-Santa Cruz (Tenerife), s\u00e1bado 20-Enero-1917.<\/p>\n<p style=\"text-align: left\"><strong>O&#8217;CONNELL, Patrick Joseph-Entrenardor Irland\u00e9s.-Dublin, Martes 08-Marzo-1887.-St Pancras-Londres (Inglaterra), Viernes 27-Febrero-1959.-D. E. P.<\/strong><\/p>\n<p style=\"text-align: left\">PAQUIRRI-Francisco Gonz\u00e1lez Rodr\u00edguez.-Sevilla, mi\u00e9rcoles 13-Agosto-1913.-Sevilla, Jueves 11-Noviembre-1982.-D. E. P.<\/p>\n<p style=\"text-align: left\">PERAL-Jos\u00e9 Su\u00e1rez Gonz\u00e1lez.-Sevilla, lunes 10-Abril-1911.-Sevilla, 28-Mayo-1967.-D. E. P.<\/p>\n<p style=\"text-align: left\"><strong>PEREZ Mart\u00ednez, VALENT\u00cdN.-Industrial.-28\u00ba Presidente.-Cesantes-Villa Redondela (Pontevedra), S\u00e1bado 18-Febrero-1889.-Sevilla, S\u00e1bado 07-Febrero-1953.-D. E. P.-Contrajo matrimonio con Do\u00f1a Dolores L\u00f3pez Fern\u00e1ndez.-Viv\u00edan en la calle 12 de Octubre N\u00ba 5, barriada de HELI\u00d3POLIS (\u00abCiudad del Sol\u00bb).<\/strong><\/p>\n<p style=\"text-align: left\">RUIZ I-Antonio RUIZ.-Medio 1940-1941.-Sevilla \u00bf? \u00bf?<\/p>\n<p style=\"text-align: left\">RUIZ II-Manuel Ruiz Rodr\u00edguez.-Delantero-Extremo 1940-1941.-Sevilla \u00bf? \u00bf?<\/p>\n<p style=\"text-align: left\">TELECH\u00cdA Calvo, ANTONIO.-Sevilla, mi\u00e9rcoles 17-Enero-1917.<\/p>\n<p style=\"text-align: left\">TOMAS\u00cdN-Rafael Holgu\u00edn Guill\u00e9n.-Sevilla, martes 24-Septiembre-1918.-Sevilla, Martes 16-Noviembre-2004.-D. E. P.<\/p>\n<p style=\"text-align: left\">V\u00c1ZQUEZ Medina, ANTONIO.-Sevilla, lunes 16-Julio-1923.<\/p>\n<p style=\"text-align: center\">VS.<\/p>\n<p style=\"text-align: left\"><a href=\"https:\/\/www.manquepierda.com\/historiarealbetis\/25247-1940-diciembre-29-2advsn2ogrupo-real-betis-balompie-4-cartagena-cf-0\/images-38\/\" rel=\"attachment wp-att-25251\"><img data-recalc-dims=\"1\" loading=\"lazy\" decoding=\"async\" class=\"alignleft size-full wp-image-25251\" alt=\"images\" src=\"https:\/\/i0.wp.com\/www.manquepierda.com\/historiarealbetis\/files\/2012\/12\/images11.jpeg?resize=243%2C208&#038;ssl=1\" width=\"243\" height=\"208\" \/><\/a>CARTAGENA CLUB DE F\u00daTBOL-0 Tantos.<\/p>\n<p style=\"text-align: left\">Segovia (Portero).<\/p>\n<p style=\"text-align: left\">Garcer\u00e1n-Pep\u00edn (Defensas).<\/p>\n<p style=\"text-align: left\">Yed\u00eda-M\u00fajica-Gonzalo (Medios).<\/p>\n<p style=\"text-align: left\">Santi-Zamora-Couso-Terete-Andrades.-Delanteros.<\/p>\n<p style=\"text-align: left\">RESULTADO DE LA CATORCE JORNADA LIGA SEGUNDA DIVISI\u00d3N-GRUPO II-TEMPORADA 1940-1941.-CLASIFICACI\u00d3N GENERAL POR EQUIPOS.<\/p>\n<p style=\"text-align: center\">Castell\u00f3n-1 vs. Sabadell-0.<\/p>\n<p style=\"text-align: center\">Malacitano-2 vs. Gerona-1.<\/p>\n<p style=\"text-align: center\">C\u00e1diz-1 vs. Levante-1.<\/p>\n<p style=\"text-align: center\">Granada-2 vs. C\u00f3rdoba-1.<\/p>\n<p style=\"text-align: center\">Badalona-0 vs. Xerez-1.<\/p>\n<p style=\"text-align: center\">BETIS BALOMPI\u00c9-4 vs. Cartagena-0.<\/p>\n<p style=\"text-align: left\">01\u00ba.-Club Deportivo Castell\u00f3n-21 Puntos.-9g-3e-2p.-40-22 Goles Favor-Contra.<\/p>\n<p style=\"text-align: left\">02\u00ba.-Granada Club de F\u00fatbol-20 Puntos.-9g-2e-3p.-25-10 Tantos Favor-Contra.<\/p>\n<p style=\"text-align: left\">03\u00ba.-C\u00e1diz Club de F\u00fatbol-18 Puntos.-8g-2e-4p.-35-16 Goles F-C.<\/p>\n<p style=\"text-align: left\">04\u00ba.-Gerona Club de F\u00fatbol-18 Puntos.-9g-0e-5p.-31-17 Tantos F-C.<\/p>\n<p style=\"text-align: left\">05\u00ba.-Club Deportivo Malacitano-17 Puntos.-7g-3e-4p.-35-22 Goles F-C.<\/p>\n<p style=\"text-align: left\"><strong>06\u00ba.-REAL BETIS BALOMPI\u00c9-16 PUNTOS.-7-GANADOS,\u00a0 2-EMPATADOS,\u00a0 5-PERDIDOS.-31-GOLES A FAVOR\u00a0 Y\u00a0 18-TANTOS EN CONTRA.<\/strong><\/p>\n<p style=\"text-align: left\">07\u00ba.-Xerez Club de F\u00fatbol-15 Puntos.-6g-3e-5p.-21-26 Tantos F-C.<\/p>\n<p style=\"text-align: left\">08\u00ba.-Uni\u00f3n Deportiva Levante Gimn\u00e1stico-14 Puntos.-6g-2e-6p.-32-28 Goles F-C.<\/p>\n<p style=\"text-align: left\">09\u00ba.-Cartagena Club de F\u00fatbol-11 Puntos.-3g-5e-6p.-22-31 Tantos F-C.<\/p>\n<p style=\"text-align: left\">10\u00ba.-Centro de Deportes Sabadell Club de F\u00fatbol-11 Puntos.-4g-3e-7p.-17-31 Goles F-C.<\/p>\n<p style=\"text-align: left\">11\u00ba.-Club de F\u00fatbol Badalona-04 Puntos.-1g-2e-11p.-16-49 Tantos F-C.<\/p>\n<p style=\"text-align: left\">12\u00ba.-Club Deportivo C\u00f3rdoba-03 Puntos.-1g-1e-12p.-18-53 Goles Favor-Contra.<\/p>\n<p style=\"text-align: left\">Fuentes:<\/p>\n<p style=\"text-align: left\">Colecci\u00f3n Personal.<\/p>\n<p style=\"text-align: left\">futbolme.com<\/p>\n<p style=\"text-align: left\">\u00abdiscobolo\u00bb-goles-ABC-Sevilla, 31-12-1940.<\/p>\n<p style=\"text-align: center\">\n","protected":false},"excerpt":{"rendered":"<p>1940-Diciembre 29-Domingo en la \u00abCiudad del Betis\u00bb.-Estadio Municipal de HELI\u00d3POLIS. 14\u00aa Jornada Liga Segunda Divisi\u00f3n-Grupo II-Temporada 1940-1941. Arbitr\u00f3 el colegiado del Centro, \u00c1lvarez Santullano. Aline\u00f3 \u00e1: BETIS BALOMPI\u00c9-4 Goles. MARCARON: 2-PAQUIRRI (1-0, golazo; 2-0, de tiro raso y colocado tras pase de Caballero, primer tiempo). 2-CABALLERO (3-0, 2\u00ba tiempo, pena m\u00e1xima por manos dentro del&#8230;<\/p>\n","protected":false},"author":48,"featured_media":25237,"comment_status":"open","ping_status":"open","sticky":false,"template":"","format":"standard","meta":{"_kad_post_transparent":"","_kad_post_title":"","_kad_post_layout":"","_kad_post_sidebar_id":"","_kad_post_content_style":"","_kad_post_vertical_padding":"","_kad_post_feature":"","_kad_post_feature_position":"","_kad_post_header":false,"_kad_post_footer":false,"_kad_post_classname":"","_jetpack_memberships_contains_paid_content":false,"footnotes":"","jetpack_publicize_message":"","jetpack_publicize_feature_enabled":true,"jetpack_social_post_already_shared":true,"jetpack_social_options":{"image_generator_settings":{"template":"highway","default_image_id":0,"font":"","enabled":false},"version":2}},"categories":[900,1],"tags":[48,2378,1188,17888],"class_list":["post-25247","post","type-post","status-publish","format-standard","has-post-thumbnail","hentry","category-1940-1949","category-portada","tag-48","tag-1940-41","tag-cartagena-fc","tag-liga-segunda-1940-41"],"jetpack_publicize_connections":[],"jetpack_featured_media_url":"https:\/\/i0.wp.com\/www.manquepierda.com\/historiarealbetis\/files\/2012\/12\/Exposici%C3%B3nIbcna4.jpg?fit=400%2C156&ssl=1","jetpack_sharing_enabled":true,"jetpack_shortlink":"https:\/\/wp.me\/p1ij08-6zd","jetpack-related-posts":[],"_links":{"self":[{"href":"https:\/\/www.manquepierda.com\/historiarealbetis\/wp-json\/wp\/v2\/posts\/25247","targetHints":{"allow":["GET"]}}],"collection":[{"href":"https:\/\/www.manquepierda.com\/historiarealbetis\/wp-json\/wp\/v2\/posts"}],"about":[{"href":"https:\/\/www.manquepierda.com\/historiarealbetis\/wp-json\/wp\/v2\/types\/post"}],"author":[{"embeddable":true,"href":"https:\/\/www.manquepierda.com\/historiarealbetis\/wp-json\/wp\/v2\/users\/48"}],"replies":[{"embeddable":true,"href":"https:\/\/www.manquepierda.com\/historiarealbetis\/wp-json\/wp\/v2\/comments?post=25247"}],"version-history":[{"count":1,"href":"https:\/\/www.manquepierda.com\/historiarealbetis\/wp-json\/wp\/v2\/posts\/25247\/revisions"}],"predecessor-version":[{"id":96631,"href":"https:\/\/www.manquepierda.com\/historiarealbetis\/wp-json\/wp\/v2\/posts\/25247\/revisions\/96631"}],"wp:featuredmedia":[{"embeddable":true,"href":"https:\/\/www.manquepierda.com\/historiarealbetis\/wp-json\/wp\/v2\/media\/25237"}],"wp:attachment":[{"href":"https:\/\/www.manquepierda.com\/historiarealbetis\/wp-json\/wp\/v2\/media?parent=25247"}],"wp:term":[{"taxonomy":"category","embeddable":true,"href":"https:\/\/www.manquepierda.com\/historiarealbetis\/wp-json\/wp\/v2\/categories?post=25247"},{"taxonomy":"post_tag","embeddable":true,"href":"https:\/\/www.manquepierda.com\/historiarealbetis\/wp-json\/wp\/v2\/tags?post=25247"}],"curies":[{"name":"wp","href":"https:\/\/api.w.org\/{rel}","templated":true}]}}