{"id":25386,"date":"2013-01-02T19:31:45","date_gmt":"2013-01-02T18:31:45","guid":{"rendered":"http:\/\/www.manquepierda.com\/historiarealbetis\/?p=25386"},"modified":"2024-08-14T10:32:29","modified_gmt":"2024-08-14T08:32:29","slug":"1943-enero-03-benefico-ateneo-sevilla-cf-4-vs-real-betis-balompie-1","status":"publish","type":"post","link":"https:\/\/www.manquepierda.com\/historiarealbetis\/1943-enero-03-benefico-ateneo-sevilla-cf-4-vs-real-betis-balompie-1\/","title":{"rendered":"1943-Enero 03-Ben\u00e9fico-Ateneo: Sevilla cf-4 vs. Real Betis Balompi\u00e9-1."},"content":{"rendered":"<p><a href=\"https:\/\/www.manquepierda.com\/historiarealbetis\/25386-1943-enero-03-benefico-ateneo-sevilla-cf-4-vs-real-betis-balompie-1\/nervion2\/\" rel=\"attachment wp-att-25387\"><img data-recalc-dims=\"1\" loading=\"lazy\" decoding=\"async\" class=\"alignleft size-full wp-image-25387\" alt=\"nervion2\" src=\"https:\/\/i0.wp.com\/www.manquepierda.com\/historiarealbetis\/files\/2013\/01\/nervion2.jpg?resize=300%2C173&#038;ssl=1\" width=\"300\" height=\"173\" \/><\/a>1943-Enero 03.-Domingo en Sevilla.-Estadio NERVI\u00d3N: Derbi a beneficio de la Cabalgata de los Reyes Magos-Excmo. Ateneo de Sevilla.<\/p>\n<p>&nbsp;<\/p>\n<p>&nbsp;<\/p>\n<p>&nbsp;<\/p>\n<p><a href=\"https:\/\/www.manquepierda.com\/historiarealbetis\/25386-1943-enero-03-benefico-ateneo-sevilla-cf-4-vs-real-betis-balompie-1\/19430107-rbb-ateneo\/\" rel=\"attachment wp-att-25391\"><img data-recalc-dims=\"1\" loading=\"lazy\" decoding=\"async\" class=\"alignright size-medium wp-image-25391\" alt=\"19430107-RBB-Ateneo\" src=\"https:\/\/i0.wp.com\/www.manquepierda.com\/historiarealbetis\/files\/2013\/01\/19430107-RBB-Ateneo.jpg?resize=253%2C300&#038;ssl=1\" width=\"253\" height=\"300\" srcset=\"https:\/\/i0.wp.com\/www.manquepierda.com\/historiarealbetis\/files\/2013\/01\/19430107-RBB-Ateneo.jpg?resize=253%2C300&amp;ssl=1 253w, https:\/\/i0.wp.com\/www.manquepierda.com\/historiarealbetis\/files\/2013\/01\/19430107-RBB-Ateneo.jpg?resize=866%2C1024&amp;ssl=1 866w, https:\/\/i0.wp.com\/www.manquepierda.com\/historiarealbetis\/files\/2013\/01\/19430107-RBB-Ateneo.jpg?resize=1024%2C1210&amp;ssl=1 1024w\" sizes=\"auto, (max-width: 253px) 100vw, 253px\" \/><\/a><\/p>\n<p>&nbsp;<\/p>\n<p style=\"text-align: left\"><strong>REAL BETIS BALOMPI\u00c9.-<\/strong><strong>Fundado en 1907.<\/strong><\/p>\n<p style=\"text-align: left\"><strong>Secretar\u00eda, calle Sierpes n\u00ba 9-Principal-Tel\u00e9fono 28179.<\/strong><\/p>\n<p style=\"text-align: left\"><strong>Sevilla, mi\u00e9rcoles 07 de Enero de 1943.<\/strong><\/p>\n<p style=\"text-align: left\"><strong>Se\u00f1or Presidente del Ateneo de Sevilla.<\/strong><\/p>\n<p style=\"text-align: left\"><strong>E\/E.-<\/strong><\/p>\n<p style=\"text-align: left\"><strong>\u00abMuy Sr. nuestro:<\/strong><\/p>\n<p style=\"text-align: left\"><strong>Hemos recibido su muy atento saluda de fecha 4 del corriente,\u00a0 al cual tiene la atenci\u00f3n de unir un obsequio en concepto de gratificaci\u00f3n,\u00a0 para los jugadores de nuestra Sociedad,\u00a0 que participaron en el partido celebrado el pasado d\u00eda 3,\u00a0 a beneficio de la Cabalgata de los Reyes Magos.<\/strong><\/p>\n<p style=\"text-align: left\"><strong>Hacemos presente nuestro mayor agradecimiento,\u00a0 tanto en nombre del Club,\u00a0 como en el de nuestros jugadores,\u00a0 qui\u00e9nes as\u00ed nos lo ruegan le hagamos presente.<\/strong><\/p>\n<p style=\"text-align: left\"><strong>Mucho celebramos haber podido contribuir a tan simp\u00e1tico fin,\u00a0 y con la mayor consideraci\u00f3n y agradecimiento,\u00a0 como siempre nos ofrecemos suyos attos.\u00a0 ss.\u00a0 ss.<\/strong><\/p>\n<p style=\"text-align: left\"><strong>Sello y firma.-SECRETARIO\u00bb.-Campo de Deportes.-Estadio Avenida de la Victoria (Antes Paseo de la Palnera).-Tel\u00e9fono 31765.<br \/>\n<\/strong><\/p>\n<p style=\"text-align: center\">Arbitr\u00f3 el colegiado del Sur, D\u00edaz.<\/p>\n<p style=\"text-align: center\"><a href=\"https:\/\/www.manquepierda.com\/historiarealbetis\/25356-1950-enero-01-3ad5ogrupo-recreativo-huelva-4-vs-real-betis-balompie-1\/1941-rbb-145\/\" rel=\"attachment wp-att-25359\"><img data-recalc-dims=\"1\" loading=\"lazy\" decoding=\"async\" class=\"aligncenter size-full wp-image-25359\" alt=\"1941-RBB\" src=\"https:\/\/i0.wp.com\/www.manquepierda.com\/historiarealbetis\/files\/2013\/01\/1941-RBB.jpg?resize=154%2C154&#038;ssl=1\" width=\"154\" height=\"154\" srcset=\"https:\/\/i0.wp.com\/www.manquepierda.com\/historiarealbetis\/files\/2013\/01\/1941-RBB.jpg?w=154&amp;ssl=1 154w, https:\/\/i0.wp.com\/www.manquepierda.com\/historiarealbetis\/files\/2013\/01\/1941-RBB.jpg?resize=150%2C150&amp;ssl=1 150w, https:\/\/i0.wp.com\/www.manquepierda.com\/historiarealbetis\/files\/2013\/01\/1941-RBB.jpg?resize=50%2C50&amp;ssl=1 50w\" sizes=\"auto, (max-width: 154px) 100vw, 154px\" \/><\/a>REAL BETIS BALOMPI\u00c9-1 Gol.<\/p>\n<p style=\"text-align: center\">Marc\u00f3:<\/p>\n<p style=\"text-align: center\">3-1, 2\u00ba Tiempo:\u00a0 ANDR\u00c9S.<\/p>\n<p style=\"text-align: left\">Guardameta.-PAQUILLO-Francisco Carmona Reina (20).<\/p>\n<p style=\"text-align: left\">Zagueros.-CASTILLO (20),\u00a0 NOVOA.<\/p>\n<p style=\"text-align: left\">Medios.-BESC\u00d3S (27),\u00a0 ANT\u00daNEZ (20),\u00a0 L\u00d3PEZ (20).<\/p>\n<p style=\"text-align: left\">Delanteros.-BASC\u00d3N (Sustitu\u00eddo por ENRIQUE-27 a\u00f1os);\u00a0 PORRAS,\u00a0 ANDR\u00c9S; GUILLERMO (25)-Sustitu\u00eddo por CAZORLA (19);\u00a0 LOZANO (Sustitu\u00eddo por GONZ\u00c1LEZ-20 a\u00f1os-).<\/p>\n<p style=\"text-align: center\"><a href=\"https:\/\/www.manquepierda.com\/historiarealbetis\/25386-1943-enero-03-benefico-ateneo-sevilla-cf-4-vs-real-betis-balompie-1\/cesareo-baragano-alvarez-6\/\" rel=\"attachment wp-att-25389\"><img data-recalc-dims=\"1\" loading=\"lazy\" decoding=\"async\" class=\"aligncenter size-medium wp-image-25389\" alt=\"Ces\u00e1reo Baraga\u00f1o \u00c1lvarez\" src=\"https:\/\/i0.wp.com\/www.manquepierda.com\/historiarealbetis\/files\/2013\/01\/Ces%C3%A1reo-Baraga%C3%B1o-%C3%81lvarez-300x280.jpg?resize=300%2C280&#038;ssl=1\" width=\"300\" height=\"280\" srcset=\"https:\/\/i0.wp.com\/www.manquepierda.com\/historiarealbetis\/files\/2013\/01\/Ces%C3%A1reo-Baraga%C3%B1o-%C3%81lvarez.jpg?resize=300%2C280&amp;ssl=1 300w, https:\/\/i0.wp.com\/www.manquepierda.com\/historiarealbetis\/files\/2013\/01\/Ces%C3%A1reo-Baraga%C3%B1o-%C3%81lvarez.jpg?w=480&amp;ssl=1 480w\" sizes=\"auto, (max-width: 300px) 100vw, 300px\" \/><\/a><strong>Ces\u00e1reo BARAGA\u00d1O \u00c1lvarez.-<\/strong>Entrenador.<\/p>\n<p style=\"text-align: center\"><strong>Don ALFONSO ALARC\u00d3N DE LA LASTRA (36 A\u00f1os-Militar).-30\u00ba Presidente Real Betis Balompi\u00e9.<\/strong><\/p>\n<p style=\"text-align: center\">OBITUARIOS REAL BETIS BALOMPI\u00c9:<\/p>\n<p style=\"text-align: left\"><strong>ALARC\u00d3N DE LA LASTRA, ALFONSO.-30\u00ba Presidente.-Sevilla, mi\u00e9rcoles 02-Mayo-1906.-C\u00e1diz, S\u00e1bado 07-Agosto-1982.-D. E. P.<\/strong><\/p>\n<p style=\"text-align: left\">ANDR\u00c9S.-Ariete 1942-1943.<\/p>\n<p style=\"text-align: left\">ANT\u00daNEZ Espada, FRANCISCO.-Sevilla, mi\u00e9rcoles 01-Noviembre-1922.-Sevilla, Martes 16-Agosto-1994.-D. E. P.<\/p>\n<p style=\"text-align: left\"><strong>BARAGA\u00d1O \u00c1lvarez, CES\u00c1REO.-Entrenador.-Mieres (Asturias), s\u00e1bado 03-Agosto-1907.-Santander, 00-Julio-1970.-D. E. P.-Ex-Jugador B\u00e9tico-Mediocentro-Temporada 1934-1935.<\/strong><\/p>\n<p style=\"text-align: left\">BASC\u00d3N.-Delantero-Extremo diestro 1942-1943.<\/p>\n<p style=\"text-align: left\">BESC\u00d3S Mambrona, ENRIQUE.-Madrid, viernes 26-Marzo-1915.<\/p>\n<p style=\"text-align: left\">Mart\u00ednez CASTILLO, RAFAEL.-Sevilla, s\u00e1bado 02-Septiembre-1922.-Sevilla, Martes 04-Marzo-2003.-D. E. P.<\/p>\n<p style=\"text-align: left\">CAZORLA Castellano, JUAN.-Las Palmas de Gran Canaria, martes 19-Junio-1923.<\/p>\n<p style=\"text-align: left\">ENRIQUE Rubio Alc\u00e1zar.-Ferrol, lunes 19-Julio-1915.<\/p>\n<p style=\"text-align: left\">GONZ\u00c1LEZ Jim\u00e9nez, JOS\u00c9.-Las Palmas de Gran Canaria, lunes 13-Marzo-1922.<\/p>\n<p style=\"text-align: left\">GUILLERMO De Castells Adriaenssens.-Valencia, s\u00e1bado 06-Octubre-1917.<\/p>\n<p style=\"text-align: left\">L\u00d3PEZ Escobedo, MIGUEL.-Santander, domingo 26-Febrero-1922.<\/p>\n<p style=\"text-align: left\">LOZANO.-Delantero-Extremo zurdo 1942-1943.<\/p>\n<p style=\"text-align: left\">NOVOA.-Zaguero 1942-1943.<\/p>\n<p style=\"text-align: left\">PAQUILLO-Francisco Carmona Reina.-Sevilla, lunes 10-Julio-1922.-Sevilla, 00-Enero-1987.-D. E. P.<\/p>\n<p style=\"text-align: left\">PORRAS.-Delantero-Interior diestro 1942-1943.<\/p>\n<p style=\"text-align: left\">-Colecci\u00f3n personal.<\/p>\n<p style=\"text-align: left\">-Copia escrito al Ateneo cedida gentilmente por don Fernando Mu\u00f1oz Ortega.<\/p>\n","protected":false},"excerpt":{"rendered":"<p>1943-Enero 03.-Domingo en Sevilla.-Estadio NERVI\u00d3N: Derbi a beneficio de la Cabalgata de los Reyes Magos-Excmo. Ateneo de Sevilla. &nbsp; &nbsp; &nbsp; &nbsp; REAL BETIS BALOMPI\u00c9.-Fundado en 1907. Secretar\u00eda, calle Sierpes n\u00ba 9-Principal-Tel\u00e9fono 28179. Sevilla, mi\u00e9rcoles 07 de Enero de 1943. Se\u00f1or Presidente del Ateneo de Sevilla. E\/E.- \u00abMuy Sr. nuestro: Hemos recibido su muy atento&#8230;<\/p>\n","protected":false},"author":48,"featured_media":25387,"comment_status":"open","ping_status":"open","sticky":false,"template":"","format":"standard","meta":{"_kad_post_transparent":"","_kad_post_title":"","_kad_post_layout":"","_kad_post_sidebar_id":"","_kad_post_content_style":"","_kad_post_vertical_padding":"","_kad_post_feature":"","_kad_post_feature_position":"","_kad_post_header":false,"_kad_post_footer":false,"_kad_post_classname":"","_jetpack_memberships_contains_paid_content":false,"footnotes":"","jetpack_publicize_message":"","jetpack_publicize_feature_enabled":true,"jetpack_social_post_already_shared":true,"jetpack_social_options":{"image_generator_settings":{"template":"highway","default_image_id":0,"font":"","enabled":false},"version":2}},"categories":[900,1],"tags":[2284,51,916,15502],"class_list":["post-25386","post","type-post","status-publish","format-standard","has-post-thumbnail","hentry","category-1940-1949","category-portada","tag-1942-43","tag-51","tag-sevilla-fc","tag-trofeo-ateneo-de-sevilla"],"jetpack_publicize_connections":[],"jetpack_featured_media_url":"https:\/\/i0.wp.com\/www.manquepierda.com\/historiarealbetis\/files\/2013\/01\/nervion2.jpg?fit=300%2C173&ssl=1","jetpack_sharing_enabled":true,"jetpack_shortlink":"https:\/\/wp.me\/p1ij08-6Bs","jetpack-related-posts":[],"_links":{"self":[{"href":"https:\/\/www.manquepierda.com\/historiarealbetis\/wp-json\/wp\/v2\/posts\/25386","targetHints":{"allow":["GET"]}}],"collection":[{"href":"https:\/\/www.manquepierda.com\/historiarealbetis\/wp-json\/wp\/v2\/posts"}],"about":[{"href":"https:\/\/www.manquepierda.com\/historiarealbetis\/wp-json\/wp\/v2\/types\/post"}],"author":[{"embeddable":true,"href":"https:\/\/www.manquepierda.com\/historiarealbetis\/wp-json\/wp\/v2\/users\/48"}],"replies":[{"embeddable":true,"href":"https:\/\/www.manquepierda.com\/historiarealbetis\/wp-json\/wp\/v2\/comments?post=25386"}],"version-history":[{"count":1,"href":"https:\/\/www.manquepierda.com\/historiarealbetis\/wp-json\/wp\/v2\/posts\/25386\/revisions"}],"predecessor-version":[{"id":96591,"href":"https:\/\/www.manquepierda.com\/historiarealbetis\/wp-json\/wp\/v2\/posts\/25386\/revisions\/96591"}],"wp:featuredmedia":[{"embeddable":true,"href":"https:\/\/www.manquepierda.com\/historiarealbetis\/wp-json\/wp\/v2\/media\/25387"}],"wp:attachment":[{"href":"https:\/\/www.manquepierda.com\/historiarealbetis\/wp-json\/wp\/v2\/media?parent=25386"}],"wp:term":[{"taxonomy":"category","embeddable":true,"href":"https:\/\/www.manquepierda.com\/historiarealbetis\/wp-json\/wp\/v2\/categories?post=25386"},{"taxonomy":"post_tag","embeddable":true,"href":"https:\/\/www.manquepierda.com\/historiarealbetis\/wp-json\/wp\/v2\/tags?post=25386"}],"curies":[{"name":"wp","href":"https:\/\/api.w.org\/{rel}","templated":true}]}}