{"id":25573,"date":"2013-01-08T19:25:06","date_gmt":"2013-01-08T18:25:06","guid":{"rendered":"http:\/\/www.manquepierda.com\/historiarealbetis\/?p=25573"},"modified":"2024-08-11T12:07:21","modified_gmt":"2024-08-11T10:07:21","slug":"1949-enero-09-3ad6ogrupo-real-betis-balompie-11-vs-larache-cf-1","status":"publish","type":"post","link":"https:\/\/www.manquepierda.com\/historiarealbetis\/1949-enero-09-3ad6ogrupo-real-betis-balompie-11-vs-larache-cf-1\/","title":{"rendered":"1949-Enero 09.-3Divisi\u00f3n-Grupo VI.-Real Betis Balompi\u00e9-11Larache cf-1.-Recortes Prensa."},"content":{"rendered":"<p style=\"text-align: justify\"><a href=\"https:\/\/www.manquepierda.com\/historiarealbetis\/25573-1949-enero-09-3ad6ogrupo-real-betis-balompie-11-vs-larache-cf-1\/exposicionibrcn-9\/\" rel=\"attachment wp-att-25574\"><img data-recalc-dims=\"1\" loading=\"lazy\" decoding=\"async\" class=\"size-medium wp-image-25574 aligncenter\" src=\"https:\/\/i0.wp.com\/www.manquepierda.com\/historiarealbetis\/files\/2013\/01\/Exposici%C3%B3nIbrcn.jpg?resize=300%2C142&#038;ssl=1\" alt=\"Exposici\u00f3nIbrcn\" width=\"300\" height=\"142\" srcset=\"https:\/\/i0.wp.com\/www.manquepierda.com\/historiarealbetis\/files\/2013\/01\/Exposici%C3%B3nIbrcn.jpg?resize=300%2C142&amp;ssl=1 300w, https:\/\/i0.wp.com\/www.manquepierda.com\/historiarealbetis\/files\/2013\/01\/Exposici%C3%B3nIbrcn.jpg?w=704&amp;ssl=1 704w\" sizes=\"auto, (max-width: 300px) 100vw, 300px\" \/><\/a><\/p>\n<p style=\"text-align: justify\"><strong>13\u00aa EDICI\u00d3N-CAMPEONATO NACIONAL LIGA TERCERA DIVISI\u00d3N-GRUPO VI-TEMPORADA 1948-1949.<\/strong><\/p>\n<p style=\"text-align: justify\"><strong>Desde domingo 12 de Septiembre de 1948 hasta domingo 17 de Abril de 1949; ambas fechas inclusive.<\/strong><\/p>\n<p style=\"text-align: justify\">1949-Enero 09.-Domingo con much\u00edsimo fr\u00edo y viento \u00abglacial\u00bb en la \u00abCiudad del Betis\u00bb-Estadio Municipal de HELI\u00d3POLIS.<\/p>\n<p style=\"text-align: center\">15\u00aa Jornada Liga Tercera Divisi\u00f3n-Grupo VI-Temporada 1948-1949.<\/p>\n<p style=\"text-align: center\">Arbitr\u00f3 el colegiado del Sur-C\u00f3rdoba, Exp\u00f3sito Cabrera.<\/p>\n<p style=\"text-align: center\">Aline\u00f3 \u00e1:<\/p>\n<p style=\"text-align: center\"><a href=\"https:\/\/www.manquepierda.com\/historiarealbetis\/25356-1950-enero-01-3ad5ogrupo-recreativo-huelva-4-vs-real-betis-balompie-1\/1941-rbb-145\/\" rel=\"attachment wp-att-25359\"><img data-recalc-dims=\"1\" loading=\"lazy\" decoding=\"async\" class=\"size-full wp-image-25359 aligncenter\" src=\"https:\/\/i0.wp.com\/www.manquepierda.com\/historiarealbetis\/files\/2013\/01\/1941-RBB.jpg?resize=154%2C154&#038;ssl=1\" alt=\"1941-RBB\" width=\"154\" height=\"154\" srcset=\"https:\/\/i0.wp.com\/www.manquepierda.com\/historiarealbetis\/files\/2013\/01\/1941-RBB.jpg?w=154&amp;ssl=1 154w, https:\/\/i0.wp.com\/www.manquepierda.com\/historiarealbetis\/files\/2013\/01\/1941-RBB.jpg?resize=150%2C150&amp;ssl=1 150w, https:\/\/i0.wp.com\/www.manquepierda.com\/historiarealbetis\/files\/2013\/01\/1941-RBB.jpg?resize=50%2C50&amp;ssl=1 50w\" sizes=\"auto, (max-width: 154px) 100vw, 154px\" \/><\/a><\/p>\n<p style=\"text-align: center\">REAL BETIS BALOMPI\u00c9-11 GOLES.<\/p>\n<p style=\"text-align: center\">MARCARON:<\/p>\n<p style=\"text-align: center\">6-LUCHANA.<\/p>\n<p style=\"text-align: center\">2-PINILLAS.<\/p>\n<p style=\"text-align: center\"><a href=\"https:\/\/www.manquepierda.com\/historiarealbetis\/25573-1949-enero-09-3ad6ogrupo-real-betis-balompie-11-vs-larache-cf-1\/erasmofernandezmarcos-5\/\" rel=\"attachment wp-att-25577\"><img data-recalc-dims=\"1\" loading=\"lazy\" decoding=\"async\" class=\"aligncenter size-medium wp-image-25577\" src=\"https:\/\/i0.wp.com\/www.manquepierda.com\/historiarealbetis\/files\/2013\/01\/ErasmoFern%C3%A1ndezMarcos.jpg?resize=285%2C300&#038;ssl=1\" alt=\"ErasmoFern\u00e1ndezMarcos\" width=\"285\" height=\"300\" srcset=\"https:\/\/i0.wp.com\/www.manquepierda.com\/historiarealbetis\/files\/2013\/01\/ErasmoFern%C3%A1ndezMarcos.jpg?resize=285%2C300&amp;ssl=1 285w, https:\/\/i0.wp.com\/www.manquepierda.com\/historiarealbetis\/files\/2013\/01\/ErasmoFern%C3%A1ndezMarcos.jpg?w=588&amp;ssl=1 588w\" sizes=\"auto, (max-width: 285px) 100vw, 285px\" \/><\/a>2-ERASMO.<\/p>\n<p style=\"text-align: center\"><a href=\"https:\/\/www.manquepierda.com\/historiarealbetis\/25573-1949-enero-09-3ad6ogrupo-real-betis-balompie-11-vs-larache-cf-1\/maximo-benito-velasco-5\/\" rel=\"attachment wp-att-46502\"><img data-recalc-dims=\"1\" loading=\"lazy\" decoding=\"async\" class=\"aligncenter size-thumbnail wp-image-46502\" src=\"https:\/\/i0.wp.com\/www.manquepierda.com\/historiarealbetis\/files\/2013\/01\/M%C3%81XIMO-Benito-Velasco.jpg?resize=122%2C220&#038;ssl=1\" alt=\"M\u00c1XIMO-Benito-Velasco\" width=\"122\" height=\"220\" srcset=\"https:\/\/i0.wp.com\/www.manquepierda.com\/historiarealbetis\/files\/2013\/01\/M%C3%81XIMO-Benito-Velasco.jpg?resize=122%2C220&amp;ssl=1 122w, https:\/\/i0.wp.com\/www.manquepierda.com\/historiarealbetis\/files\/2013\/01\/M%C3%81XIMO-Benito-Velasco.jpg?resize=332%2C600&amp;ssl=1 332w, https:\/\/i0.wp.com\/www.manquepierda.com\/historiarealbetis\/files\/2013\/01\/M%C3%81XIMO-Benito-Velasco.jpg?w=360&amp;ssl=1 360w\" sizes=\"auto, (max-width: 122px) 100vw, 122px\" \/><\/a>1-M\u00c1XIMO.<\/p>\n<p style=\"text-align: left\">Guardameta.-CALLER (31).<\/p>\n<p style=\"text-align: left\">Zagueros.-FAUSTO (23),\u00a0 ARRAZOLA (28).<\/p>\n<p style=\"text-align: left\">Medios.-PAQUIRRINI (34),\u00a0 ALONSO,\u00a0 COLL (30 a\u00f1os cumpli\u00f3 lunes 31-01-1949).<\/p>\n<p style=\"text-align: left\">Delanteros.-PINILLAS,\u00a0 M\u00c1XIMO (28),\u00a0 LUCHANA (22),\u00a0 PARRADO (18),\u00a0 ERASMO (27).<\/p>\n<p style=\"text-align: left\"><a href=\"https:\/\/www.manquepierda.com\/historiarealbetis\/25573-1949-enero-09-3ad6ogrupo-real-betis-balompie-11-vs-larache-cf-1\/peral-entrenador-4\/\" rel=\"attachment wp-att-25578\"><img data-recalc-dims=\"1\" loading=\"lazy\" decoding=\"async\" class=\"size-full wp-image-25578 aligncenter\" src=\"https:\/\/i0.wp.com\/www.manquepierda.com\/historiarealbetis\/files\/2013\/01\/PERAL-Entrenador.jpg?resize=187%2C283&#038;ssl=1\" alt=\"PERAL-Entrenador\" width=\"187\" height=\"283\" \/><\/a><\/p>\n<p style=\"text-align: left\">Entrenador.-<strong>PERAL-Jos\u00e9 Su\u00e1rez Gonz\u00e1lez (37 a\u00f1os).<\/strong><\/p>\n<p style=\"text-align: center\"><a href=\"https:\/\/www.manquepierda.com\/historiarealbetis\/25417-1948-enero-04-3adivsn6ogrupo-real-betis-balompie-4-vs-cd-talavera-0\/viudafilomenodeaspe\/\" rel=\"attachment wp-att-25422\"><img data-recalc-dims=\"1\" loading=\"lazy\" decoding=\"async\" class=\"size-medium wp-image-25422 alignleft\" src=\"https:\/\/i0.wp.com\/www.manquepierda.com\/historiarealbetis\/files\/2013\/01\/ViudaFilomenoDeAspe.jpg?resize=181%2C300&#038;ssl=1\" alt=\"ViudaFilomenoDeAspe\" width=\"181\" height=\"300\" srcset=\"https:\/\/i0.wp.com\/www.manquepierda.com\/historiarealbetis\/files\/2013\/01\/ViudaFilomenoDeAspe.jpg?resize=181%2C300&amp;ssl=1 181w, https:\/\/i0.wp.com\/www.manquepierda.com\/historiarealbetis\/files\/2013\/01\/ViudaFilomenoDeAspe.jpg?resize=619%2C1024&amp;ssl=1 619w, https:\/\/i0.wp.com\/www.manquepierda.com\/historiarealbetis\/files\/2013\/01\/ViudaFilomenoDeAspe.jpg?resize=1024%2C1691&amp;ssl=1 1024w, https:\/\/i0.wp.com\/www.manquepierda.com\/historiarealbetis\/files\/2013\/01\/ViudaFilomenoDeAspe.jpg?w=1535&amp;ssl=1 1535w\" sizes=\"auto, (max-width: 181px) 100vw, 181px\" \/><\/a> <a href=\"https:\/\/www.manquepierda.com\/historiarealbetis\/25573-1949-enero-09-3ad6ogrupo-real-betis-balompie-11-vs-larache-cf-1\/industrialfilomenodeaspemartinez-300x145-2\/\" rel=\"attachment wp-att-25579\"><img data-recalc-dims=\"1\" loading=\"lazy\" decoding=\"async\" class=\"size-medium wp-image-25579 alignright\" src=\"https:\/\/i0.wp.com\/www.manquepierda.com\/historiarealbetis\/files\/2013\/01\/IndustrialFilomenoDeAspeMart%C3%ADnez-300x1451.jpg?resize=300%2C145&#038;ssl=1\" alt=\"IndustrialFilomenoDeAspeMart\u00ednez-300x145\" width=\"300\" height=\"145\" \/><\/a><\/p>\n<p style=\"text-align: center\"><img data-recalc-dims=\"1\" loading=\"lazy\" decoding=\"async\" class=\"aligncenter size-thumbnail wp-image-63164\" src=\"https:\/\/i0.wp.com\/www.manquepierda.com\/historiarealbetis\/files\/2013\/01\/Filomeno-DE-ASPE-Mart%C3%ADnez.jpg?resize=145%2C220&#038;ssl=1\" alt=\"\" width=\"145\" height=\"220\" srcset=\"https:\/\/i0.wp.com\/www.manquepierda.com\/historiarealbetis\/files\/2013\/01\/Filomeno-DE-ASPE-Mart%C3%ADnez.jpg?resize=145%2C220&amp;ssl=1 145w, https:\/\/i0.wp.com\/www.manquepierda.com\/historiarealbetis\/files\/2013\/01\/Filomeno-DE-ASPE-Mart%C3%ADnez.jpg?w=198&amp;ssl=1 198w\" sizes=\"auto, (max-width: 145px) 100vw, 145px\" \/><\/p>\n<p><em><strong>XXXIV Presidente Real Betis Balompi\u00e9.-Don Filomeno DE ASPE Mart\u00ednez.<\/strong><\/em><\/p>\n<p style=\"text-align: center\">OBITUARIOS REAL BETIS BALOMPI\u00c9:<\/p>\n<p style=\"text-align: left\">ALONSO G\u00f3mez, Francisco-Mediocentro 1948-1949.<\/p>\n<p style=\"text-align: left\">ARRAZOLA Zueco, ANTONIO.-Zaragoza, Lunes 05-Abril-1920.-Huelva, S\u00e1bado 11-Agosto-1990.-D. E. P.<\/p>\n<p style=\"text-align: left\">CALLER Lombera, JOAQU\u00cdN.-Marr\u00f3n (Cantabria), S\u00e1bado 27-Octubre-1917.-Ampuero (Cantabria), S\u00e1bado 31-Agosto-1991.-D. E. P.<\/p>\n<p style=\"text-align: left\">COLL Munar, GUILLERMO.-Inca (Baleares), Viernes 31-Enero-1919.-\u00cddem, Lunes 29-Marzo-1976.-D. E. P.<\/p>\n<p style=\"text-align: left\"><strong>DE ASPE MART\u00cdNEZ, FILOMENO.-38 A\u00f1os.-34\u00ba Presidente.-Sevilla, Domingo 10-Abril-1910.-Ciudad del Betis, Jueves 04-Abril-1985.-D. E. P.<\/strong><\/p>\n<p style=\"text-align: left\">ERASMO Fern\u00e1ndez Marcos.-Navalmoral de Pusa (Toledo), Jueves 02-Junio-1921.<\/p>\n<p style=\"text-align: left\">FAUSTO Vals Valencia.-Alcal\u00e1 de Guadaira (Sevilla), Domingo 02-Agosto-1925.<\/p>\n<p style=\"text-align: left\">LUCHANA, ALFREDO-Ariete 1948-1949.-\u00bf? 00-00-1926.<\/p>\n<p style=\"text-align: left\">M\u00c1XIMO Benito Velasco.-Arrigorriaga (Vizacaya), Lunes 12-Abril-1920.-\u00cddem, Viernes 12-Abril-1985.-D. E. P.<\/p>\n<p style=\"text-align: left\">PAQUIRRINI-Francisco Gil Gamero.-Sevilla, Lunes 24-Agosto-1914.<\/p>\n<p style=\"text-align: left\">PARRADO Bizcocho, RAFAEL.-Coria del R\u00edo (Sevilla), Viernes 31-Marzo-1930.-Dos Hermanas (Sevilla), 00-00-0000.-D. E. P.<\/p>\n<p style=\"text-align: left\"><strong>PERAL-Jos\u00e9 Su\u00e1rez Gonz\u00e1lez.-Entrenador.-Sevilla, Domingo 10-Abril-1911.-\u00cddem, Domingo 28-Mayo-1967.-D. E. P.<\/strong><\/p>\n<p style=\"text-align: left\">PINILLAS-Delantero-Extremo diestro 1948-1949.<\/p>\n<p style=\"text-align: center\"><a href=\"https:\/\/www.manquepierda.com\/historiarealbetis\/25573-1949-enero-09-3ad6ogrupo-real-betis-balompie-11-vs-larache-cf-1\/images-40\/\" rel=\"attachment wp-att-25580\"><img data-recalc-dims=\"1\" loading=\"lazy\" decoding=\"async\" class=\"alignleft size-full wp-image-25580\" src=\"https:\/\/i0.wp.com\/www.manquepierda.com\/historiarealbetis\/files\/2013\/01\/images1.jpeg?resize=198%2C255&#038;ssl=1\" alt=\"images\" width=\"198\" height=\"255\" \/><\/a>VS.<\/p>\n<p style=\"text-align: center\">LARACHE CLUB DE F\u00daTBOL-1 Tanto.<\/p>\n<p style=\"text-align: left\">F\u00e9lix (Portero).<\/p>\n<p style=\"text-align: left\">Leyva-Canales (Defensas).<\/p>\n<p style=\"text-align: left\">Mart\u00ednez-Vela-Abdelvaje (Medios).<\/p>\n<p style=\"text-align: left\">Ruiz-Ballesta-Bozambo (4-1, primer tiempo)-Rosendo-Casita.-Delanteros.<\/p>\n<p style=\"text-align: justify\">RESULTADOS DE LA QUINCEAVA JORNADA LIGA DE TERCERA DIVISI\u00d3N-GRUPO VI-TEMPORADA 1948-1949.-CLASIFICACI\u00d3N GENERAL POR EQUIPOS.<\/p>\n<p style=\"text-align: center\">Melilla-5 vs. Iliturgi-0.<\/p>\n<p style=\"text-align: center\">Recreativo-6 vs. ElectroMec\u00e1nica-0.<\/p>\n<p style=\"text-align: center\">Algeciras-6 vs. Espa\u00f1a-1.<\/p>\n<p style=\"text-align: center\">C\u00f3rdoba-0 vs. Ja\u00e9n-1.<\/p>\n<p style=\"text-align: center\">Tetu\u00e1n-1 vs. Ceuta-0.<\/p>\n<p style=\"text-align: center\">Betis Balompi\u00e9-11 vs. Larache-1.<\/p>\n<p style=\"text-align: center\">C\u00e1diz-3 vs. Linense-2.<\/p>\n<p style=\"text-align: left\">01\u00ba.-Club Atl\u00e9tico Tetu\u00e1n-21 Puntos.-10g-1e-4p.-33-16 Goles Favor-Contra.<\/p>\n<p style=\"text-align: left\">02\u00ba.-Real Club Recreativo Huelva-20 Puntos.-8g-4e-3p.-30-20 Tantos Favor-Contra.<\/p>\n<p style=\"text-align: left\">03\u00ba.-Real Balomp\u00e9dica Linense-19 Puntos.-9g-1e-5p.-38-23 Goles F-C.<\/p>\n<p style=\"text-align: left\">04\u00ba.-C\u00e1diz CF-19 Puntos.-8g-3e-4p.-31-25 Tantos F-C.<\/p>\n<p style=\"text-align: left\">05\u00ba.-Real Club Deportivo C\u00f3rdoba-16 Puntos.-7g-2e-6p.-34-21 Goles F-C.<\/p>\n<p style=\"text-align: left\">06\u00ba.-Sociedad Deportiva Ceuta-16 Puntos.-8g-0e-7p.-29-30 Tantos F-C.<\/p>\n<p style=\"text-align: left\">07\u00ba.-Algeciras CF-16 Puntos.-8g-0e-7p.-36-39 Goles F-C.<\/p>\n<p style=\"text-align: left\">08\u00ba.-Uni\u00f3n Deportiva Espa\u00f1a de T\u00e1nger-16 Puntos.-6g-4e-5p.-31-37 Tantos F-C.<\/p>\n<p style=\"text-align: left\">09\u00ba.-Real Ja\u00e9n CF-15 Puntos.-7g-1e-7p.-33-24 Goles F-C.<\/p>\n<p style=\"text-align: left\"><strong>10\u00ba.-REAL BETIS BALOMPI\u00c9-13 PUNTOS.-5-GANADOS,\u00a0 3-EMPATADOS,\u00a0 7-PERDIDOS.-38-GOLES A FAVOR\u00a0 Y\u00a0 27-TANTOS EN CONTRA.<\/strong><\/p>\n<p style=\"text-align: left\">11\u00ba.-Club Deportivo Iliturgi-13 Puntos.-6g-1e-8p.-36-48 Tantos F-C.<\/p>\n<p style=\"text-align: left\">12\u00ba.-Sociedad Deportiva ElectroMec\u00e1nica CF (C\u00f3rdoba)-11 Puntos.-5g-1e-9p.-22-39 Goles F-C.<\/p>\n<p style=\"text-align: left\">13\u00ba.-Uni\u00f3n Deportiva Melilla-10 Puntos.-2g-6e-7p.-24-30 Tantos F-C.<\/p>\n<p style=\"text-align: left\">14\u00ba.-Larache Club de F\u00fatbol-05 Puntos.-1g-3e-11p.-17-53 Goles Favor-Contra.<\/p>\n","protected":false},"excerpt":{"rendered":"<p>13\u00aa EDICI\u00d3N-CAMPEONATO NACIONAL LIGA TERCERA DIVISI\u00d3N-GRUPO VI-TEMPORADA 1948-1949. Desde domingo 12 de Septiembre de 1948 hasta domingo 17 de Abril de 1949; ambas fechas inclusive. 1949-Enero 09.-Domingo con much\u00edsimo fr\u00edo y viento \u00abglacial\u00bb en la \u00abCiudad del Betis\u00bb-Estadio Municipal de HELI\u00d3POLIS. 15\u00aa Jornada Liga Tercera Divisi\u00f3n-Grupo VI-Temporada 1948-1949. Arbitr\u00f3 el colegiado del Sur-C\u00f3rdoba, Exp\u00f3sito Cabrera&#8230;.<\/p>\n","protected":false},"author":48,"featured_media":25574,"comment_status":"open","ping_status":"open","sticky":false,"template":"","format":"standard","meta":{"_kad_post_transparent":"","_kad_post_title":"","_kad_post_layout":"","_kad_post_sidebar_id":"","_kad_post_content_style":"","_kad_post_vertical_padding":"","_kad_post_feature":"","_kad_post_feature_position":"","_kad_post_header":false,"_kad_post_footer":false,"_kad_post_classname":"","_jetpack_memberships_contains_paid_content":false,"footnotes":"","jetpack_publicize_message":"","jetpack_publicize_feature_enabled":true,"jetpack_social_post_already_shared":true,"jetpack_social_options":{"image_generator_settings":{"template":"highway","default_image_id":0,"font":"","enabled":false},"version":2}},"categories":[900,1],"tags":[995,8375,15519,17782],"class_list":["post-25573","post","type-post","status-publish","format-standard","has-post-thumbnail","hentry","category-1940-1949","category-portada","tag-995","tag-8375","tag-larache-cf","tag-liga-tercera-1948-49"],"jetpack_publicize_connections":[],"jetpack_featured_media_url":"https:\/\/i0.wp.com\/www.manquepierda.com\/historiarealbetis\/files\/2013\/01\/Exposici%C3%B3nIbrcn.jpg?fit=704%2C335&ssl=1","jetpack_sharing_enabled":true,"jetpack_shortlink":"https:\/\/wp.me\/p1ij08-6Et","jetpack-related-posts":[],"_links":{"self":[{"href":"https:\/\/www.manquepierda.com\/historiarealbetis\/wp-json\/wp\/v2\/posts\/25573","targetHints":{"allow":["GET"]}}],"collection":[{"href":"https:\/\/www.manquepierda.com\/historiarealbetis\/wp-json\/wp\/v2\/posts"}],"about":[{"href":"https:\/\/www.manquepierda.com\/historiarealbetis\/wp-json\/wp\/v2\/types\/post"}],"author":[{"embeddable":true,"href":"https:\/\/www.manquepierda.com\/historiarealbetis\/wp-json\/wp\/v2\/users\/48"}],"replies":[{"embeddable":true,"href":"https:\/\/www.manquepierda.com\/historiarealbetis\/wp-json\/wp\/v2\/comments?post=25573"}],"version-history":[{"count":1,"href":"https:\/\/www.manquepierda.com\/historiarealbetis\/wp-json\/wp\/v2\/posts\/25573\/revisions"}],"predecessor-version":[{"id":96047,"href":"https:\/\/www.manquepierda.com\/historiarealbetis\/wp-json\/wp\/v2\/posts\/25573\/revisions\/96047"}],"wp:featuredmedia":[{"embeddable":true,"href":"https:\/\/www.manquepierda.com\/historiarealbetis\/wp-json\/wp\/v2\/media\/25574"}],"wp:attachment":[{"href":"https:\/\/www.manquepierda.com\/historiarealbetis\/wp-json\/wp\/v2\/media?parent=25573"}],"wp:term":[{"taxonomy":"category","embeddable":true,"href":"https:\/\/www.manquepierda.com\/historiarealbetis\/wp-json\/wp\/v2\/categories?post=25573"},{"taxonomy":"post_tag","embeddable":true,"href":"https:\/\/www.manquepierda.com\/historiarealbetis\/wp-json\/wp\/v2\/tags?post=25573"}],"curies":[{"name":"wp","href":"https:\/\/api.w.org\/{rel}","templated":true}]}}