{"id":25860,"date":"2013-01-17T13:54:42","date_gmt":"2013-01-17T12:54:42","guid":{"rendered":"http:\/\/www.manquepierda.com\/historiarealbetis\/?p=25860"},"modified":"2024-08-23T17:36:21","modified_gmt":"2024-08-23T15:36:21","slug":"1960-enero-17-1adivision-valencia-cf-1-vs-real-betis-balompie-2","status":"publish","type":"post","link":"https:\/\/www.manquepierda.com\/historiarealbetis\/1960-enero-17-1adivision-valencia-cf-1-vs-real-betis-balompie-2\/","title":{"rendered":"1960-Enero 17-1\u00aaDivisi\u00f3n: Valencia cf-1 vs. Real Betis Balompi\u00e9-2."},"content":{"rendered":"<p><a href=\"https:\/\/www.manquepierda.com\/historiarealbetis\/25860-1960-enero-17-1adivision-valencia-cf-1-vs-real-betis-balompie-2\/19600117valencia1rbb2\/\" rel=\"attachment wp-att-25861\"><img data-recalc-dims=\"1\" loading=\"lazy\" decoding=\"async\" class=\"alignleft size-medium wp-image-25861\" alt=\"19600117Valencia1RBB2\" src=\"https:\/\/i0.wp.com\/www.manquepierda.com\/historiarealbetis\/files\/2013\/01\/19600117Valencia1RBB2.jpg?resize=300%2C176&#038;ssl=1\" width=\"300\" height=\"176\" srcset=\"https:\/\/i0.wp.com\/www.manquepierda.com\/historiarealbetis\/files\/2013\/01\/19600117Valencia1RBB2.jpg?resize=300%2C176&amp;ssl=1 300w, https:\/\/i0.wp.com\/www.manquepierda.com\/historiarealbetis\/files\/2013\/01\/19600117Valencia1RBB2.jpg?resize=1024%2C602&amp;ssl=1 1024w, https:\/\/i0.wp.com\/www.manquepierda.com\/historiarealbetis\/files\/2013\/01\/19600117Valencia1RBB2.jpg?w=1716&amp;ssl=1 1716w\" sizes=\"auto, (max-width: 300px) 100vw, 300px\" \/><\/a><\/p>\n<p>1960-Enero 17.-Domingo en Valencia-Estadio MESTALLA.-\u00abMucho fr\u00edo y buena entrada\u00bb.<\/p>\n<p style=\"text-align: center\">18\u00ba JORNADA LIGA PRIMERA DIVISI\u00d3N-TEMPORADA 1959-1960.<\/p>\n<p style=\"text-align: left\"><a href=\"https:\/\/www.manquepierda.com\/historiarealbetis\/25860-1960-enero-17-1adivision-valencia-cf-1-vs-real-betis-balompie-2\/attachment\/600230\/\" rel=\"attachment wp-att-25862\"><img data-recalc-dims=\"1\" loading=\"lazy\" decoding=\"async\" class=\"aligncenter size-full wp-image-25862\" alt=\"600230\" src=\"https:\/\/i0.wp.com\/www.manquepierda.com\/historiarealbetis\/files\/2013\/01\/600230.jpg?resize=174%2C293&#038;ssl=1\" width=\"174\" height=\"293\"><\/a>Arbitr\u00f3 el colegiado Castellano-Madrid,&nbsp; Benito Novella Marco, \u00abcon muchos errores , no aplicando la ley de la ventaja, y, sin influir en el resultado del encuentro, su actuaci\u00f3n no gust\u00f3 por falta de autoridad y firmenza en sus decisiones\u00bb.<\/p>\n<p style=\"text-align: center\">Aline\u00f3 \u00e1:<\/p>\n<p style=\"text-align: center\"><a href=\"https:\/\/www.manquepierda.com\/historiarealbetis\/25821-1960-enero-03-1adivision-real-betis-balompie-1-vs-realmadrid-cf-0\/1957-rbb-3\/\" rel=\"attachment wp-att-25824\"><img data-recalc-dims=\"1\" loading=\"lazy\" decoding=\"async\" class=\"alignleft size-full wp-image-25824\" alt=\"1957-RBB\" src=\"https:\/\/i0.wp.com\/www.manquepierda.com\/historiarealbetis\/files\/2013\/01\/1957-RBB.jpg?resize=154%2C154&#038;ssl=1\" width=\"154\" height=\"154\" srcset=\"https:\/\/i0.wp.com\/www.manquepierda.com\/historiarealbetis\/files\/2013\/01\/1957-RBB.jpg?w=154&amp;ssl=1 154w, https:\/\/i0.wp.com\/www.manquepierda.com\/historiarealbetis\/files\/2013\/01\/1957-RBB.jpg?resize=150%2C150&amp;ssl=1 150w, https:\/\/i0.wp.com\/www.manquepierda.com\/historiarealbetis\/files\/2013\/01\/1957-RBB.jpg?resize=50%2C50&amp;ssl=1 50w\" sizes=\"auto, (max-width: 154px) 100vw, 154px\" \/><\/a><\/p>\n<p style=\"text-align: left\">REAL BETIS BALOMPI\u00c9 (Camisolines Verdiblancos-Calzonas Negras)-6\u00ba Clasificado-2 GOLES.<\/p>\n<p style=\"text-align: right\"><a href=\"https:\/\/www.manquepierda.com\/historiarealbetis\/25860-1960-enero-17-1adivision-valencia-cf-1-vs-real-betis-balompie-2\/19600117jorgevilasoler\/\" rel=\"attachment wp-att-25863\"><img data-recalc-dims=\"1\" loading=\"lazy\" decoding=\"async\" class=\"alignright size-medium wp-image-25863\" alt=\"19600117JorgeVilaSoler\" src=\"https:\/\/i0.wp.com\/www.manquepierda.com\/historiarealbetis\/files\/2013\/01\/19600117JorgeVilaSoler.jpg?resize=300%2C141&#038;ssl=1\" width=\"300\" height=\"141\" srcset=\"https:\/\/i0.wp.com\/www.manquepierda.com\/historiarealbetis\/files\/2013\/01\/19600117JorgeVilaSoler.jpg?resize=300%2C141&amp;ssl=1 300w, https:\/\/i0.wp.com\/www.manquepierda.com\/historiarealbetis\/files\/2013\/01\/19600117JorgeVilaSoler.jpg?resize=1024%2C481&amp;ssl=1 1024w, https:\/\/i0.wp.com\/www.manquepierda.com\/historiarealbetis\/files\/2013\/01\/19600117JorgeVilaSoler.jpg?w=1101&amp;ssl=1 1101w\" sizes=\"auto, (max-width: 300px) 100vw, 300px\" \/><\/a><\/p>\n<p style=\"text-align: left\">\u00abVILA dando el \u00abpase de la muerte\u00bb para el Valencia cf\u00bb (foto Finezas-\u00abJornada\u00bb).<\/p>\n<p style=\"text-align: center\">MARCARON:<\/p>\n<p style=\"text-align: left\"><a href=\"https:\/\/www.manquepierda.com\/historiarealbetis\/25841-1960-enero-10-1adivision-ud-las-palmas-1-vs-real-betis-balompie-2\/alfredohugorojasdelinge\/\" rel=\"attachment wp-att-25852\"><img data-recalc-dims=\"1\" loading=\"lazy\" decoding=\"async\" class=\"aligncenter size-medium wp-image-25852\" alt=\"AlfredoHugoROJASDelinge\" src=\"https:\/\/i0.wp.com\/www.manquepierda.com\/historiarealbetis\/files\/2013\/01\/AlfredoHugoROJASDelinge.jpg?resize=174%2C300&#038;ssl=1\" width=\"174\" height=\"300\" srcset=\"https:\/\/i0.wp.com\/www.manquepierda.com\/historiarealbetis\/files\/2013\/01\/AlfredoHugoROJASDelinge.jpg?resize=174%2C300&amp;ssl=1 174w, https:\/\/i0.wp.com\/www.manquepierda.com\/historiarealbetis\/files\/2013\/01\/AlfredoHugoROJASDelinge.jpg?w=233&amp;ssl=1 233w\" sizes=\"auto, (max-width: 174px) 100vw, 174px\" \/><\/a>1-1, 60 Minutos: \u00abROJAS h\u00e1bilmente resolvi\u00f3 la situaci\u00f3n un poco embarullada, rematando a las redes defendida por Pesudo\u00bb.<\/p>\n<p style=\"text-align: left\"><a href=\"https:\/\/www.manquepierda.com\/historiarealbetis\/25860-1960-enero-17-1adivision-valencia-cf-1-vs-real-betis-balompie-2\/leon-lasa-5\/\" rel=\"attachment wp-att-25864\"><img data-recalc-dims=\"1\" loading=\"lazy\" decoding=\"async\" class=\"aligncenter size-full wp-image-25864\" alt=\"Le\u00f3n Lasa\" src=\"https:\/\/i0.wp.com\/www.manquepierda.com\/historiarealbetis\/files\/2013\/01\/Le%C3%B3n-Lasa1.jpg?resize=84%2C128&#038;ssl=1\" width=\"84\" height=\"128\"><\/a>1-2, 64 Minitos: \u00abY por si faltaba algo, LASA logr\u00f3 un gol extraordinario, aprovechando un pase adelantado de VILA, h\u00e1bilmente con una inteligencia extraordinaria, tir\u00f3 a puerta por arriba de Pesudo, cuando \u00e9ste hab\u00eda salido de su meta para cubrir mejor su porter\u00eda.&nbsp; Un gol estupendo de habilidad,&nbsp; de inteligencia y de clase, fue el que le di\u00f3 la victoria del Real Betis Balompi\u00e9\u00bb.<\/p>\n<p style=\"text-align: left\">Guardameta.-OTERO (30).<\/p>\n<p style=\"text-align: left\">Zagueros.-GRAU (24),&nbsp; EUSEBIO R\u00cdOS (24),&nbsp; SANTOS (28).<\/p>\n<p style=\"text-align: left\">Medios.-BOSCH (28), VALDERAS (24).<\/p>\n<p style=\"text-align: left\">Delanteros.-BERNI (28),&nbsp; LASA (26),&nbsp; ROJAS (22),&nbsp; VILA (30),&nbsp; ARETA II (26).<\/p>\n<p style=\"text-align: left\"><a href=\"https:\/\/www.manquepierda.com\/historiarealbetis\/25821-1960-enero-03-1adivision-real-betis-balompie-1-vs-realmadrid-cf-0\/sabino-barinaga-6\/\" rel=\"attachment wp-att-25826\"><img data-recalc-dims=\"1\" loading=\"lazy\" decoding=\"async\" class=\"alignleft size-full wp-image-25826\" alt=\"Sabino Barinaga\" src=\"https:\/\/i0.wp.com\/www.manquepierda.com\/historiarealbetis\/files\/2013\/01\/Sabino-Barinaga.jpg?resize=220%2C207&#038;ssl=1\" width=\"220\" height=\"207\"><\/a>Entrenador.-<strong>SABINO BARINAGA ALBERDI-Entrenador (37).<\/strong><\/p>\n<p style=\"text-align: right\"><a href=\"https:\/\/www.manquepierda.com\/historiarealbetis\/25860-1960-enero-17-1adivision-valencia-cf-1-vs-real-betis-balompie-2\/benito-villamarin-05\/\" rel=\"attachment wp-att-25866\"><img data-recalc-dims=\"1\" loading=\"lazy\" decoding=\"async\" class=\"alignright size-medium wp-image-25866\" alt=\"Benito Villamar\u00edn-05\" src=\"https:\/\/i0.wp.com\/www.manquepierda.com\/historiarealbetis\/files\/2013\/01\/Benito-Villamar%C3%ADn-05.jpg?resize=292%2C300&#038;ssl=1\" width=\"292\" height=\"300\" srcset=\"https:\/\/i0.wp.com\/www.manquepierda.com\/historiarealbetis\/files\/2013\/01\/Benito-Villamar%C3%ADn-05.jpg?resize=292%2C300&amp;ssl=1 292w, https:\/\/i0.wp.com\/www.manquepierda.com\/historiarealbetis\/files\/2013\/01\/Benito-Villamar%C3%ADn-05.jpg?resize=999%2C1024&amp;ssl=1 999w, https:\/\/i0.wp.com\/www.manquepierda.com\/historiarealbetis\/files\/2013\/01\/Benito-Villamar%C3%ADn-05.jpg?resize=50%2C50&amp;ssl=1 50w, https:\/\/i0.wp.com\/www.manquepierda.com\/historiarealbetis\/files\/2013\/01\/Benito-Villamar%C3%ADn-05.jpg?resize=1024%2C1048&amp;ssl=1 1024w, https:\/\/i0.wp.com\/www.manquepierda.com\/historiarealbetis\/files\/2013\/01\/Benito-Villamar%C3%ADn-05.jpg?w=1328&amp;ssl=1 1328w\" sizes=\"auto, (max-width: 292px) 100vw, 292px\" \/><\/a><\/p>\n<p style=\"text-align: center\"><strong>Don BENITO VILLAMAR\u00cdN PRIETO-41 a\u00f1os.-Industrial.-39\u00ba Presidente Real Betis Balompi\u00e9.<\/strong><\/p>\n<p style=\"text-align: center\">OBITUARIOS REAL BETIS BALOMPI\u00c9:<\/p>\n<p style=\"text-align: left\">ARETA II-ESTEBAN Areta V\u00e9lez.-Pamplona (Navarra), Jueves 14-Abril-1932.-Sevilla, Lunes 09-Julio-2007.-D. E. P.<\/p>\n<p style=\"text-align: left\"><strong>BARINAGA Alberdi, SABINO-Entrenador (11\u00aa-30\u00aa Jornadas 1959-1960).-Durango (Vizcaya), Martes 15-Agosto-1922.-Madrid, S\u00e1bado 19-Marzo-1988.-D. E. P.<\/strong><\/p>\n<p style=\"text-align: left\">BERNIT G\u00f3mez, \u00c1NGEL ANTONIO (a) \u00abBerni\u00bb.-Asunci\u00f3n (Paraguay), Lunes 09-Enero-1933.<\/p>\n<p style=\"text-align: left\">BOSCH Pujol, ANDR\u00c9S.-Barcelona, Domingo 22-Febrero-1931.-\u00cddem, Viernes 17-Diciembre-2004.-D. E. P.<\/p>\n<p style=\"text-align: left\">GRAU Pla, FRANCISCO.-La Garriga (Barcelona), Lunes 23-Diciembre-1935.<\/p>\n<p style=\"text-align: left\">LASA M\u00fajica, LE\u00d3N.-Beasa\u00edn (Guip\u00fazcoa), Viernes 17-Febrero-1933.-Sevilla, Mi\u00e9rcoles 18-Junio-2003.-D. E. P.<\/p>\n<p style=\"text-align: left\">OTERO Couceiro, JUAN IGNACIO.-A CORU\u00d1A-Avenida de H\u00e9rcules-S\u00e1bado, 01-Junio-1929.<\/p>\n<p style=\"text-align: left\">R\u00cdOS Fern\u00e1ndez, EUSEBIO.-Portugalete (Vizcaya), S\u00e1bado 30-Marzo-1935.-\u00cddem, S\u00e1bado 10-Mayo-2008.-D. E. P.<\/p>\n<p style=\"text-align: left\">ROJAS Delinge, Alfredo HUGO (a) \u00abEl Tanque\u00bb.-Lan\u00fas (Argentina), S\u00e1bado 20-Febrero-1937.<\/p>\n<p style=\"text-align: left\">SANTOS Serna, FERNANDO.-Albatera (Alicante), Jueves 20-Agosto-1931.<\/p>\n<p style=\"text-align: left\">VALDERAS Rum\u00ed, JOS\u00c9.-GERENA (Sevilla), Mi\u00e9rcoles 25-Septiembre-1935.<\/p>\n<p style=\"text-align: left\">VILA Soler, JORGE.-Santpedor (Barcelona), Domingo 19-Mayo-1929.-Mah\u00f3n (Menorca), Jueves 20-Enero-2011.-D. E. P.<\/p>\n<p style=\"text-align: left\"><strong>VILLAMAR\u00cdN Prieto, BENITO-39\u00ba PRESIDENTE.-PUGA (Toen-ORENSE), Mi\u00e9rcoles 21-Agosto-1918.-Sevilla, Lunes 15-Agosto-1966.-D. E. P.<a href=\"https:\/\/www.manquepierda.com\/historiarealbetis\/25860-1960-enero-17-1adivision-valencia-cf-1-vs-real-betis-balompie-2\/benitovillamarinprieto-industrial-4\/\" rel=\"attachment wp-att-25874\"><img data-recalc-dims=\"1\" loading=\"lazy\" decoding=\"async\" class=\"aligncenter size-medium wp-image-25874\" alt=\"BenitoVillamar\u00ednPrieto-Industrial\" src=\"https:\/\/i0.wp.com\/www.manquepierda.com\/historiarealbetis\/files\/2013\/01\/BenitoVillamar%C3%ADnPrieto-Industrial3.jpg?resize=300%2C183&#038;ssl=1\" width=\"300\" height=\"183\" srcset=\"https:\/\/i0.wp.com\/www.manquepierda.com\/historiarealbetis\/files\/2013\/01\/BenitoVillamar%C3%ADnPrieto-Industrial3.jpg?resize=300%2C183&amp;ssl=1 300w, https:\/\/i0.wp.com\/www.manquepierda.com\/historiarealbetis\/files\/2013\/01\/BenitoVillamar%C3%ADnPrieto-Industrial3.jpg?resize=1024%2C627&amp;ssl=1 1024w, https:\/\/i0.wp.com\/www.manquepierda.com\/historiarealbetis\/files\/2013\/01\/BenitoVillamar%C3%ADnPrieto-Industrial3.jpg?w=1035&amp;ssl=1 1035w\" sizes=\"auto, (max-width: 300px) 100vw, 300px\" \/><\/a><\/strong><\/p>\n<p style=\"text-align: center\">Vs.<\/p>\n<p style=\"text-align: center\"><a href=\"https:\/\/www.manquepierda.com\/historiarealbetis\/25860-1960-enero-17-1adivision-valencia-cf-1-vs-real-betis-balompie-2\/indice-24\/\" rel=\"attachment wp-att-25868\"><img data-recalc-dims=\"1\" loading=\"lazy\" decoding=\"async\" class=\"alignleft size-full wp-image-25868\" alt=\"\u00edndice\" src=\"https:\/\/i0.wp.com\/www.manquepierda.com\/historiarealbetis\/files\/2013\/01\/%C3%ADndice1.jpeg?resize=176%2C192&#038;ssl=1\" width=\"176\" height=\"192\"><\/a>10\u00ba Clasificado.-VALENCIA Club de F\u00fatbol (equipaci\u00f3n blanca)-1 Tanto.<\/p>\n<p style=\"text-align: left\">Jos\u00e9 Manuel PESUDO Soler (Portero).-Vicente PIQUER Mora-S\u00d3CRATES Belenguer P\u00e9rez-Manuel MESTRE Torres (Defensas).-ROBERO Gil Esteve (1-0, 59 minutos)-Francisco SENDR\u00c1 Corbera (Medios).-Daniel MA\u00d1\u00d3 Villagrasa-H\u00c9CTOR N\u00fa\u00f1ez Bello-Jos\u00e9 Ra\u00fal AVEIRO Lamas-WALTER Marciano De Queir\u00f3s-JOEL (Jos\u00e9 Antonio Martins D&#8217;Almeida).-Delanteros.<\/p>\n<p style=\"text-align: center\">Entrenador: Pedro Otto Bumbel.-Presidente, don Vicente Iborra Gil.<\/p>\n<p style=\"text-align: left\">RESULTADOS DE LA D\u00c9CIMO OCTAVA JORNADA LIGA PRIMERA DIVISI\u00d3N TEMPORADA 1959-1960.-CLASIFICACI\u00d3N GENERAL POR EQUIPOS.<\/p>\n<p style=\"text-align: center\">Elche-2 vs. Valladolid-1.<\/p>\n<p style=\"text-align: center\">Zaragoza-4 vs. Real Sociedad-1.<\/p>\n<p style=\"text-align: center\">Espa\u00f1ol-1 vs. Madrid-1.<\/p>\n<p style=\"text-align: center\">Osasuna-2 vs. Barcelona-3.<\/p>\n<p style=\"text-align: center\">Sevilla-3 vs. Las Palmas-2.<\/p>\n<p style=\"text-align: center\">Atl\u00e9tico-4 vs. Oviedo-0.<\/p>\n<p style=\"text-align: center\">Valencia-1 vs. Betis Balompi\u00e9-2.<\/p>\n<p style=\"text-align: center\">Athl\u00e9tic-3 vs. Granada-0.<\/p>\n<p style=\"text-align: left\">01\u00ba.-Real Madrid cf-26 Puntos +8 Positivos.-11g-4e-3p.-51-18 Goles Favor-Contra.<\/p>\n<p style=\"text-align: left\">02\u00ba.-Athl\u00e9tic Club Bilbao-25 Puntos +7 Positivos.-12g-1e-5p.-53-29 Tantos Favor-Contra.<\/p>\n<p style=\"text-align: left\">03\u00ba.-FC Barcelona-23 Puntos +7 Positivos.-11g-1e-6p.-47-19 Goles F-C.<\/p>\n<p style=\"text-align: left\">04\u00ba.-Sevilla cf-21 Puntos +3 Positivos.-9g-3e-6p.-37-25 Tantos F-C.<\/p>\n<p style=\"text-align: left\">05\u00ba.-Club Atl\u00e9tico Madrid-21 Puntos +3 Positivos.-9g-3e-6p.-35-23 Goles F-C.<\/p>\n<p style=\"text-align: left\"><strong>06\u00ba.-REAL BETIS BALOMPI\u00c9-21 PUNTOS +3 POSITIVOS.-9-GANADOS,&nbsp; 3-EMPATADOS,&nbsp; 6-PERDIDOS.-26-GOLES A FAVOR&nbsp; Y&nbsp; 32-TANTOS EN CONTRA.<\/strong><\/p>\n<p style=\"text-align: left\">07\u00ba.-RCD Espa\u00f1ol-20 Puntos.-7g-6e-5p.-21-25 Tantos F-C.<\/p>\n<p style=\"text-align: left\">08\u00ba.-Elche cf-19 Puntos -1 Negativo.-8g-3e-7p.-25-34 Goles F-C.<\/p>\n<p style=\"text-align: left\">09\u00ba.-Real Oviedo-17 Puntos -1 Negativo.-6g-5e-7p.-22-33 Tantos F-C.<\/p>\n<p style=\"text-align: left\">10\u00ba.-Valencia cf-16 Puntos -2 Negativos.-6g-4e-8p.-24-23 Goles F-C.<\/p>\n<p style=\"text-align: left\">11\u00ba.-Real Zaragoza CD-16 Puntos -2 Negativos.-6g-4e-8p.-37-32 Tantos F-C.<\/p>\n<p style=\"text-align: left\">12\u00ba.-Real Valladolid cf-16 Puntos -2 Negativos.-7g-2e-9p.-30-39 Goles F-C.<\/p>\n<p style=\"text-align: left\">13\u00ba.-Granada cf-15 Puntos -1 Negativo.-6g-3e-9p.-19-34 Tantos F-C.<\/p>\n<p style=\"text-align: left\">14\u00ba.-Real Sociedad de F\u00fatbol-14 Puntos -4 Negativos.-6g-2e-10p.-27-39 Goles F-C.<\/p>\n<p style=\"text-align: left\">15\u00ba.-Club Atl\u00e9tico Osasuna-10 Puntos -8 Negativos.-4g-2e-12p.-24-46 Tantos F-C.<\/p>\n<p style=\"text-align: left\">16\u00ba.-Uni\u00f3n Deportiva Las Palmas-08 Puntos -10 Negativos.-3g-2e-13p.-12-44 Goles Favor-Contra.<\/p>\n<p>Colecci\u00f3n Personal.<\/p>\n<p>Extracto-Recortes Prensa:<\/p>\n<p>\u00abHoja del Lunes\u00bb.-Sevilla, 18-01-1960: \u00abEl acertado planteamiento de Barinaga proporcion\u00f3 al Betis su victoria, en Valencia, por 2-1\u00bb.-\u00abEl marcaje de Areta a Walter fue la clave del triunfo sevillano\u00bb.-\u00abLos valencianos dominaron territorialmente, pero su delantera fue h\u00e1bilmente frenada\u00bb.<\/p>\n<p>\u00abJornada\u00bb.-Valencia, 18-01-1960: \u00abUn Valencia de pase corto y m\u00e1s \u00abcorto\u00bb en el remate tropez\u00f3 frente al Betis (1-2)\u00bb.<\/p>\n<p>\u00abLevante\u00bb.-Valencia 19-01-1960: \u00abEl Valencia-Betis mala caricatura de partido de f\u00fatbol (1-2)\u00bb.-Foto insertada: L. Vidal.<\/p>\n","protected":false},"excerpt":{"rendered":"<p>1960-Enero 17.-Domingo en Valencia-Estadio MESTALLA.-\u00abMucho fr\u00edo y buena entrada\u00bb. 18\u00ba JORNADA LIGA PRIMERA DIVISI\u00d3N-TEMPORADA 1959-1960. Arbitr\u00f3 el colegiado Castellano-Madrid,&nbsp; Benito Novella Marco, \u00abcon muchos errores , no aplicando la ley de la ventaja, y, sin influir en el resultado del encuentro, su actuaci\u00f3n no gust\u00f3 por falta de autoridad y firmenza en sus decisiones\u00bb. Aline\u00f3&#8230;<\/p>\n","protected":false},"author":48,"featured_media":25861,"comment_status":"open","ping_status":"open","sticky":false,"template":"","format":"standard","meta":{"_kad_post_transparent":"","_kad_post_title":"","_kad_post_layout":"","_kad_post_sidebar_id":"","_kad_post_content_style":"","_kad_post_vertical_padding":"","_kad_post_feature":"","_kad_post_feature_position":"","_kad_post_header":false,"_kad_post_footer":false,"_kad_post_classname":"","_jetpack_memberships_contains_paid_content":false,"footnotes":"","jetpack_publicize_message":"","jetpack_publicize_feature_enabled":true,"jetpack_social_post_already_shared":true,"jetpack_social_options":{"image_generator_settings":{"template":"highway","default_image_id":0,"font":"","enabled":false},"version":2}},"categories":[902,1],"tags":[2377,1246,17852,2285],"class_list":["post-25860","post","type-post","status-publish","format-standard","has-post-thumbnail","hentry","category-1960-1969","category-portada","tag-1959-60","tag-1246","tag-liga-primera-1959-60","tag-valencia-cf"],"jetpack_publicize_connections":[],"jetpack_featured_media_url":"https:\/\/i0.wp.com\/www.manquepierda.com\/historiarealbetis\/files\/2013\/01\/19600117Valencia1RBB2.jpg?fit=1716%2C1010&ssl=1","jetpack_sharing_enabled":true,"jetpack_shortlink":"https:\/\/wp.me\/p1ij08-6J6","jetpack-related-posts":[],"_links":{"self":[{"href":"https:\/\/www.manquepierda.com\/historiarealbetis\/wp-json\/wp\/v2\/posts\/25860","targetHints":{"allow":["GET"]}}],"collection":[{"href":"https:\/\/www.manquepierda.com\/historiarealbetis\/wp-json\/wp\/v2\/posts"}],"about":[{"href":"https:\/\/www.manquepierda.com\/historiarealbetis\/wp-json\/wp\/v2\/types\/post"}],"author":[{"embeddable":true,"href":"https:\/\/www.manquepierda.com\/historiarealbetis\/wp-json\/wp\/v2\/users\/48"}],"replies":[{"embeddable":true,"href":"https:\/\/www.manquepierda.com\/historiarealbetis\/wp-json\/wp\/v2\/comments?post=25860"}],"version-history":[{"count":1,"href":"https:\/\/www.manquepierda.com\/historiarealbetis\/wp-json\/wp\/v2\/posts\/25860\/revisions"}],"predecessor-version":[{"id":90174,"href":"https:\/\/www.manquepierda.com\/historiarealbetis\/wp-json\/wp\/v2\/posts\/25860\/revisions\/90174"}],"wp:featuredmedia":[{"embeddable":true,"href":"https:\/\/www.manquepierda.com\/historiarealbetis\/wp-json\/wp\/v2\/media\/25861"}],"wp:attachment":[{"href":"https:\/\/www.manquepierda.com\/historiarealbetis\/wp-json\/wp\/v2\/media?parent=25860"}],"wp:term":[{"taxonomy":"category","embeddable":true,"href":"https:\/\/www.manquepierda.com\/historiarealbetis\/wp-json\/wp\/v2\/categories?post=25860"},{"taxonomy":"post_tag","embeddable":true,"href":"https:\/\/www.manquepierda.com\/historiarealbetis\/wp-json\/wp\/v2\/tags?post=25860"}],"curies":[{"name":"wp","href":"https:\/\/api.w.org\/{rel}","templated":true}]}}