{"id":25941,"date":"2013-01-25T07:14:05","date_gmt":"2013-01-25T06:14:05","guid":{"rendered":"http:\/\/www.manquepierda.com\/historiarealbetis\/?p=25941"},"modified":"2024-10-11T07:29:56","modified_gmt":"2024-10-11T05:29:56","slug":"alineacion-rayo-vallecano-betis-liga-1999","status":"publish","type":"post","link":"https:\/\/www.manquepierda.com\/historiarealbetis\/alineacion-rayo-vallecano-betis-liga-1999\/","title":{"rendered":"Alineaci\u00f3n Rayo Vallecano-Betis Liga 1999"},"content":{"rendered":"<p style=\"text-align: center\"><a href=\"https:\/\/www.manquepierda.com\/historiarealbetis\/?attachment_id=25942\" rel=\"attachment wp-att-25942\"><img data-recalc-dims=\"1\" loading=\"lazy\" decoding=\"async\" class=\"aligncenter  wp-image-25942\" alt=\"Alineaci\u00f3n Rayo Vallecano-Betis Liga 1999\" src=\"https:\/\/i0.wp.com\/www.manquepierda.com\/historiarealbetis\/files\/2013\/01\/Alineaci%C3%B3n-Rayo-Vallecano-Betis-Liga-1999.jpg?resize=717%2C454&#038;ssl=1\" width=\"717\" height=\"454\" srcset=\"https:\/\/i0.wp.com\/www.manquepierda.com\/historiarealbetis\/files\/2013\/01\/Alineaci%C3%B3n-Rayo-Vallecano-Betis-Liga-1999.jpg?resize=1024%2C648&amp;ssl=1 1024w, https:\/\/i0.wp.com\/www.manquepierda.com\/historiarealbetis\/files\/2013\/01\/Alineaci%C3%B3n-Rayo-Vallecano-Betis-Liga-1999.jpg?resize=300%2C189&amp;ssl=1 300w, https:\/\/i0.wp.com\/www.manquepierda.com\/historiarealbetis\/files\/2013\/01\/Alineaci%C3%B3n-Rayo-Vallecano-Betis-Liga-1999.jpg?w=1090&amp;ssl=1 1090w\" sizes=\"auto, (max-width: 717px) 100vw, 717px\" \/><\/a><\/p>\n<p style=\"text-align: center\">24 de octubre de 1999 en el Teresa Rivero\u00a0 Rayo Vallecano 1\u00a0\u00a0 Betis 3;\u00a0 jornada 9 del campeonato de Liga de Primera Divisi\u00f3n.<\/p>\n<p style=\"text-align: center\">En la imagen arriba: Crosa, Filipescu, Karhan, Rivas, Finidi y Prats; abajo: Denilson, Merino, Alexis, Alfonso y Romero.<\/p>\n<p style=\"text-align: center\">El Rayo Vallecano era l\u00edder cuando el Betis, 12 en la clasificaci\u00f3n, visit\u00f3 al equipo rayista. Adelant\u00f3 Luis Cembranos al equipo local en el minuto 59, pero en una brillante reacci\u00f3n remont\u00f3 el Betis con goles de Alfonso en el 64 y 73 y Denilson en el 69.<\/p>\n<p style=\"text-align: center\">Juande Ramos entrenaba al Rayo Vallecano y Carlos Griguol al Betis.<\/p>\n","protected":false},"excerpt":{"rendered":"<p>24 de octubre de 1999 en el Teresa Rivero\u00a0 Rayo Vallecano 1\u00a0\u00a0 Betis 3;\u00a0 jornada 9 del campeonato de Liga de Primera Divisi\u00f3n. En la imagen arriba: Crosa, Filipescu, Karhan, Rivas, Finidi y Prats; abajo: Denilson, Merino, Alexis, Alfonso y Romero. El Rayo Vallecano era l\u00edder cuando el Betis, 12 en la clasificaci\u00f3n, visit\u00f3 al&#8230;<\/p>\n","protected":false},"author":5,"featured_media":25942,"comment_status":"open","ping_status":"open","sticky":false,"template":"","format":"standard","meta":{"_kad_post_transparent":"","_kad_post_title":"","_kad_post_layout":"","_kad_post_sidebar_id":"","_kad_post_content_style":"","_kad_post_vertical_padding":"","_kad_post_feature":"","_kad_post_feature_position":"","_kad_post_header":false,"_kad_post_footer":false,"_kad_post_classname":"","_jetpack_memberships_contains_paid_content":false,"footnotes":"","jetpack_publicize_message":"","jetpack_publicize_feature_enabled":true,"jetpack_social_post_already_shared":true,"jetpack_social_options":{"image_generator_settings":{"template":"highway","default_image_id":0,"font":"","enabled":false},"version":2}},"categories":[905,1],"tags":[4449,6731,1328,1441,281,2418,7279,381,4957,1420,17858,7280,709,15696,16815],"class_list":["post-25941","post","type-post","status-publish","format-standard","has-post-thumbnail","hentry","category-1990-1999","category-portada","tag-4449","tag-1999-00","tag-alexis-trujillo","tag-alfonso-perez","tag-david-rivas","tag-denilson-de-oliveira","tag-diego-crosa","tag-finidi-george","tag-iulian-filipescu","tag-juan-merino","tag-liga-primera-1999-00","tag-miroslav-karhan","tag-rayo-vallecano","tag-sebastian-ariel-romero","tag-toni-prats"],"jetpack_publicize_connections":[],"jetpack_featured_media_url":"https:\/\/i0.wp.com\/www.manquepierda.com\/historiarealbetis\/files\/2013\/01\/Alineaci%C3%B3n-Rayo-Vallecano-Betis-Liga-1999.jpg?fit=1090%2C690&ssl=1","jetpack_sharing_enabled":true,"jetpack_shortlink":"https:\/\/wp.me\/p1ij08-6Kp","jetpack-related-posts":[],"_links":{"self":[{"href":"https:\/\/www.manquepierda.com\/historiarealbetis\/wp-json\/wp\/v2\/posts\/25941","targetHints":{"allow":["GET"]}}],"collection":[{"href":"https:\/\/www.manquepierda.com\/historiarealbetis\/wp-json\/wp\/v2\/posts"}],"about":[{"href":"https:\/\/www.manquepierda.com\/historiarealbetis\/wp-json\/wp\/v2\/types\/post"}],"author":[{"embeddable":true,"href":"https:\/\/www.manquepierda.com\/historiarealbetis\/wp-json\/wp\/v2\/users\/5"}],"replies":[{"embeddable":true,"href":"https:\/\/www.manquepierda.com\/historiarealbetis\/wp-json\/wp\/v2\/comments?post=25941"}],"version-history":[{"count":1,"href":"https:\/\/www.manquepierda.com\/historiarealbetis\/wp-json\/wp\/v2\/posts\/25941\/revisions"}],"predecessor-version":[{"id":96225,"href":"https:\/\/www.manquepierda.com\/historiarealbetis\/wp-json\/wp\/v2\/posts\/25941\/revisions\/96225"}],"wp:featuredmedia":[{"embeddable":true,"href":"https:\/\/www.manquepierda.com\/historiarealbetis\/wp-json\/wp\/v2\/media\/25942"}],"wp:attachment":[{"href":"https:\/\/www.manquepierda.com\/historiarealbetis\/wp-json\/wp\/v2\/media?parent=25941"}],"wp:term":[{"taxonomy":"category","embeddable":true,"href":"https:\/\/www.manquepierda.com\/historiarealbetis\/wp-json\/wp\/v2\/categories?post=25941"},{"taxonomy":"post_tag","embeddable":true,"href":"https:\/\/www.manquepierda.com\/historiarealbetis\/wp-json\/wp\/v2\/tags?post=25941"}],"curies":[{"name":"wp","href":"https:\/\/api.w.org\/{rel}","templated":true}]}}