{"id":26017,"date":"2013-01-20T18:32:57","date_gmt":"2013-01-20T17:32:57","guid":{"rendered":"http:\/\/www.manquepierda.com\/historiarealbetis\/?p=26017"},"modified":"2024-08-19T10:02:21","modified_gmt":"2024-08-19T08:02:21","slug":"1964-enero-19-primera-division-real-betis-balompie-3-vs-levante-ud-0","status":"publish","type":"post","link":"https:\/\/www.manquepierda.com\/historiarealbetis\/1964-enero-19-primera-division-real-betis-balompie-3-vs-levante-ud-0\/","title":{"rendered":"1964-Enero 19-Primera Divisi\u00f3n: Real Betis Balompi\u00e9-3 vs. Levante UD-0."},"content":{"rendered":"<p style=\"text-align: left\"><a href=\"https:\/\/www.manquepierda.com\/historiarealbetis\/26017-1964-enero-19-primera-division-real-betis-balompie-3-vs-levante-ud-0\/19640119rbb3levanteud0\/\" rel=\"attachment wp-att-26018\"><img data-recalc-dims=\"1\" loading=\"lazy\" decoding=\"async\" class=\"alignleft size-medium wp-image-26018\" alt=\"19640119RBB3Levanteud0\" src=\"https:\/\/i0.wp.com\/www.manquepierda.com\/historiarealbetis\/files\/2013\/01\/19640119RBB3Levanteud0.jpg?resize=300%2C170&#038;ssl=1\" width=\"300\" height=\"170\" srcset=\"https:\/\/i0.wp.com\/www.manquepierda.com\/historiarealbetis\/files\/2013\/01\/19640119RBB3Levanteud0.jpg?resize=300%2C170&amp;ssl=1 300w, https:\/\/i0.wp.com\/www.manquepierda.com\/historiarealbetis\/files\/2013\/01\/19640119RBB3Levanteud0.jpg?resize=1024%2C583&amp;ssl=1 1024w\" sizes=\"auto, (max-width: 300px) 100vw, 300px\" \/><\/a>\u00abUna buena intervenci\u00f3n de PEP\u00cdN \u00ab<a href=\"https:\/\/www.manquepierda.com\/historiarealbetis\/26017-1964-enero-19-primera-division-real-betis-balompie-3-vs-levante-ud-0\/ansola19640119\/\" rel=\"attachment wp-att-26019\"><img data-recalc-dims=\"1\" loading=\"lazy\" decoding=\"async\" class=\"alignright size-medium wp-image-26019\" alt=\"ansola19640119\" src=\"https:\/\/i0.wp.com\/www.manquepierda.com\/historiarealbetis\/files\/2013\/01\/ansola19640119.jpg?resize=300%2C144&#038;ssl=1\" width=\"300\" height=\"144\" srcset=\"https:\/\/i0.wp.com\/www.manquepierda.com\/historiarealbetis\/files\/2013\/01\/ansola19640119.jpg?resize=300%2C144&amp;ssl=1 300w, https:\/\/i0.wp.com\/www.manquepierda.com\/historiarealbetis\/files\/2013\/01\/ansola19640119.jpg?resize=1024%2C494&amp;ssl=1 1024w\" sizes=\"auto, (max-width: 300px) 100vw, 300px\" \/><\/a>.-\u00abEspectacular remate de ANSOLA, pero el bal\u00f3n sali\u00f3 fuera\u00bb.<\/p>\n<p style=\"text-align: left\">Fotos Seraf\u00edn \u00abHoja del Lunes\u00bb Sevilla, 20-Enero-1964.<\/p>\n<p style=\"text-align: center\"><a href=\"https:\/\/www.manquepierda.com\/historiarealbetis\/26017-1964-enero-19-primera-division-real-betis-balompie-3-vs-levante-ud-0\/suarezestuvocomonunca\/\" rel=\"attachment wp-att-26020\"><img data-recalc-dims=\"1\" loading=\"lazy\" decoding=\"async\" class=\"size-medium wp-image-26020 alignright\" alt=\"SU\u00c1REZestuvoc\u00f3monunca\" src=\"https:\/\/i0.wp.com\/www.manquepierda.com\/historiarealbetis\/files\/2013\/01\/SU%C3%81REZestuvoc%C3%B3monunca-241x300.jpg?resize=241%2C300&#038;ssl=1\" width=\"241\" height=\"300\" srcset=\"https:\/\/i0.wp.com\/www.manquepierda.com\/historiarealbetis\/files\/2013\/01\/SU%C3%81REZestuvoc%C3%B3monunca.jpg?resize=241%2C300&amp;ssl=1 241w, https:\/\/i0.wp.com\/www.manquepierda.com\/historiarealbetis\/files\/2013\/01\/SU%C3%81REZestuvoc%C3%B3monunca.jpg?resize=824%2C1024&amp;ssl=1 824w, https:\/\/i0.wp.com\/www.manquepierda.com\/historiarealbetis\/files\/2013\/01\/SU%C3%81REZestuvoc%C3%B3monunca.jpg?resize=1024%2C1271&amp;ssl=1 1024w, https:\/\/i0.wp.com\/www.manquepierda.com\/historiarealbetis\/files\/2013\/01\/SU%C3%81REZestuvoc%C3%B3monunca.jpg?w=1416&amp;ssl=1 1416w\" sizes=\"auto, (max-width: 241px) 100vw, 241px\" \/><\/a>1964-Enero 19.-Domingo.-ESTADIO BENITO VILLAMAR\u00cdN:<\/p>\n<p style=\"text-align: center\"><a href=\"https:\/\/www.manquepierda.com\/historiarealbetis\/26017-1964-enero-19-primera-division-real-betis-balompie-3-vs-levante-ud-0\/1958-estadio-1\/\" rel=\"attachment wp-att-26021\"><img data-recalc-dims=\"1\" loading=\"lazy\" decoding=\"async\" class=\"aligncenter size-medium wp-image-26021\" alt=\"1958-Estadio-1\" src=\"https:\/\/i0.wp.com\/www.manquepierda.com\/historiarealbetis\/files\/2013\/01\/1958-Estadio-1.jpg?resize=300%2C195&#038;ssl=1\" width=\"300\" height=\"195\" srcset=\"https:\/\/i0.wp.com\/www.manquepierda.com\/historiarealbetis\/files\/2013\/01\/1958-Estadio-1.jpg?resize=300%2C195&amp;ssl=1 300w, https:\/\/i0.wp.com\/www.manquepierda.com\/historiarealbetis\/files\/2013\/01\/1958-Estadio-1.jpg?resize=1024%2C665&amp;ssl=1 1024w, https:\/\/i0.wp.com\/www.manquepierda.com\/historiarealbetis\/files\/2013\/01\/1958-Estadio-1.jpg?w=1600&amp;ssl=1 1600w\" sizes=\"auto, (max-width: 300px) 100vw, 300px\" \/><\/a>17\u00aa JORNADA LIGA PRIMERA DIVISI\u00d3N-TEMPORADA 1963-1964.<\/p>\n<p style=\"text-align: left\">Arbitr\u00f3 el se\u00f1or Pintado, su labor fue deficiente al equivocarle\u00a0 en los fueras de juego sus liniers,\u00a0 esto provoc\u00f3 las protestas de los aficionados b\u00e9ticos al considerar que perjudicaba al Betis Balompi\u00e9.<\/p>\n<p style=\"text-align: center\">Aline\u00f3 a las escuadras de la forma siguiente:<\/p>\n<p style=\"text-align: center\">\u00abLe\u00f3n Lasa, capit\u00e1n b\u00e9tico entreg\u00f3 un bander\u00edn de recuerdo a Jos\u00e9 Mar\u00eda Vidal, capit\u00e1n del Levante Uni\u00f3n Deportiva\u00bb.<\/p>\n<p style=\"text-align: left\"><a href=\"https:\/\/www.manquepierda.com\/historiarealbetis\/25940-1962-enero-14-primera-division-real-betis-balompie-5-vs-elche-cf-1\/1957-rbb-4\/\" rel=\"attachment wp-att-25945\"><img data-recalc-dims=\"1\" loading=\"lazy\" decoding=\"async\" class=\"alignleft size-full wp-image-25945\" alt=\"1957-RBB\" src=\"https:\/\/i0.wp.com\/www.manquepierda.com\/historiarealbetis\/files\/2013\/01\/1957-RBB1.jpg?resize=154%2C154&#038;ssl=1\" width=\"154\" height=\"154\" srcset=\"https:\/\/i0.wp.com\/www.manquepierda.com\/historiarealbetis\/files\/2013\/01\/1957-RBB1.jpg?w=154&amp;ssl=1 154w, https:\/\/i0.wp.com\/www.manquepierda.com\/historiarealbetis\/files\/2013\/01\/1957-RBB1.jpg?resize=150%2C150&amp;ssl=1 150w, https:\/\/i0.wp.com\/www.manquepierda.com\/historiarealbetis\/files\/2013\/01\/1957-RBB1.jpg?resize=50%2C50&amp;ssl=1 50w\" sizes=\"auto, (max-width: 154px) 100vw, 154px\" \/><\/a><\/p>\n<p style=\"text-align: left\">REAL BETIS BALOMPI\u00c9 (Cuarto Clasificado)-3 GOLES.<\/p>\n<p style=\"text-align: center\">MARCARON:<\/p>\n<p style=\"text-align: center\"><a href=\"https:\/\/www.manquepierda.com\/historiarealbetis\/25940-1962-enero-14-primera-division-real-betis-balompie-5-vs-elche-cf-1\/luisaragonessuarez\/\" rel=\"attachment wp-att-25969\"><img data-recalc-dims=\"1\" loading=\"lazy\" decoding=\"async\" class=\"aligncenter size-full wp-image-25969\" alt=\"LUISaragon\u00e9sSua\u0155ez\" src=\"https:\/\/i0.wp.com\/www.manquepierda.com\/historiarealbetis\/files\/2013\/01\/LUISaragon%C3%A9sSua%C5%95ez.jpeg?resize=188%2C267&#038;ssl=1\" width=\"188\" height=\"267\" \/><\/a>1-0, 25 Minutos-LU\u00cdS: Falta sacada por Lasa, Rodri rechaza en corto y el interior diestro verdiblanco marc\u00f3.<\/p>\n<p style=\"text-align: center\"><a href=\"https:\/\/www.manquepierda.com\/historiarealbetis\/26017-1964-enero-19-primera-division-real-betis-balompie-3-vs-levante-ud-0\/ansola-sanmartin-fernando-2\/\" rel=\"attachment wp-att-26022\"><img data-recalc-dims=\"1\" loading=\"lazy\" decoding=\"async\" class=\"aligncenter size-medium wp-image-26022\" alt=\"Ansola Sanmart\u00edn, Fernando\" src=\"https:\/\/i0.wp.com\/www.manquepierda.com\/historiarealbetis\/files\/2013\/01\/Ansola-Sanmart%C3%ADn-Fernando.jpg?resize=169%2C300&#038;ssl=1\" width=\"169\" height=\"300\" srcset=\"https:\/\/i0.wp.com\/www.manquepierda.com\/historiarealbetis\/files\/2013\/01\/Ansola-Sanmart%C3%ADn-Fernando.jpg?resize=169%2C300&amp;ssl=1 169w, https:\/\/i0.wp.com\/www.manquepierda.com\/historiarealbetis\/files\/2013\/01\/Ansola-Sanmart%C3%ADn-Fernando.jpg?w=342&amp;ssl=1 342w\" sizes=\"auto, (max-width: 169px) 100vw, 169px\" \/><\/a>2-0, 53 Minutos-ANSOLA: Vidal retrasa hacia atr\u00e1s el esf\u00e9rico, el ariete b\u00e9tico gana la acci\u00f3n, se apodera del bal\u00f3n batiendo al meta Rodri.<\/p>\n<p style=\"text-align: left\">3-0, 75 Minutos-ANSOLA: Avance Lasa-Cruz, y nuevamente el delantero centro verdiblanco ante la salida del portero Rodri, env\u00eda el cuero a las redes levantinas.<\/p>\n<p style=\"text-align: left\">Guardameta.-PEP\u00cdN-2-(32).<\/p>\n<p style=\"text-align: left\">Zagueros.-COLO-2-(25),\u00a0 EUSEBIO R\u00cdOS-2-(28),\u00a0 PAQUITO-3-(22).<\/p>\n<p style=\"text-align: left\">Medios.-MART\u00cdNEZ-3-(25),\u00a0 BOSCH-1-(32).<\/p>\n<p style=\"text-align: left\">Delanteros.-CRUZ-2-(19),\u00a0 LU\u00cdS-1-(25),\u00a0 ANSOLA-2-(24 a\u00f1os: lunes 27-01-1964),\u00a0 LASA-2-(30),\u00a0 MOLINA-0-(23).<\/p>\n<p style=\"text-align: left\"><a href=\"https:\/\/www.manquepierda.com\/historiarealbetis\/26017-1964-enero-19-primera-division-real-betis-balompie-3-vs-levante-ud-0\/1963-1964domingobalmanyaperera\/\" rel=\"attachment wp-att-26026\"><img data-recalc-dims=\"1\" loading=\"lazy\" decoding=\"async\" class=\"alignleft size-medium wp-image-26026\" alt=\"1963-1964DomingoBalmanyaPerera\" src=\"https:\/\/i0.wp.com\/www.manquepierda.com\/historiarealbetis\/files\/2013\/01\/1963-1964DomingoBalmanyaPerera.jpg?resize=174%2C300&#038;ssl=1\" width=\"174\" height=\"300\" srcset=\"https:\/\/i0.wp.com\/www.manquepierda.com\/historiarealbetis\/files\/2013\/01\/1963-1964DomingoBalmanyaPerera.jpg?resize=174%2C300&amp;ssl=1 174w, https:\/\/i0.wp.com\/www.manquepierda.com\/historiarealbetis\/files\/2013\/01\/1963-1964DomingoBalmanyaPerera.jpg?w=385&amp;ssl=1 385w\" sizes=\"auto, (max-width: 174px) 100vw, 174px\" \/><\/a>Entrenador.-<strong>DOMINGO BALMANYA PERERA: \u00abHoy he visto al Betis c\u00f3mo no lo hab\u00eda visto antes\u00bb.-\u00abDice que le conceder\u00e1 nuevos cr\u00e9ditos a Su\u00e1rez y a Cruz\u00bb.<\/strong><\/p>\n<p style=\"text-align: right\"><a href=\"https:\/\/www.manquepierda.com\/historiarealbetis\/26017-1964-enero-19-primera-division-real-betis-balompie-3-vs-levante-ud-0\/benito-villamarin-prieto-3\/\" rel=\"attachment wp-att-26027\"><img data-recalc-dims=\"1\" loading=\"lazy\" decoding=\"async\" class=\"alignright size-medium wp-image-26027\" alt=\"Benito-Villamar\u00edn-Prieto\" src=\"https:\/\/i0.wp.com\/www.manquepierda.com\/historiarealbetis\/files\/2013\/01\/Benito-Villamar%C3%ADn-Prieto.jpg?resize=155%2C300&#038;ssl=1\" width=\"155\" height=\"300\" srcset=\"https:\/\/i0.wp.com\/www.manquepierda.com\/historiarealbetis\/files\/2013\/01\/Benito-Villamar%C3%ADn-Prieto.jpg?resize=155%2C300&amp;ssl=1 155w, https:\/\/i0.wp.com\/www.manquepierda.com\/historiarealbetis\/files\/2013\/01\/Benito-Villamar%C3%ADn-Prieto.jpg?w=325&amp;ssl=1 325w\" sizes=\"auto, (max-width: 155px) 100vw, 155px\" \/><\/a><\/p>\n<p style=\"text-align: left\"><strong>Don BENITO VILLAMAR\u00cdN PRIETO.-39\u00baPresidente Real Betis Balompi\u00e9 -Temporadas 1955-1956 \u00e1 1965-1966.-45 a\u00f1os.<\/strong><\/p>\n<p style=\"text-align: center\"><a href=\"https:\/\/www.manquepierda.com\/historiarealbetis\/25976-1963-enero-20-primera-division-real-betis-balompie-1-vs-fc-barcelona-1\/benitovillamarinprieto-industrial-6\/\" rel=\"attachment wp-att-25987\"><img data-recalc-dims=\"1\" loading=\"lazy\" decoding=\"async\" class=\"aligncenter size-medium wp-image-25987\" alt=\"BenitoVillamar\u00ednPrieto-Industrial\" src=\"https:\/\/i0.wp.com\/www.manquepierda.com\/historiarealbetis\/files\/2013\/01\/BenitoVillamar%C3%ADnPrieto-Industrial5.jpg?resize=300%2C183&#038;ssl=1\" width=\"300\" height=\"183\" srcset=\"https:\/\/i0.wp.com\/www.manquepierda.com\/historiarealbetis\/files\/2013\/01\/BenitoVillamar%C3%ADnPrieto-Industrial5.jpg?resize=300%2C183&amp;ssl=1 300w, https:\/\/i0.wp.com\/www.manquepierda.com\/historiarealbetis\/files\/2013\/01\/BenitoVillamar%C3%ADnPrieto-Industrial5.jpg?resize=1024%2C627&amp;ssl=1 1024w, https:\/\/i0.wp.com\/www.manquepierda.com\/historiarealbetis\/files\/2013\/01\/BenitoVillamar%C3%ADnPrieto-Industrial5.jpg?w=1035&amp;ssl=1 1035w\" sizes=\"auto, (max-width: 300px) 100vw, 300px\" \/><\/a><\/p>\n<p style=\"text-align: center\">OBITUARIOS REAL BETIS BALOMPI\u00c9:<\/p>\n<p style=\"text-align: left\">ANSOLA Sanmart\u00edn, FERNANDO.-Elgoibar (Guip\u00fazcoa), S\u00e1bado 27-Enero-1940.-\u00cddem, Lunes 30-Junio-1986.-D. E. P.<\/p>\n<p style=\"text-align: left\"><strong>BALMANYA Perera, DOMINGO-Entrenador.-Gerona, Martes 29-Diciembre-1914.-Barcelona, Jueves 14-Febrero-2002.-D. E. P.<\/strong><\/p>\n<p style=\"text-align: left\">BOSCH Pujol, ANDR\u00c9S.-Barcelona, Domingo 22-Febrero-1931.-\u00cddem, Viernes 17-Diciembre-2004.-D. E. P.<\/p>\n<p style=\"text-align: left\">COLO-Julio Santaella Ben\u00edtez.-Santa Cruz (Tenerife), Jueves 22-Diciembre-1938.<\/p>\n<p style=\"text-align: left\">CRUZ P\u00e9rez, ANTONIO.-El Almendro (Huelva), Jueves 07-Septiembre-1944.-Muriedas (Cantabria), S\u00e1bado 22-Octubre-2011.-D. E. P.<\/p>\n<p style=\"text-align: left\">LASA M\u00fajica, LE\u00d3N.-Beasa\u00edn (Guip\u00f9zcoa), Viernes1 17-Febrero-1933.-Sevilla, Mi\u00e9rcoles 18-Junio-2003.-D. E. P.<\/p>\n<p style=\"text-align: left\">LU\u00cdS Aragon\u00e9s Su\u00e1rez.-Madrid, Jueves 28-Julio-1938.<\/p>\n<p style=\"text-align: left\">MART\u00cdNEZ Febrer, JOS\u00c9 MIGUEL.-BARCELONA, Domingo 17-Abril-1938.-MADRID (Cl\u00ednica de la Concepci\u00f3n), Jueves 28-Septiembre-1972.-D. E. P.<\/p>\n<p style=\"text-align: left\">MOLINA Soler, ANDR\u00c9S.-Elche (Alicante), Jueves 14-Marzo-1940.<\/p>\n<p style=\"text-align: left\">PAQUITO-Francisco Faleato Ochoantesana.-Santo\u00f1a (Cantabria), Jueves 20-Marzo-1941.<\/p>\n<p style=\"text-align: left\">PEP\u00cdN-Jos\u00e9 Casas Gris.-Valencia, Lunes 16-Noviembre-1931.-Las Palmas de Gran Canaria, Martes 12-Octubre-2010.-D. E. P.<\/p>\n<p style=\"text-align: left\">R\u00cdOS Fern\u00e1ndez, EUSEBIO.-Portugalete (Vizcaya), S\u00e1bado 30-Marzo-1935.-\u00cddem, S\u00e1bado 10-Mayo-2008.-D. E. P.<\/p>\n<p style=\"text-align: left\"><strong>VILLAMAR\u00cdN Prieto, BENITO-39\u00ba Presidente.-PUGA-Toen (Orense), Mi\u00e9rcoles 21-Agosto-1918.-Sevilla, 15-Agosto-1966.-D. E. P.<\/strong><\/p>\n<p style=\"text-align: center\">Vs.<\/p>\n<p style=\"text-align: center\">LEVANTE UNI\u00d3N DEPORTIVA (D\u00e9cimo Clasificado)-0 Tantos.<\/p>\n<p style=\"text-align: left\">RODRI-1-(Andr\u00e9s Rodr\u00edguez Serrano)-Portero.-Pedro C\u00c9SPEDES V\u00e1zquez (1)-ALMIR Borges De Freitas (3)-Antonio CALPE Hern\u00e1ndez (2)-Defensas.-Jos\u00e9 Mar\u00eda VIDAL Bravo (2)-Alfredo CASTELL\u00d3 Iranzo (1)-Medios.-VICTORIERO-1-(Jos\u00e9 Antonio P\u00e9rez Bacallado)-Ernesto DOM\u00cdNGUEZ Hern\u00e1ndez (3)-WANDERLEY Machado Da Silva (0)-PEP\u00cdN-0-(Jos\u00e9 S\u00e1nchez Ben\u00edtez)-SERAF\u00cdN Garc\u00eda Mu\u00f1oz (1).-Delanteros.<\/p>\n<p style=\"text-align: left\">Entrenador,\u00a0 Enrique MART\u00cdN Navarro (a) \u00abQuique\u00bb: <strong>\u00abNo tengo nada que objetar, pero&#8230; \u00a1 no esperaba a este Betis Balompi\u00e9 \u00a1\u00bb.-Ecuanimidad y parquedad en Quique\u00bb.<\/strong><\/p>\n<p style=\"text-align: center\">1962-1966.-Presidente Don Eduardo Clerigues Andreu.<\/p>\n<p style=\"text-align: left\">RESULTADOS DE LA D\u00c9CIMO S\u00c9PTIMA JORNADA LIGA PRIMERA DIVISI\u00d3N-TEMPORADA 1963-1964.-Clasificaci\u00f3n general por equipos:<\/p>\n<p style=\"text-align: center\">REAL BETIS BALOMPI\u00c9-3 vs. Levante Uni\u00f3n Deportiva-0.<\/p>\n<p style=\"text-align: center\">Valencia cf-4 vs. Sevilla cf-1.<\/p>\n<p style=\"text-align: center\">Real Madrid cf-1 vs. Elche cf-1.<\/p>\n<p style=\"text-align: center\">Real Valladolid cf-0 vs. Club Atl\u00e9tico Madrid-3.<\/p>\n<p style=\"text-align: center\">Real Murcia cf-2 vs. Real Zaragoza CD-0.<\/p>\n<p style=\"text-align: center\">C\u00f3rdoba cf-2 vs. Athl\u00e9tic Club Bilbao-0.<\/p>\n<p style=\"text-align: center\">RCD Espa\u00f1ol-2 vs. Real Oviedo-0.<\/p>\n<p style=\"text-align: center\">Pontevedra cf-0 vs. cf Barcelona-2.<\/p>\n<p style=\"text-align: center\"><a href=\"https:\/\/www.manquepierda.com\/historiarealbetis\/26017-1964-enero-19-primera-division-real-betis-balompie-3-vs-levante-ud-0\/1963-1964clasificacion17jda\/\" rel=\"attachment wp-att-26029\"><img data-recalc-dims=\"1\" loading=\"lazy\" decoding=\"async\" class=\"aligncenter size-full wp-image-26029\" alt=\"1963-1964Clasificaci\u00f3n17Jda\" src=\"https:\/\/i0.wp.com\/www.manquepierda.com\/historiarealbetis\/files\/2013\/01\/1963-1964Clasificaci%C3%B3n17Jda.jpg?resize=748%2C906&#038;ssl=1\" width=\"748\" height=\"906\" srcset=\"https:\/\/i0.wp.com\/www.manquepierda.com\/historiarealbetis\/files\/2013\/01\/1963-1964Clasificaci%C3%B3n17Jda.jpg?w=748&amp;ssl=1 748w, https:\/\/i0.wp.com\/www.manquepierda.com\/historiarealbetis\/files\/2013\/01\/1963-1964Clasificaci%C3%B3n17Jda.jpg?resize=247%2C300&amp;ssl=1 247w\" sizes=\"auto, (max-width: 748px) 100vw, 748px\" \/><\/a><\/p>\n<p style=\"text-align: left\">Colecci\u00f3n Personal.<\/p>\n<p style=\"text-align: left\">\u00abHoja del Lunes\u00bb-Sevilla, 20-Enero-1964.-Cr\u00f3nica de IGARFE: \u00abVictoria del Real Betis\u00a0 sobre el Levante, que no mostr\u00f3 peligro en su delantera\u00bb.-Entrevistas: BORBUJO.<\/p>\n","protected":false},"excerpt":{"rendered":"<p>\u00abUna buena intervenci\u00f3n de PEP\u00cdN \u00ab.-\u00abEspectacular remate de ANSOLA, pero el bal\u00f3n sali\u00f3 fuera\u00bb. Fotos Seraf\u00edn \u00abHoja del Lunes\u00bb Sevilla, 20-Enero-1964. 1964-Enero 19.-Domingo.-ESTADIO BENITO VILLAMAR\u00cdN: 17\u00aa JORNADA LIGA PRIMERA DIVISI\u00d3N-TEMPORADA 1963-1964. Arbitr\u00f3 el se\u00f1or Pintado, su labor fue deficiente al equivocarle\u00a0 en los fueras de juego sus liniers,\u00a0 esto provoc\u00f3 las protestas de los aficionados&#8230;<\/p>\n","protected":false},"author":48,"featured_media":26018,"comment_status":"open","ping_status":"open","sticky":false,"template":"","format":"standard","meta":{"_kad_post_transparent":"","_kad_post_title":"","_kad_post_layout":"","_kad_post_sidebar_id":"","_kad_post_content_style":"","_kad_post_vertical_padding":"","_kad_post_feature":"","_kad_post_feature_position":"","_kad_post_header":false,"_kad_post_footer":false,"_kad_post_classname":"","_jetpack_memberships_contains_paid_content":false,"footnotes":"","jetpack_publicize_message":"","jetpack_publicize_feature_enabled":true,"jetpack_social_post_already_shared":true,"jetpack_social_options":{"image_generator_settings":{"template":"highway","default_image_id":0,"font":"","enabled":false},"version":2}},"categories":[902,1],"tags":[5078,4033,9616,17829],"class_list":["post-26017","post","type-post","status-publish","format-standard","has-post-thumbnail","hentry","category-1960-1969","category-portada","tag-1963-64","tag-4033","tag-levante-ud","tag-liga-primera-1963-64"],"jetpack_publicize_connections":[],"jetpack_featured_media_url":"https:\/\/i0.wp.com\/www.manquepierda.com\/historiarealbetis\/files\/2013\/01\/19640119RBB3Levanteud0.jpg?fit=2167%2C1234&ssl=1","jetpack_sharing_enabled":true,"jetpack_shortlink":"https:\/\/wp.me\/p1ij08-6LD","jetpack-related-posts":[],"_links":{"self":[{"href":"https:\/\/www.manquepierda.com\/historiarealbetis\/wp-json\/wp\/v2\/posts\/26017","targetHints":{"allow":["GET"]}}],"collection":[{"href":"https:\/\/www.manquepierda.com\/historiarealbetis\/wp-json\/wp\/v2\/posts"}],"about":[{"href":"https:\/\/www.manquepierda.com\/historiarealbetis\/wp-json\/wp\/v2\/types\/post"}],"author":[{"embeddable":true,"href":"https:\/\/www.manquepierda.com\/historiarealbetis\/wp-json\/wp\/v2\/users\/48"}],"replies":[{"embeddable":true,"href":"https:\/\/www.manquepierda.com\/historiarealbetis\/wp-json\/wp\/v2\/comments?post=26017"}],"version-history":[{"count":1,"href":"https:\/\/www.manquepierda.com\/historiarealbetis\/wp-json\/wp\/v2\/posts\/26017\/revisions"}],"predecessor-version":[{"id":97147,"href":"https:\/\/www.manquepierda.com\/historiarealbetis\/wp-json\/wp\/v2\/posts\/26017\/revisions\/97147"}],"wp:featuredmedia":[{"embeddable":true,"href":"https:\/\/www.manquepierda.com\/historiarealbetis\/wp-json\/wp\/v2\/media\/26018"}],"wp:attachment":[{"href":"https:\/\/www.manquepierda.com\/historiarealbetis\/wp-json\/wp\/v2\/media?parent=26017"}],"wp:term":[{"taxonomy":"category","embeddable":true,"href":"https:\/\/www.manquepierda.com\/historiarealbetis\/wp-json\/wp\/v2\/categories?post=26017"},{"taxonomy":"post_tag","embeddable":true,"href":"https:\/\/www.manquepierda.com\/historiarealbetis\/wp-json\/wp\/v2\/tags?post=26017"}],"curies":[{"name":"wp","href":"https:\/\/api.w.org\/{rel}","templated":true}]}}