{"id":26084,"date":"2013-01-22T13:37:12","date_gmt":"2013-01-22T12:37:12","guid":{"rendered":"http:\/\/www.manquepierda.com\/historiarealbetis\/?p=26084"},"modified":"2024-08-26T20:43:10","modified_gmt":"2024-08-26T18:43:10","slug":"1950-enero-22-obsequio-cuadro-azulejos-sevillanos-bodas-oro-cf-barcelona","status":"publish","type":"post","link":"https:\/\/www.manquepierda.com\/historiarealbetis\/1950-enero-22-obsequio-cuadro-azulejos-sevillanos-bodas-oro-cf-barcelona\/","title":{"rendered":"1950-Enero 22: Obsequio cuadro azulejos sevillanos Bodas Oro CF Barcelona."},"content":{"rendered":"<p>1950-Enero 22.-Domingo se celebr\u00f3 un acto \u00edntimo preparado por la directiva del Real Betis Balompi\u00e9 en honor del Club de F\u00fatbol Barcelona para hacer entrega del valioso cuadro de azulejos sevillanos que el club verdiblanco hab\u00eda mandado a realizar para obsequiar al club catal\u00e1n con motivo de sus bodas de oro.<\/p>\n<p>Con \u00e9ste motivo se reunieron\u00a0 en el \u00abhall\u00bb del c\u00e9ntrico hotel donde se hospedaban los jugadores y delegados catalanes concentrados para el partido de Liga Primera Divisi\u00f3n 1949-1950 (Sevilla cf-5 vs. CF Barcelona-2), los directivos del Betis Balompi\u00e9:<\/p>\n<p><a href=\"https:\/\/www.manquepierda.com\/historiarealbetis\/26056-1950-enero-22-3adivision5ogrupo-larache-cf-1-vs-real-betis-balompie-1\/pascual-aparicio-garcia-1-9\/\" rel=\"attachment wp-att-26062\"><img data-recalc-dims=\"1\" loading=\"lazy\" decoding=\"async\" class=\"alignleft size-full wp-image-26062\" alt=\"Pascual Aparicio Garc\u00eda.1\" src=\"https:\/\/i0.wp.com\/www.manquepierda.com\/historiarealbetis\/files\/2013\/01\/Pascual-Aparicio-Garc%C3%ADa.1.jpg?resize=326%2C382&#038;ssl=1\" width=\"326\" height=\"382\" srcset=\"https:\/\/i0.wp.com\/www.manquepierda.com\/historiarealbetis\/files\/2013\/01\/Pascual-Aparicio-Garc%C3%ADa.1.jpg?w=326&amp;ssl=1 326w, https:\/\/i0.wp.com\/www.manquepierda.com\/historiarealbetis\/files\/2013\/01\/Pascual-Aparicio-Garc%C3%ADa.1.jpg?resize=256%2C300&amp;ssl=1 256w\" sizes=\"auto, (max-width: 326px) 100vw, 326px\" \/><\/a>Don Pascual Aparicio Garc\u00eda-Presidente-y se\u00f1ores don Evaristo P\u00e9rez Cort\u00e9s,\u00a0 don Jos\u00e9 Rodr\u00edguez De Caso,\u00a0 don Antonio Ruiz Mu\u00f1oz,\u00a0 don Mariano Ben\u00edtez Alcal\u00e1\u00a0 y\u00a0 don Alfonso Jaramillo Gonz\u00e1lez.<\/p>\n<p><a href=\"https:\/\/www.manquepierda.com\/historiarealbetis\/26084-1950-enero-22-obsequio-cuadro-azulejos-sevillanos-bodas-oro-cf-barcelona\/n_f_c_barcelona_fondos-826356\/\" rel=\"attachment wp-att-26087\"><img data-recalc-dims=\"1\" loading=\"lazy\" decoding=\"async\" class=\"aligncenter size-medium wp-image-26087\" alt=\"n_f_c_barcelona_fondos-826356\" src=\"https:\/\/i0.wp.com\/www.manquepierda.com\/historiarealbetis\/files\/2013\/01\/n_f_c_barcelona_fondos-826356.jpg?resize=209%2C300&#038;ssl=1\" width=\"209\" height=\"300\" srcset=\"https:\/\/i0.wp.com\/www.manquepierda.com\/historiarealbetis\/files\/2013\/01\/n_f_c_barcelona_fondos-826356.jpg?resize=209%2C300&amp;ssl=1 209w, https:\/\/i0.wp.com\/www.manquepierda.com\/historiarealbetis\/files\/2013\/01\/n_f_c_barcelona_fondos-826356.jpg?w=400&amp;ssl=1 400w\" sizes=\"auto, (max-width: 209px) 100vw, 209px\" \/><\/a><\/p>\n<p style=\"text-align: center\">Qui\u00e9nes fueron recibidos por el delegado del cf Barcelona don Francisco Naud\u00f3n; preparador se\u00f1or Fern\u00e1ndez, y jugadores cul\u00e9s.<\/p>\n<p style=\"text-align: left\">En el mismo \u00abhall\u00bb se hizo entrega de tan valiosa joya de la cer\u00e1mica sevillana,\u00a0 consistente en el aludido cuadro cer\u00e1mico,\u00a0 de m\u00e1s de un metro de altura por treinta cent\u00edmetros de ancho,\u00a0 en el que se recoge una perspectiva de la Giralda,\u00a0 enmarcada por una bella greca,\u00a0 los escudos de:<\/p>\n<p style=\"text-align: center\"><a href=\"https:\/\/www.manquepierda.com\/historiarealbetis\/26084-1950-enero-22-obsequio-cuadro-azulejos-sevillanos-bodas-oro-cf-barcelona\/471px-escudo_de_sevilla-svg\/\" rel=\"attachment wp-att-26088\"><img data-recalc-dims=\"1\" loading=\"lazy\" decoding=\"async\" class=\"size-medium wp-image-26088\" alt=\"471px-Escudo_de_Sevilla.svg\" src=\"https:\/\/i0.wp.com\/www.manquepierda.com\/historiarealbetis\/files\/2013\/01\/471px-Escudo_de_Sevilla.svg_.png?resize=235%2C300&#038;ssl=1\" width=\"235\" height=\"300\" srcset=\"https:\/\/i0.wp.com\/www.manquepierda.com\/historiarealbetis\/files\/2013\/01\/471px-Escudo_de_Sevilla.svg_.png?resize=235%2C300&amp;ssl=1 235w, https:\/\/i0.wp.com\/www.manquepierda.com\/historiarealbetis\/files\/2013\/01\/471px-Escudo_de_Sevilla.svg_.png?w=471&amp;ssl=1 471w\" sizes=\"auto, (max-width: 235px) 100vw, 235px\" \/><a href=\"https:\/\/www.manquepierda.com\/historiarealbetis\/?attachment_id=26089\" rel=\"attachment wp-att-26089\"><img data-recalc-dims=\"1\" loading=\"lazy\" decoding=\"async\" class=\"alignleft size-full wp-image-26089\" alt=\"1941-RBB\" src=\"https:\/\/i0.wp.com\/www.manquepierda.com\/historiarealbetis\/files\/2013\/01\/1941-RBB2.jpg?resize=154%2C154&#038;ssl=1\" width=\"154\" height=\"154\" srcset=\"https:\/\/i0.wp.com\/www.manquepierda.com\/historiarealbetis\/files\/2013\/01\/1941-RBB2.jpg?w=154&amp;ssl=1 154w, https:\/\/i0.wp.com\/www.manquepierda.com\/historiarealbetis\/files\/2013\/01\/1941-RBB2.jpg?resize=150%2C150&amp;ssl=1 150w, https:\/\/i0.wp.com\/www.manquepierda.com\/historiarealbetis\/files\/2013\/01\/1941-RBB2.jpg?resize=50%2C50&amp;ssl=1 50w\" sizes=\"auto, (max-width: 154px) 100vw, 154px\" \/><\/a><a href=\"https:\/\/www.manquepierda.com\/historiarealbetis\/26084-1950-enero-22-obsequio-cuadro-azulejos-sevillanos-bodas-oro-cf-barcelona\/escudo_fc-barcelona_07\/\" rel=\"attachment wp-att-26090\"><img data-recalc-dims=\"1\" loading=\"lazy\" decoding=\"async\" class=\"alignright size-full wp-image-26090\" alt=\"escudo_fc-barcelona_07\" src=\"https:\/\/i0.wp.com\/www.manquepierda.com\/historiarealbetis\/files\/2013\/01\/escudo_fc-barcelona_07.jpg?resize=199%2C208&#038;ssl=1\" width=\"199\" height=\"208\" \/><\/a><\/a><\/p>\n<p style=\"text-align: left\">Y en su parte inferior una vista del Guadalquivir,\u00a0 con la Torre del Oro al fondo, y en la parte opuesta el monumento a Col\u00f3n con la siguiente inscripci\u00f3n:<\/p>\n<p style=\"text-align: center\"><em><strong>\u00abEl Real Betis Balompi\u00e9 al Barcelona Club de F\u00fatbol en sus bodas de oro.\u00a0 A\u00f1o 1949\u00bb.<\/strong><\/em><\/p>\n<p style=\"text-align: left\">La entrega la efectu\u00f3 el se\u00f1or Aparicio, quien dedic\u00f3 en breves palabras un emocionante saludo al club catal\u00e1n y a aquella afici\u00f3n.<\/p>\n<p style=\"text-align: left\">Le contest\u00f3 el se\u00f1or Naud\u00f3n,\u00a0 quien dijo,\u00a0 entre otras cosas,\u00a0 que una de las mayores satisfacciones que el club azulgrana pod\u00eda tener era venir a jugar dentro de dos temporadas uno de los encuentros de la Liga en Heli\u00f3polis contra el Real Betis Balompi\u00e9.<\/p>\n<p style=\"text-align: left\">El acto se termin\u00f3 con v\u00edtores al Betis Balompi\u00e9 y al Barcelona,\u00a0 entusi\u00e1sticamente contestados por cuantos concurr\u00edan al sencillo y fraternal acto\u00bb.<\/p>\n<p style=\"text-align: left\">Colecci\u00f3n Personal.<\/p>\n<p style=\"text-align: left\">ABC-Edici\u00f3n Andaluc\u00eda-Sevilla, Martes 24-Enero-1950.<\/p>\n<p>&nbsp;<\/p>\n","protected":false},"excerpt":{"rendered":"<p>1950-Enero 22.-Domingo se celebr\u00f3 un acto \u00edntimo preparado por la directiva del Real Betis Balompi\u00e9 en honor del Club de F\u00fatbol Barcelona para hacer entrega del valioso cuadro de azulejos sevillanos que el club verdiblanco hab\u00eda mandado a realizar para obsequiar al club catal\u00e1n con motivo de sus bodas de oro. Con \u00e9ste motivo se&#8230;<\/p>\n","protected":false},"author":48,"featured_media":26062,"comment_status":"open","ping_status":"open","sticky":false,"template":"","format":"standard","meta":{"_kad_post_transparent":"","_kad_post_title":"","_kad_post_layout":"","_kad_post_sidebar_id":"","_kad_post_content_style":"","_kad_post_vertical_padding":"","_kad_post_feature":"","_kad_post_feature_position":"","_kad_post_header":false,"_kad_post_footer":false,"_kad_post_classname":"","_jetpack_memberships_contains_paid_content":false,"footnotes":"","jetpack_publicize_message":"","jetpack_publicize_feature_enabled":true,"jetpack_social_post_already_shared":true,"jetpack_social_options":{"image_generator_settings":{"template":"highway","default_image_id":0,"font":"","enabled":false},"version":2}},"categories":[901,891,1],"tags":[2661,11987,1154],"class_list":["post-26084","post","type-post","status-publish","format-standard","has-post-thumbnail","hentry","category-1950-1959","category-directivos-temas","category-portada","tag-2661","tag-bodas-de-oro-cf-barcelona-1949-1950","tag-fc-barcelona"],"jetpack_publicize_connections":[],"jetpack_featured_media_url":"https:\/\/i0.wp.com\/www.manquepierda.com\/historiarealbetis\/files\/2013\/01\/Pascual-Aparicio-Garc%C3%ADa.1.jpg?fit=326%2C382&ssl=1","jetpack_sharing_enabled":true,"jetpack_shortlink":"https:\/\/wp.me\/p1ij08-6MI","jetpack-related-posts":[],"_links":{"self":[{"href":"https:\/\/www.manquepierda.com\/historiarealbetis\/wp-json\/wp\/v2\/posts\/26084","targetHints":{"allow":["GET"]}}],"collection":[{"href":"https:\/\/www.manquepierda.com\/historiarealbetis\/wp-json\/wp\/v2\/posts"}],"about":[{"href":"https:\/\/www.manquepierda.com\/historiarealbetis\/wp-json\/wp\/v2\/types\/post"}],"author":[{"embeddable":true,"href":"https:\/\/www.manquepierda.com\/historiarealbetis\/wp-json\/wp\/v2\/users\/48"}],"replies":[{"embeddable":true,"href":"https:\/\/www.manquepierda.com\/historiarealbetis\/wp-json\/wp\/v2\/comments?post=26084"}],"version-history":[{"count":1,"href":"https:\/\/www.manquepierda.com\/historiarealbetis\/wp-json\/wp\/v2\/posts\/26084\/revisions"}],"predecessor-version":[{"id":97446,"href":"https:\/\/www.manquepierda.com\/historiarealbetis\/wp-json\/wp\/v2\/posts\/26084\/revisions\/97446"}],"wp:featuredmedia":[{"embeddable":true,"href":"https:\/\/www.manquepierda.com\/historiarealbetis\/wp-json\/wp\/v2\/media\/26062"}],"wp:attachment":[{"href":"https:\/\/www.manquepierda.com\/historiarealbetis\/wp-json\/wp\/v2\/media?parent=26084"}],"wp:term":[{"taxonomy":"category","embeddable":true,"href":"https:\/\/www.manquepierda.com\/historiarealbetis\/wp-json\/wp\/v2\/categories?post=26084"},{"taxonomy":"post_tag","embeddable":true,"href":"https:\/\/www.manquepierda.com\/historiarealbetis\/wp-json\/wp\/v2\/tags?post=26084"}],"curies":[{"name":"wp","href":"https:\/\/api.w.org\/{rel}","templated":true}]}}